{"id":10414,"date":"2015-03-08T14:20:10","date_gmt":"2015-03-08T19:20:10","guid":{"rendered":"http:\/\/publication-evangelique.com\/?p=10414"},"modified":"2017-08-07T07:46:44","modified_gmt":"2017-08-07T12:46:44","slug":"emission-radio-evangelique-du-6-mars-2015","status":"publish","type":"post","link":"https:\/\/publication-evangelique.com\/?p=10414","title":{"rendered":"\u00c9mission Radio \u00c9vang\u00e9lique du 6 mars 2015"},"content":{"rendered":"<h3>Que dit la Bible sur la pri\u00e8re? &#8211; 5e partie<\/h3>\n<p><audio controls= \" controls \" preload= \" none \" style= \" width:480px; \" src= \" https:\/\/publication-evangelique.com\/media\/radioevangelique\/24\/REemi163.mp3 \" ><\/audio><br \/>\n<strong>T\u00e9l\u00e9charger &#8211;&gt; <\/strong><a href= \" https:\/\/publication-evangelique.com\/media\/radioevangelique\/24\/REemi163.mp3 \" >MP3<\/a><br \/>\n&nbsp;<\/p>\n<p><strong>Quel genre de pri\u00e8re peut-on pr\u00e9senter?<br \/>\n<a href= \" https:\/\/bible.publication-evangelique.com\/1-timothee#2.1 \" target= \" _blank \" >1 Timoth\u00e9e 2:1<\/a><\/strong> J\u2019exhorte donc, avant toutes choses, \u00e0 faire des pri\u00e8res, des supplications, des requ\u00eates (converser, conf\u00e9rence), des Actions de gr\u00e2ces, pour tous les hommes,<\/p>\n<p><strong><a href= \" https:\/\/bible.publication-evangelique.com\/jacques#5.16 \" target= \" _blank \" >Jacques 5:16<\/a><\/strong> &#8230;La pri\u00e8re fervente (\u00e9nergique) du juste a une grande efficace.<\/p>\n<p><strong><a href= \" https:\/\/bible.publication-evangelique.com\/jacques#1.6 \" target= \" _blank \" >Jacques 1:6<\/a><\/strong> Mais qu\u2019il la demande avec foi, sans douter; car celui qui doute est semblable au flot de la mer, agit\u00e9 par le vent et pouss\u00e9 de c\u00f4t\u00e9 et d\u2019autre. <!--more--><\/p>\n<p><strong><a href= \" https:\/\/bible.publication-evangelique.com\/luc#22.44 \" target= \" _blank \" >Luc 22:44<\/a><\/strong> \u00c9tant en agonie, il priait plus instamment (s\u00e9rieusement) et sa sueur devint comme des grumeaux de sang, qui tombaient \u00e0 terre.<\/p>\n<p><strong><a href= \" https:\/\/bible.publication-evangelique.com\/matthieu#17.21 \" target= \" _blank \" >Mathieu 17:21<\/a><\/strong> Mais cette sorte de d\u00e9mon ne sort que par la pri\u00e8re et par le je\u00fbne.<\/p>\n<p>&#8212;&#8212;&#8212;&#8212;&#8212;<\/p>\n<p>Daniel Poulin<br \/>\n<a title= \" Publication \u00c9vang\u00e9lique \" href= \" https:\/\/publication-evangelique.com \" target= \" _blank \" >https:\/\/publication-evangelique.com<\/a><\/p>\n<p>Toutes <strong>les archives<\/strong> des \u00e9missions 2015 sont gard\u00e9es sur le site <a title= \" Publication \u00c9vang\u00e9lique \" href= \" https:\/\/publication-evangelique.com\/?page_id=10300 \" target= \" _blank \" >https:\/\/publication-evangelique.com\/?page_id=10300<\/a><\/p>\n<p><strong>Adresse de ce blogue :<\/strong> <a href= \" https:\/\/publication-evangelique.com\/?p=10414 \" > https:\/\/publication-evangelique.com\/?p=10414<\/a><\/p>\n","protected":false},"excerpt":{"rendered":"<p>\u00c9couter chaque semaine l&rsquo;\u00e9mission \u00a0\u00bb Radio \u00c9vang\u00e9lique \u00a0\u00bb ! Voici l&rsquo;\u00e9mission du 6 mars 2015 : \u00a0\u00bb Que dit la Bible sur la pri\u00e8re \u00a0\u00bb &#8211; 5e partie<\/p>\n <a class=\"more-link\" href=\"https:\/\/publication-evangelique.com\/?p=10414\"><span class=\"more-msg\">Lire la suite &rarr;<\/span><\/a>","protected":false},"author":1,"featured_media":13199,"comment_status":"open","ping_status":"open","sticky":false,"template":"","format":"standard","meta":{"footnotes":""},"categories":[355],"tags":[351,356,352],"class_list":["post-10414","post","type-post","status-publish","format-standard","has-post-thumbnail","hentry","category-radio-evangelique","tag-emission","tag-evangelique","tag-radio"],"yoast_head":"<!-- This site is optimized with the Yoast SEO plugin v27.4 - https:\/\/yoast.com\/product\/yoast-seo-wordpress\/ -->\n<title>\u00c9mission Radio \u00c9vang\u00e9lique du 6 mars 2015 - Publication \u00c9vang\u00e9lique<\/title>\n<meta name=\"description\" content=\"\u00c9couter chaque semaine l&#039;\u00e9mission &quot;Radio \u00c9vang\u00e9lique&quot;! Voici l&#039;\u00e9mission du 6 mars 2015 : &quot;Que dit la Bible sur la pri\u00e8re?&quot; - 5e partie\" \/>\n<meta name=\"robots\" content=\"index, follow, max-snippet:-1, max-image-preview:large, max-video-preview:-1\" \/>\n<link rel=\"canonical\" href=\"https:\/\/publication-evangelique.com\/?p=10414\" \/>\n<meta property=\"og:locale\" content=\"fr_FR\" \/>\n<meta property=\"og:type\" content=\"article\" \/>\n<meta property=\"og:title\" content=\"\u00c9mission Radio \u00c9vang\u00e9lique du 6 mars 2015 - Publication \u00c9vang\u00e9lique\" \/>\n<meta property=\"og:description\" content=\"\u00c9couter chaque semaine l&#039;\u00e9mission &quot;Radio \u00c9vang\u00e9lique&quot;! Voici l&#039;\u00e9mission du 6 mars 2015 : &quot;Que dit la Bible sur la pri\u00e8re?&quot; - 5e partie\" \/>\n<meta property=\"og:url\" content=\"https:\/\/publication-evangelique.com\/?p=10414\" \/>\n<meta property=\"og:site_name\" content=\"Publication \u00c9vang\u00e9lique\" \/>\n<meta property=\"article:publisher\" content=\"https:\/\/www.facebook.com\/danielpoulin75\" \/>\n<meta property=\"article:author\" content=\"https:\/\/www.facebook.com\/danielpoulin75\" \/>\n<meta property=\"article:published_time\" content=\"2015-03-08T19:20:10+00:00\" \/>\n<meta property=\"article:modified_time\" content=\"2017-08-07T12:46:44+00:00\" \/>\n<meta property=\"og:image\" content=\"https:\/\/publication-evangelique.com\/wp-content\/uploads\/radioevangelique.jpg\" \/>\n\t<meta property=\"og:image:width\" content=\"1280\" \/>\n\t<meta property=\"og:image:height\" content=\"960\" \/>\n\t<meta property=\"og:image:type\" content=\"image\/jpeg\" \/>\n<meta name=\"author\" content=\"Daniel Poulin\" \/>\n<meta name=\"twitter:label1\" content=\"\u00c9crit par\" \/>\n\t<meta name=\"twitter:data1\" content=\"Daniel Poulin\" \/>\n\t<meta name=\"twitter:label2\" content=\"Dur\u00e9e de lecture estim\u00e9e\" \/>\n\t<meta name=\"twitter:data2\" content=\"1 minute\" \/>\n<script type=\"application\/ld+json\" class=\"yoast-schema-graph\">{\"@context\":\"https:\\\/\\\/schema.org\",\"@graph\":[{\"@type\":\"Article\",\"@id\":\"https:\\\/\\\/publication-evangelique.com\\\/?p=10414#article\",\"isPartOf\":{\"@id\":\"https:\\\/\\\/publication-evangelique.com\\\/?p=10414\"},\"author\":{\"name\":\"Daniel Poulin\",\"@id\":\"https:\\\/\\\/publication-evangelique.com\\\/#\\\/schema\\\/person\\\/a7aa86223ca614c8c1a737d18c95460c\"},\"headline\":\"\u00c9mission Radio \u00c9vang\u00e9lique du 6 mars 2015\",\"datePublished\":\"2015-03-08T19:20:10+00:00\",\"dateModified\":\"2017-08-07T12:46:44+00:00\",\"mainEntityOfPage\":{\"@id\":\"https:\\\/\\\/publication-evangelique.com\\\/?p=10414\"},\"wordCount\":177,\"commentCount\":0,\"publisher\":{\"@id\":\"https:\\\/\\\/publication-evangelique.com\\\/#\\\/schema\\\/person\\\/a7aa86223ca614c8c1a737d18c95460c\"},\"image\":{\"@id\":\"https:\\\/\\\/publication-evangelique.com\\\/?p=10414#primaryimage\"},\"thumbnailUrl\":\"https:\\\/\\\/publication-evangelique.com\\\/wp-content\\\/uploads\\\/radioevangelique.jpg\",\"keywords\":[\"\u00e9mission\",\"\u00e9vang\u00e9lique\",\"radio\"],\"articleSection\":[\"Radio \u00c9vang\u00e9lique\"],\"inLanguage\":\"fr-FR\"},{\"@type\":\"WebPage\",\"@id\":\"https:\\\/\\\/publication-evangelique.com\\\/?p=10414\",\"url\":\"https:\\\/\\\/publication-evangelique.com\\\/?p=10414\",\"name\":\"\u00c9mission Radio \u00c9vang\u00e9lique du 6 mars 2015 - Publication \u00c9vang\u00e9lique\",\"isPartOf\":{\"@id\":\"https:\\\/\\\/publication-evangelique.com\\\/#website\"},\"primaryImageOfPage\":{\"@id\":\"https:\\\/\\\/publication-evangelique.com\\\/?p=10414#primaryimage\"},\"image\":{\"@id\":\"https:\\\/\\\/publication-evangelique.com\\\/?p=10414#primaryimage\"},\"thumbnailUrl\":\"https:\\\/\\\/publication-evangelique.com\\\/wp-content\\\/uploads\\\/radioevangelique.jpg\",\"datePublished\":\"2015-03-08T19:20:10+00:00\",\"dateModified\":\"2017-08-07T12:46:44+00:00\",\"description\":\"\u00c9couter chaque semaine l'\u00e9mission \\\"Radio \u00c9vang\u00e9lique\\\"! Voici l'\u00e9mission du 6 mars 2015 : \\\"Que dit la Bible sur la pri\u00e8re?\\\" - 5e partie\",\"breadcrumb\":{\"@id\":\"https:\\\/\\\/publication-evangelique.com\\\/?p=10414#breadcrumb\"},\"inLanguage\":\"fr-FR\",\"potentialAction\":[{\"@type\":\"ReadAction\",\"target\":[\"https:\\\/\\\/publication-evangelique.com\\\/?p=10414\"]}]},{\"@type\":\"ImageObject\",\"inLanguage\":\"fr-FR\",\"@id\":\"https:\\\/\\\/publication-evangelique.com\\\/?p=10414#primaryimage\",\"url\":\"https:\\\/\\\/publication-evangelique.com\\\/wp-content\\\/uploads\\\/radioevangelique.jpg\",\"contentUrl\":\"https:\\\/\\\/publication-evangelique.com\\\/wp-content\\\/uploads\\\/radioevangelique.jpg\",\"width\":1280,\"height\":960},{\"@type\":\"BreadcrumbList\",\"@id\":\"https:\\\/\\\/publication-evangelique.com\\\/?p=10414#breadcrumb\",\"itemListElement\":[{\"@type\":\"ListItem\",\"position\":1,\"name\":\"Accueil\",\"item\":\"https:\\\/\\\/publication-evangelique.com\\\/\"},{\"@type\":\"ListItem\",\"position\":2,\"name\":\"\u00c9mission Radio \u00c9vang\u00e9lique du 6 mars 2015\"}]},{\"@type\":\"WebSite\",\"@id\":\"https:\\\/\\\/publication-evangelique.com\\\/#website\",\"url\":\"https:\\\/\\\/publication-evangelique.com\\\/\",\"name\":\"Daniel Poulin - publication-evangelique.com\",\"description\":\"Daniel Poulin\",\"publisher\":{\"@id\":\"https:\\\/\\\/publication-evangelique.com\\\/#\\\/schema\\\/person\\\/a7aa86223ca614c8c1a737d18c95460c\"},\"potentialAction\":[{\"@type\":\"SearchAction\",\"target\":{\"@type\":\"EntryPoint\",\"urlTemplate\":\"https:\\\/\\\/publication-evangelique.com\\\/?s={search_term_string}\"},\"query-input\":{\"@type\":\"PropertyValueSpecification\",\"valueRequired\":true,\"valueName\":\"search_term_string\"}}],\"inLanguage\":\"fr-FR\"},{\"@type\":[\"Person\",\"Organization\"],\"@id\":\"https:\\\/\\\/publication-evangelique.com\\\/#\\\/schema\\\/person\\\/a7aa86223ca614c8c1a737d18c95460c\",\"name\":\"Daniel Poulin\",\"image\":{\"@type\":\"ImageObject\",\"inLanguage\":\"fr-FR\",\"@id\":\"https:\\\/\\\/publication-evangelique.com\\\/wp-content\\\/uploads\\\/daniel5-1.jpg\",\"url\":\"https:\\\/\\\/publication-evangelique.com\\\/wp-content\\\/uploads\\\/daniel5-1.jpg\",\"contentUrl\":\"https:\\\/\\\/publication-evangelique.com\\\/wp-content\\\/uploads\\\/daniel5-1.jpg\",\"width\":833,\"height\":969,\"caption\":\"Daniel Poulin\"},\"logo\":{\"@id\":\"https:\\\/\\\/publication-evangelique.com\\\/wp-content\\\/uploads\\\/daniel5-1.jpg\"},\"description\":\"Bonjour, ici Daniel Poulin! Je suis un chr\u00e9tien n\u00e9 de nouveau depuis 1980, ayant parcouru un cheminement avec le Seigneur J\u00e9sus-Christ, j'ai construit ce site afin de partager mes connaissances de la parole de Dieu \\\" La Bible \\\" Je travaille aussi au d\u00e9veloppement de la station de radio chr\u00e9tienne fran\u00e7aise \u00e0 Montr\u00e9al, \\\" La Radio Gospel \\\" que vous pouvez voir ici http:\\\/\\\/laradiogospel.ca Je fr\u00e9quente aussi une \u00e9glise, dont je pr\u00eache et j\u2019enseigne la parole de Dieu. La communaut\u00e9 \u00c9vang\u00e9lique de l'Agneau \\\" , voici l'adresse, http:\\\/\\\/communauteevangelique.ca\\\/\",\"sameAs\":[\"https:\\\/\\\/publication-evangelique.com\",\"https:\\\/\\\/www.facebook.com\\\/danielpoulin75\",\"https:\\\/\\\/www.linkedin.com\\\/in\\\/daniel-poulin-64614745\\\/\",\"https:\\\/\\\/x.com\\\/https:\\\/\\\/twitter.com\\\/Daniel_Poulin\",\"https:\\\/\\\/www.youtube.com\\\/user\\\/danielpoulin75\\\/videos\"]}]}<\/script>\n<!-- \/ Yoast SEO plugin. -->","yoast_head_json":{"title":"\u00c9mission Radio \u00c9vang\u00e9lique du 6 mars 2015 - Publication \u00c9vang\u00e9lique","description":"\u00c9couter chaque semaine l'\u00e9mission \"Radio \u00c9vang\u00e9lique\"! Voici l'\u00e9mission du 6 mars 2015 : \"Que dit la Bible sur la pri\u00e8re?\" - 5e partie","robots":{"index":"index","follow":"follow","max-snippet":"max-snippet:-1","max-image-preview":"max-image-preview:large","max-video-preview":"max-video-preview:-1"},"canonical":"https:\/\/publication-evangelique.com\/?p=10414","og_locale":"fr_FR","og_type":"article","og_title":"\u00c9mission Radio \u00c9vang\u00e9lique du 6 mars 2015 - Publication \u00c9vang\u00e9lique","og_description":"\u00c9couter chaque semaine l'\u00e9mission \"Radio \u00c9vang\u00e9lique\"! Voici l'\u00e9mission du 6 mars 2015 : \"Que dit la Bible sur la pri\u00e8re?\" - 5e partie","og_url":"https:\/\/publication-evangelique.com\/?p=10414","og_site_name":"Publication \u00c9vang\u00e9lique","article_publisher":"https:\/\/www.facebook.com\/danielpoulin75","article_author":"https:\/\/www.facebook.com\/danielpoulin75","article_published_time":"2015-03-08T19:20:10+00:00","article_modified_time":"2017-08-07T12:46:44+00:00","og_image":[{"width":1280,"height":960,"url":"https:\/\/publication-evangelique.com\/wp-content\/uploads\/radioevangelique.jpg","type":"image\/jpeg"}],"author":"Daniel Poulin","twitter_misc":{"\u00c9crit par":"Daniel Poulin","Dur\u00e9e de lecture estim\u00e9e":"1 minute"},"schema":{"@context":"https:\/\/schema.org","@graph":[{"@type":"Article","@id":"https:\/\/publication-evangelique.com\/?p=10414#article","isPartOf":{"@id":"https:\/\/publication-evangelique.com\/?p=10414"},"author":{"name":"Daniel Poulin","@id":"https:\/\/publication-evangelique.com\/#\/schema\/person\/a7aa86223ca614c8c1a737d18c95460c"},"headline":"\u00c9mission Radio \u00c9vang\u00e9lique du 6 mars 2015","datePublished":"2015-03-08T19:20:10+00:00","dateModified":"2017-08-07T12:46:44+00:00","mainEntityOfPage":{"@id":"https:\/\/publication-evangelique.com\/?p=10414"},"wordCount":177,"commentCount":0,"publisher":{"@id":"https:\/\/publication-evangelique.com\/#\/schema\/person\/a7aa86223ca614c8c1a737d18c95460c"},"image":{"@id":"https:\/\/publication-evangelique.com\/?p=10414#primaryimage"},"thumbnailUrl":"https:\/\/publication-evangelique.com\/wp-content\/uploads\/radioevangelique.jpg","keywords":["\u00e9mission","\u00e9vang\u00e9lique","radio"],"articleSection":["Radio \u00c9vang\u00e9lique"],"inLanguage":"fr-FR"},{"@type":"WebPage","@id":"https:\/\/publication-evangelique.com\/?p=10414","url":"https:\/\/publication-evangelique.com\/?p=10414","name":"\u00c9mission Radio \u00c9vang\u00e9lique du 6 mars 2015 - Publication \u00c9vang\u00e9lique","isPartOf":{"@id":"https:\/\/publication-evangelique.com\/#website"},"primaryImageOfPage":{"@id":"https:\/\/publication-evangelique.com\/?p=10414#primaryimage"},"image":{"@id":"https:\/\/publication-evangelique.com\/?p=10414#primaryimage"},"thumbnailUrl":"https:\/\/publication-evangelique.com\/wp-content\/uploads\/radioevangelique.jpg","datePublished":"2015-03-08T19:20:10+00:00","dateModified":"2017-08-07T12:46:44+00:00","description":"\u00c9couter chaque semaine l'\u00e9mission \"Radio \u00c9vang\u00e9lique\"! Voici l'\u00e9mission du 6 mars 2015 : \"Que dit la Bible sur la pri\u00e8re?\" - 5e partie","breadcrumb":{"@id":"https:\/\/publication-evangelique.com\/?p=10414#breadcrumb"},"inLanguage":"fr-FR","potentialAction":[{"@type":"ReadAction","target":["https:\/\/publication-evangelique.com\/?p=10414"]}]},{"@type":"ImageObject","inLanguage":"fr-FR","@id":"https:\/\/publication-evangelique.com\/?p=10414#primaryimage","url":"https:\/\/publication-evangelique.com\/wp-content\/uploads\/radioevangelique.jpg","contentUrl":"https:\/\/publication-evangelique.com\/wp-content\/uploads\/radioevangelique.jpg","width":1280,"height":960},{"@type":"BreadcrumbList","@id":"https:\/\/publication-evangelique.com\/?p=10414#breadcrumb","itemListElement":[{"@type":"ListItem","position":1,"name":"Accueil","item":"https:\/\/publication-evangelique.com\/"},{"@type":"ListItem","position":2,"name":"\u00c9mission Radio \u00c9vang\u00e9lique du 6 mars 2015"}]},{"@type":"WebSite","@id":"https:\/\/publication-evangelique.com\/#website","url":"https:\/\/publication-evangelique.com\/","name":"Daniel Poulin - publication-evangelique.com","description":"Daniel Poulin","publisher":{"@id":"https:\/\/publication-evangelique.com\/#\/schema\/person\/a7aa86223ca614c8c1a737d18c95460c"},"potentialAction":[{"@type":"SearchAction","target":{"@type":"EntryPoint","urlTemplate":"https:\/\/publication-evangelique.com\/?s={search_term_string}"},"query-input":{"@type":"PropertyValueSpecification","valueRequired":true,"valueName":"search_term_string"}}],"inLanguage":"fr-FR"},{"@type":["Person","Organization"],"@id":"https:\/\/publication-evangelique.com\/#\/schema\/person\/a7aa86223ca614c8c1a737d18c95460c","name":"Daniel Poulin","image":{"@type":"ImageObject","inLanguage":"fr-FR","@id":"https:\/\/publication-evangelique.com\/wp-content\/uploads\/daniel5-1.jpg","url":"https:\/\/publication-evangelique.com\/wp-content\/uploads\/daniel5-1.jpg","contentUrl":"https:\/\/publication-evangelique.com\/wp-content\/uploads\/daniel5-1.jpg","width":833,"height":969,"caption":"Daniel Poulin"},"logo":{"@id":"https:\/\/publication-evangelique.com\/wp-content\/uploads\/daniel5-1.jpg"},"description":"Bonjour, ici Daniel Poulin! Je suis un chr\u00e9tien n\u00e9 de nouveau depuis 1980, ayant parcouru un cheminement avec le Seigneur J\u00e9sus-Christ, j'ai construit ce site afin de partager mes connaissances de la parole de Dieu \" La Bible \" Je travaille aussi au d\u00e9veloppement de la station de radio chr\u00e9tienne fran\u00e7aise \u00e0 Montr\u00e9al, \" La Radio Gospel \" que vous pouvez voir ici http:\/\/laradiogospel.ca Je fr\u00e9quente aussi une \u00e9glise, dont je pr\u00eache et j\u2019enseigne la parole de Dieu. La communaut\u00e9 \u00c9vang\u00e9lique de l'Agneau \" , voici l'adresse, http:\/\/communauteevangelique.ca\/","sameAs":["https:\/\/publication-evangelique.com","https:\/\/www.facebook.com\/danielpoulin75","https:\/\/www.linkedin.com\/in\/daniel-poulin-64614745\/","https:\/\/x.com\/https:\/\/twitter.com\/Daniel_Poulin","https:\/\/www.youtube.com\/user\/danielpoulin75\/videos"]}]}},"_links":{"self":[{"href":"https:\/\/publication-evangelique.com\/index.php?rest_route=\/wp\/v2\/posts\/10414","targetHints":{"allow":["GET"]}}],"collection":[{"href":"https:\/\/publication-evangelique.com\/index.php?rest_route=\/wp\/v2\/posts"}],"about":[{"href":"https:\/\/publication-evangelique.com\/index.php?rest_route=\/wp\/v2\/types\/post"}],"author":[{"embeddable":true,"href":"https:\/\/publication-evangelique.com\/index.php?rest_route=\/wp\/v2\/users\/1"}],"replies":[{"embeddable":true,"href":"https:\/\/publication-evangelique.com\/index.php?rest_route=%2Fwp%2Fv2%2Fcomments&post=10414"}],"version-history":[{"count":0,"href":"https:\/\/publication-evangelique.com\/index.php?rest_route=\/wp\/v2\/posts\/10414\/revisions"}],"wp:featuredmedia":[{"embeddable":true,"href":"https:\/\/publication-evangelique.com\/index.php?rest_route=\/wp\/v2\/media\/13199"}],"wp:attachment":[{"href":"https:\/\/publication-evangelique.com\/index.php?rest_route=%2Fwp%2Fv2%2Fmedia&parent=10414"}],"wp:term":[{"taxonomy":"category","embeddable":true,"href":"https:\/\/publication-evangelique.com\/index.php?rest_route=%2Fwp%2Fv2%2Fcategories&post=10414"},{"taxonomy":"post_tag","embeddable":true,"href":"https:\/\/publication-evangelique.com\/index.php?rest_route=%2Fwp%2Fv2%2Ftags&post=10414"}],"curies":[{"name":"wp","href":"https:\/\/api.w.org\/{rel}","templated":true}]}}