{"id":10713,"date":"2015-07-05T21:17:10","date_gmt":"2015-07-06T02:17:10","guid":{"rendered":"http:\/\/publication-evangelique.com\/?p=10713"},"modified":"2017-08-06T09:16:04","modified_gmt":"2017-08-06T14:16:04","slug":"emission-radio-evangelique-du-3-juillet-2015","status":"publish","type":"post","link":"https:\/\/publication-evangelique.com\/?p=10713","title":{"rendered":"\u00c9mission Radio \u00c9vang\u00e9lique du 3 juillet 2015"},"content":{"rendered":"<h3>L&rsquo;\u00e9vang\u00e9lisation &#8211; 2e partie<\/h3>\n<p><audio controls= \" controls \" preload= \" none \" style= \" width:480px; \" src= \" https:\/\/publication-evangelique.com\/media\/radioevangelique\/24\/REemi180.mp3 \" ><\/audio><br \/>\n<strong>T\u00e9l\u00e9charger &#8211;&gt; <\/strong><a href= \" https:\/\/publication-evangelique.com\/media\/radioevangelique\/24\/REemi180.mp3 \" >MP3<\/a><br \/>\n&nbsp;<\/p>\n<p><strong>Quel est l&rsquo;utilit\u00e9 de l&rsquo;\u00e9vangile?<br \/>\n<a href= \" https:\/\/bible.publication-evangelique.com\/romains#1.16 \" target= \" _blank \" >Romains 1:16<\/a><\/strong> Car je n\u2019ai point honte de l&rsquo;\u00c9vangile: c\u2019est une puissance de Dieu pour le salut de quiconque croit, du Juif premi\u00e8rement, puis du Grec,<\/p>\n<p><strong><a href= \" https:\/\/bible.publication-evangelique.com\/ephesiens#1.13 \" target= \" _blank \" >\u00c9ph\u00e9siens 1:13<\/a><\/strong> En lui vous aussi, apr\u00e8s avoir entendu la parole de la v\u00e9rit\u00e9, l&rsquo;\u00c9vangile de votre salut, en lui (J\u00e9sus) vous avez cru et vous avez \u00e9t\u00e9 scell\u00e9s du Saint-Esprit qui avait \u00e9t\u00e9 promis, <!--more--><\/p>\n<p>Le croyant une fois qu&rsquo;il est n\u00e9 de nouveau, est devenu le porteur de cette bonne nouvelle<\/p>\n<p><strong>Pourquoi \u00e9vang\u00e9liser?<br \/>\n<a href= \" https:\/\/bible.publication-evangelique.com\/marc#16.15 \" target= \" _blank \" >Marc 16:15<\/a><\/strong> Puis il leur dit: Allez par tout le monde, et pr\u00eachez la bonne nouvelle \u00e0 toute la cr\u00e9ation.<\/p>\n<p>&#8212;&#8212;&#8212;&#8212;&#8212;<\/p>\n<p>Daniel Poulin<br \/>\n<a title= \" Publication \u00c9vang\u00e9lique \" href= \" https:\/\/publication-evangelique.com \" target= \" _blank \" >https:\/\/publication-evangelique.com<\/a><\/p>\n<p>Toutes <strong>les archives<\/strong> des \u00e9missions 2015 sont gard\u00e9es sur le site <a title= \" Publication \u00c9vang\u00e9lique \" href= \" https:\/\/publication-evangelique.com\/?page_id=10300 \" target= \" _blank \" >https:\/\/publication-evangelique.com\/?page_id=10300<\/a><\/p>\n<p><strong>Adresse de ce blogue :<\/strong> <a href= \" https:\/\/publication-evangelique.com\/?p=10713 \" > https:\/\/publication-evangelique.com\/?p=10713<\/a><\/p>\n","protected":false},"excerpt":{"rendered":"<p>\u00c9couter chaque semaine l&rsquo;\u00e9mission \u00a0\u00bb Radio \u00c9vang\u00e9lique \u00a0\u00bb ! Voici l&rsquo;\u00e9mission du 3 juillet 2015 : \u00a0\u00bb L&rsquo;\u00e9vang\u00e9lisation \u00a0\u00bb &#8211; 2e partie<\/p>\n <a class=\"more-link\" href=\"https:\/\/publication-evangelique.com\/?p=10713\"><span class=\"more-msg\">Lire la suite &rarr;<\/span><\/a>","protected":false},"author":1,"featured_media":13199,"comment_status":"open","ping_status":"open","sticky":false,"template":"","format":"standard","meta":{"footnotes":""},"categories":[355],"tags":[351,356,352],"class_list":["post-10713","post","type-post","status-publish","format-standard","has-post-thumbnail","hentry","category-radio-evangelique","tag-emission","tag-evangelique","tag-radio"],"yoast_head":"<!-- This site is optimized with the Yoast SEO plugin v27.4 - https:\/\/yoast.com\/product\/yoast-seo-wordpress\/ -->\n<title>\u00c9mission Radio \u00c9vang\u00e9lique du 3 juillet 2015 - Publication \u00c9vang\u00e9lique<\/title>\n<meta name=\"description\" content=\"\u00c9couter chaque semaine l&#039;\u00e9mission &quot;Radio \u00c9vang\u00e9lique&quot;! Voici l&#039;\u00e9mission du 3 juillet 2015 : &quot;L&#039;\u00e9vang\u00e9lisation&quot; - 2e partie\" \/>\n<meta name=\"robots\" content=\"index, follow, max-snippet:-1, max-image-preview:large, max-video-preview:-1\" \/>\n<link rel=\"canonical\" href=\"https:\/\/publication-evangelique.com\/?p=10713\" \/>\n<meta property=\"og:locale\" content=\"fr_FR\" \/>\n<meta property=\"og:type\" content=\"article\" \/>\n<meta property=\"og:title\" content=\"\u00c9mission Radio \u00c9vang\u00e9lique du 3 juillet 2015 - Publication \u00c9vang\u00e9lique\" \/>\n<meta property=\"og:description\" content=\"\u00c9couter chaque semaine l&#039;\u00e9mission &quot;Radio \u00c9vang\u00e9lique&quot;! Voici l&#039;\u00e9mission du 3 juillet 2015 : &quot;L&#039;\u00e9vang\u00e9lisation&quot; - 2e partie\" \/>\n<meta property=\"og:url\" content=\"https:\/\/publication-evangelique.com\/?p=10713\" \/>\n<meta property=\"og:site_name\" content=\"Publication \u00c9vang\u00e9lique\" \/>\n<meta property=\"article:publisher\" content=\"https:\/\/www.facebook.com\/danielpoulin75\" \/>\n<meta property=\"article:author\" content=\"https:\/\/www.facebook.com\/danielpoulin75\" \/>\n<meta property=\"article:published_time\" content=\"2015-07-06T02:17:10+00:00\" \/>\n<meta property=\"article:modified_time\" content=\"2017-08-06T14:16:04+00:00\" \/>\n<meta property=\"og:image\" content=\"https:\/\/publication-evangelique.com\/wp-content\/uploads\/radioevangelique.jpg\" \/>\n\t<meta property=\"og:image:width\" content=\"1280\" \/>\n\t<meta property=\"og:image:height\" content=\"960\" \/>\n\t<meta property=\"og:image:type\" content=\"image\/jpeg\" \/>\n<meta name=\"author\" content=\"Daniel Poulin\" \/>\n<meta name=\"twitter:label1\" content=\"\u00c9crit par\" \/>\n\t<meta name=\"twitter:data1\" content=\"Daniel Poulin\" \/>\n\t<meta name=\"twitter:label2\" content=\"Dur\u00e9e de lecture estim\u00e9e\" \/>\n\t<meta name=\"twitter:data2\" content=\"1 minute\" \/>\n<script type=\"application\/ld+json\" class=\"yoast-schema-graph\">{\"@context\":\"https:\\\/\\\/schema.org\",\"@graph\":[{\"@type\":\"Article\",\"@id\":\"https:\\\/\\\/publication-evangelique.com\\\/?p=10713#article\",\"isPartOf\":{\"@id\":\"https:\\\/\\\/publication-evangelique.com\\\/?p=10713\"},\"author\":{\"name\":\"Daniel Poulin\",\"@id\":\"https:\\\/\\\/publication-evangelique.com\\\/#\\\/schema\\\/person\\\/a7aa86223ca614c8c1a737d18c95460c\"},\"headline\":\"\u00c9mission Radio \u00c9vang\u00e9lique du 3 juillet 2015\",\"datePublished\":\"2015-07-06T02:17:10+00:00\",\"dateModified\":\"2017-08-06T14:16:04+00:00\",\"mainEntityOfPage\":{\"@id\":\"https:\\\/\\\/publication-evangelique.com\\\/?p=10713\"},\"wordCount\":166,\"commentCount\":0,\"publisher\":{\"@id\":\"https:\\\/\\\/publication-evangelique.com\\\/#\\\/schema\\\/person\\\/a7aa86223ca614c8c1a737d18c95460c\"},\"image\":{\"@id\":\"https:\\\/\\\/publication-evangelique.com\\\/?p=10713#primaryimage\"},\"thumbnailUrl\":\"https:\\\/\\\/publication-evangelique.com\\\/wp-content\\\/uploads\\\/radioevangelique.jpg\",\"keywords\":[\"\u00e9mission\",\"\u00e9vang\u00e9lique\",\"radio\"],\"articleSection\":[\"Radio \u00c9vang\u00e9lique\"],\"inLanguage\":\"fr-FR\"},{\"@type\":\"WebPage\",\"@id\":\"https:\\\/\\\/publication-evangelique.com\\\/?p=10713\",\"url\":\"https:\\\/\\\/publication-evangelique.com\\\/?p=10713\",\"name\":\"\u00c9mission Radio \u00c9vang\u00e9lique du 3 juillet 2015 - Publication \u00c9vang\u00e9lique\",\"isPartOf\":{\"@id\":\"https:\\\/\\\/publication-evangelique.com\\\/#website\"},\"primaryImageOfPage\":{\"@id\":\"https:\\\/\\\/publication-evangelique.com\\\/?p=10713#primaryimage\"},\"image\":{\"@id\":\"https:\\\/\\\/publication-evangelique.com\\\/?p=10713#primaryimage\"},\"thumbnailUrl\":\"https:\\\/\\\/publication-evangelique.com\\\/wp-content\\\/uploads\\\/radioevangelique.jpg\",\"datePublished\":\"2015-07-06T02:17:10+00:00\",\"dateModified\":\"2017-08-06T14:16:04+00:00\",\"description\":\"\u00c9couter chaque semaine l'\u00e9mission \\\"Radio \u00c9vang\u00e9lique\\\"! Voici l'\u00e9mission du 3 juillet 2015 : \\\"L'\u00e9vang\u00e9lisation\\\" - 2e partie\",\"breadcrumb\":{\"@id\":\"https:\\\/\\\/publication-evangelique.com\\\/?p=10713#breadcrumb\"},\"inLanguage\":\"fr-FR\",\"potentialAction\":[{\"@type\":\"ReadAction\",\"target\":[\"https:\\\/\\\/publication-evangelique.com\\\/?p=10713\"]}]},{\"@type\":\"ImageObject\",\"inLanguage\":\"fr-FR\",\"@id\":\"https:\\\/\\\/publication-evangelique.com\\\/?p=10713#primaryimage\",\"url\":\"https:\\\/\\\/publication-evangelique.com\\\/wp-content\\\/uploads\\\/radioevangelique.jpg\",\"contentUrl\":\"https:\\\/\\\/publication-evangelique.com\\\/wp-content\\\/uploads\\\/radioevangelique.jpg\",\"width\":1280,\"height\":960},{\"@type\":\"BreadcrumbList\",\"@id\":\"https:\\\/\\\/publication-evangelique.com\\\/?p=10713#breadcrumb\",\"itemListElement\":[{\"@type\":\"ListItem\",\"position\":1,\"name\":\"Accueil\",\"item\":\"https:\\\/\\\/publication-evangelique.com\\\/\"},{\"@type\":\"ListItem\",\"position\":2,\"name\":\"\u00c9mission Radio \u00c9vang\u00e9lique du 3 juillet 2015\"}]},{\"@type\":\"WebSite\",\"@id\":\"https:\\\/\\\/publication-evangelique.com\\\/#website\",\"url\":\"https:\\\/\\\/publication-evangelique.com\\\/\",\"name\":\"Daniel Poulin - publication-evangelique.com\",\"description\":\"Daniel Poulin\",\"publisher\":{\"@id\":\"https:\\\/\\\/publication-evangelique.com\\\/#\\\/schema\\\/person\\\/a7aa86223ca614c8c1a737d18c95460c\"},\"potentialAction\":[{\"@type\":\"SearchAction\",\"target\":{\"@type\":\"EntryPoint\",\"urlTemplate\":\"https:\\\/\\\/publication-evangelique.com\\\/?s={search_term_string}\"},\"query-input\":{\"@type\":\"PropertyValueSpecification\",\"valueRequired\":true,\"valueName\":\"search_term_string\"}}],\"inLanguage\":\"fr-FR\"},{\"@type\":[\"Person\",\"Organization\"],\"@id\":\"https:\\\/\\\/publication-evangelique.com\\\/#\\\/schema\\\/person\\\/a7aa86223ca614c8c1a737d18c95460c\",\"name\":\"Daniel Poulin\",\"image\":{\"@type\":\"ImageObject\",\"inLanguage\":\"fr-FR\",\"@id\":\"https:\\\/\\\/publication-evangelique.com\\\/wp-content\\\/uploads\\\/daniel5-1.jpg\",\"url\":\"https:\\\/\\\/publication-evangelique.com\\\/wp-content\\\/uploads\\\/daniel5-1.jpg\",\"contentUrl\":\"https:\\\/\\\/publication-evangelique.com\\\/wp-content\\\/uploads\\\/daniel5-1.jpg\",\"width\":833,\"height\":969,\"caption\":\"Daniel Poulin\"},\"logo\":{\"@id\":\"https:\\\/\\\/publication-evangelique.com\\\/wp-content\\\/uploads\\\/daniel5-1.jpg\"},\"description\":\"Bonjour, ici Daniel Poulin! Je suis un chr\u00e9tien n\u00e9 de nouveau depuis 1980, ayant parcouru un cheminement avec le Seigneur J\u00e9sus-Christ, j'ai construit ce site afin de partager mes connaissances de la parole de Dieu \\\" La Bible \\\" Je travaille aussi au d\u00e9veloppement de la station de radio chr\u00e9tienne fran\u00e7aise \u00e0 Montr\u00e9al, \\\" La Radio Gospel \\\" que vous pouvez voir ici http:\\\/\\\/laradiogospel.ca Je fr\u00e9quente aussi une \u00e9glise, dont je pr\u00eache et j\u2019enseigne la parole de Dieu. La communaut\u00e9 \u00c9vang\u00e9lique de l'Agneau \\\" , voici l'adresse, http:\\\/\\\/communauteevangelique.ca\\\/\",\"sameAs\":[\"https:\\\/\\\/publication-evangelique.com\",\"https:\\\/\\\/www.facebook.com\\\/danielpoulin75\",\"https:\\\/\\\/www.linkedin.com\\\/in\\\/daniel-poulin-64614745\\\/\",\"https:\\\/\\\/x.com\\\/https:\\\/\\\/twitter.com\\\/Daniel_Poulin\",\"https:\\\/\\\/www.youtube.com\\\/user\\\/danielpoulin75\\\/videos\"]}]}<\/script>\n<!-- \/ Yoast SEO plugin. -->","yoast_head_json":{"title":"\u00c9mission Radio \u00c9vang\u00e9lique du 3 juillet 2015 - Publication \u00c9vang\u00e9lique","description":"\u00c9couter chaque semaine l'\u00e9mission \"Radio \u00c9vang\u00e9lique\"! Voici l'\u00e9mission du 3 juillet 2015 : \"L'\u00e9vang\u00e9lisation\" - 2e partie","robots":{"index":"index","follow":"follow","max-snippet":"max-snippet:-1","max-image-preview":"max-image-preview:large","max-video-preview":"max-video-preview:-1"},"canonical":"https:\/\/publication-evangelique.com\/?p=10713","og_locale":"fr_FR","og_type":"article","og_title":"\u00c9mission Radio \u00c9vang\u00e9lique du 3 juillet 2015 - Publication \u00c9vang\u00e9lique","og_description":"\u00c9couter chaque semaine l'\u00e9mission \"Radio \u00c9vang\u00e9lique\"! Voici l'\u00e9mission du 3 juillet 2015 : \"L'\u00e9vang\u00e9lisation\" - 2e partie","og_url":"https:\/\/publication-evangelique.com\/?p=10713","og_site_name":"Publication \u00c9vang\u00e9lique","article_publisher":"https:\/\/www.facebook.com\/danielpoulin75","article_author":"https:\/\/www.facebook.com\/danielpoulin75","article_published_time":"2015-07-06T02:17:10+00:00","article_modified_time":"2017-08-06T14:16:04+00:00","og_image":[{"width":1280,"height":960,"url":"https:\/\/publication-evangelique.com\/wp-content\/uploads\/radioevangelique.jpg","type":"image\/jpeg"}],"author":"Daniel Poulin","twitter_misc":{"\u00c9crit par":"Daniel Poulin","Dur\u00e9e de lecture estim\u00e9e":"1 minute"},"schema":{"@context":"https:\/\/schema.org","@graph":[{"@type":"Article","@id":"https:\/\/publication-evangelique.com\/?p=10713#article","isPartOf":{"@id":"https:\/\/publication-evangelique.com\/?p=10713"},"author":{"name":"Daniel Poulin","@id":"https:\/\/publication-evangelique.com\/#\/schema\/person\/a7aa86223ca614c8c1a737d18c95460c"},"headline":"\u00c9mission Radio \u00c9vang\u00e9lique du 3 juillet 2015","datePublished":"2015-07-06T02:17:10+00:00","dateModified":"2017-08-06T14:16:04+00:00","mainEntityOfPage":{"@id":"https:\/\/publication-evangelique.com\/?p=10713"},"wordCount":166,"commentCount":0,"publisher":{"@id":"https:\/\/publication-evangelique.com\/#\/schema\/person\/a7aa86223ca614c8c1a737d18c95460c"},"image":{"@id":"https:\/\/publication-evangelique.com\/?p=10713#primaryimage"},"thumbnailUrl":"https:\/\/publication-evangelique.com\/wp-content\/uploads\/radioevangelique.jpg","keywords":["\u00e9mission","\u00e9vang\u00e9lique","radio"],"articleSection":["Radio \u00c9vang\u00e9lique"],"inLanguage":"fr-FR"},{"@type":"WebPage","@id":"https:\/\/publication-evangelique.com\/?p=10713","url":"https:\/\/publication-evangelique.com\/?p=10713","name":"\u00c9mission Radio \u00c9vang\u00e9lique du 3 juillet 2015 - Publication \u00c9vang\u00e9lique","isPartOf":{"@id":"https:\/\/publication-evangelique.com\/#website"},"primaryImageOfPage":{"@id":"https:\/\/publication-evangelique.com\/?p=10713#primaryimage"},"image":{"@id":"https:\/\/publication-evangelique.com\/?p=10713#primaryimage"},"thumbnailUrl":"https:\/\/publication-evangelique.com\/wp-content\/uploads\/radioevangelique.jpg","datePublished":"2015-07-06T02:17:10+00:00","dateModified":"2017-08-06T14:16:04+00:00","description":"\u00c9couter chaque semaine l'\u00e9mission \"Radio \u00c9vang\u00e9lique\"! Voici l'\u00e9mission du 3 juillet 2015 : \"L'\u00e9vang\u00e9lisation\" - 2e partie","breadcrumb":{"@id":"https:\/\/publication-evangelique.com\/?p=10713#breadcrumb"},"inLanguage":"fr-FR","potentialAction":[{"@type":"ReadAction","target":["https:\/\/publication-evangelique.com\/?p=10713"]}]},{"@type":"ImageObject","inLanguage":"fr-FR","@id":"https:\/\/publication-evangelique.com\/?p=10713#primaryimage","url":"https:\/\/publication-evangelique.com\/wp-content\/uploads\/radioevangelique.jpg","contentUrl":"https:\/\/publication-evangelique.com\/wp-content\/uploads\/radioevangelique.jpg","width":1280,"height":960},{"@type":"BreadcrumbList","@id":"https:\/\/publication-evangelique.com\/?p=10713#breadcrumb","itemListElement":[{"@type":"ListItem","position":1,"name":"Accueil","item":"https:\/\/publication-evangelique.com\/"},{"@type":"ListItem","position":2,"name":"\u00c9mission Radio \u00c9vang\u00e9lique du 3 juillet 2015"}]},{"@type":"WebSite","@id":"https:\/\/publication-evangelique.com\/#website","url":"https:\/\/publication-evangelique.com\/","name":"Daniel Poulin - publication-evangelique.com","description":"Daniel Poulin","publisher":{"@id":"https:\/\/publication-evangelique.com\/#\/schema\/person\/a7aa86223ca614c8c1a737d18c95460c"},"potentialAction":[{"@type":"SearchAction","target":{"@type":"EntryPoint","urlTemplate":"https:\/\/publication-evangelique.com\/?s={search_term_string}"},"query-input":{"@type":"PropertyValueSpecification","valueRequired":true,"valueName":"search_term_string"}}],"inLanguage":"fr-FR"},{"@type":["Person","Organization"],"@id":"https:\/\/publication-evangelique.com\/#\/schema\/person\/a7aa86223ca614c8c1a737d18c95460c","name":"Daniel Poulin","image":{"@type":"ImageObject","inLanguage":"fr-FR","@id":"https:\/\/publication-evangelique.com\/wp-content\/uploads\/daniel5-1.jpg","url":"https:\/\/publication-evangelique.com\/wp-content\/uploads\/daniel5-1.jpg","contentUrl":"https:\/\/publication-evangelique.com\/wp-content\/uploads\/daniel5-1.jpg","width":833,"height":969,"caption":"Daniel Poulin"},"logo":{"@id":"https:\/\/publication-evangelique.com\/wp-content\/uploads\/daniel5-1.jpg"},"description":"Bonjour, ici Daniel Poulin! Je suis un chr\u00e9tien n\u00e9 de nouveau depuis 1980, ayant parcouru un cheminement avec le Seigneur J\u00e9sus-Christ, j'ai construit ce site afin de partager mes connaissances de la parole de Dieu \" La Bible \" Je travaille aussi au d\u00e9veloppement de la station de radio chr\u00e9tienne fran\u00e7aise \u00e0 Montr\u00e9al, \" La Radio Gospel \" que vous pouvez voir ici http:\/\/laradiogospel.ca Je fr\u00e9quente aussi une \u00e9glise, dont je pr\u00eache et j\u2019enseigne la parole de Dieu. La communaut\u00e9 \u00c9vang\u00e9lique de l'Agneau \" , voici l'adresse, http:\/\/communauteevangelique.ca\/","sameAs":["https:\/\/publication-evangelique.com","https:\/\/www.facebook.com\/danielpoulin75","https:\/\/www.linkedin.com\/in\/daniel-poulin-64614745\/","https:\/\/x.com\/https:\/\/twitter.com\/Daniel_Poulin","https:\/\/www.youtube.com\/user\/danielpoulin75\/videos"]}]}},"_links":{"self":[{"href":"https:\/\/publication-evangelique.com\/index.php?rest_route=\/wp\/v2\/posts\/10713","targetHints":{"allow":["GET"]}}],"collection":[{"href":"https:\/\/publication-evangelique.com\/index.php?rest_route=\/wp\/v2\/posts"}],"about":[{"href":"https:\/\/publication-evangelique.com\/index.php?rest_route=\/wp\/v2\/types\/post"}],"author":[{"embeddable":true,"href":"https:\/\/publication-evangelique.com\/index.php?rest_route=\/wp\/v2\/users\/1"}],"replies":[{"embeddable":true,"href":"https:\/\/publication-evangelique.com\/index.php?rest_route=%2Fwp%2Fv2%2Fcomments&post=10713"}],"version-history":[{"count":0,"href":"https:\/\/publication-evangelique.com\/index.php?rest_route=\/wp\/v2\/posts\/10713\/revisions"}],"wp:featuredmedia":[{"embeddable":true,"href":"https:\/\/publication-evangelique.com\/index.php?rest_route=\/wp\/v2\/media\/13199"}],"wp:attachment":[{"href":"https:\/\/publication-evangelique.com\/index.php?rest_route=%2Fwp%2Fv2%2Fmedia&parent=10713"}],"wp:term":[{"taxonomy":"category","embeddable":true,"href":"https:\/\/publication-evangelique.com\/index.php?rest_route=%2Fwp%2Fv2%2Fcategories&post=10713"},{"taxonomy":"post_tag","embeddable":true,"href":"https:\/\/publication-evangelique.com\/index.php?rest_route=%2Fwp%2Fv2%2Ftags&post=10713"}],"curies":[{"name":"wp","href":"https:\/\/api.w.org\/{rel}","templated":true}]}}