{"id":12793,"date":"2017-08-04T06:39:07","date_gmt":"2017-08-04T11:39:07","guid":{"rendered":"http:\/\/publication-evangelique.com\/?p=12793"},"modified":"2017-11-13T10:27:01","modified_gmt":"2017-11-13T15:27:01","slug":"sommes-grace-christ-devenu-forts-seigneur","status":"publish","type":"post","link":"https:\/\/publication-evangelique.com\/?p=12793","title":{"rendered":"Nous sommes gr\u00e2ce au Christ, devenu \u00ab forts \u00bb dans le Seigneur"},"content":{"rendered":"<h3>Comment prenez-vous la vie pr\u00e9sentement? En relaxant, en cherchant du bon temps? <\/h3>\n<p><audio controls= \" controls \" preload= \" none \" style= \" width:480px; \" src= \" https:\/\/publication-evangelique.com\/media\/nouvelles_positions_en_jesus\/24\/17_07_30.mp3 \" ><\/audio><br \/>\n<strong>T\u00e9l\u00e9charger &#8211;&gt; <\/strong><a href= \" https:\/\/publication-evangelique.com\/media\/nouvelles_positions_en_jesus\/24\/17_07_30.mp3 \" >MP3<\/a><br \/>\n&nbsp;<\/p>\n<p>Savez-vous que Dieu ne nous a pas envoy\u00e9 passer des vacances sur la terre?<\/p>\n<p><strong>J\u00e9sus savait qu\u2019il \u00e9tait en guerre et il est venu accomplir sa mission en combattant \u00e9quip\u00e9 de la puissance de Dieu.<br \/>\n<a href= \" https:\/\/bible.publication-evangelique.com\/actes#10.38 \" target= \" _blank \" >Actes\u00a010:38<\/a><\/strong> vous savez comment Dieu a oint du Saint-Esprit et de force J\u00e9sus de Nazareth, qui allait de lieu en lieu faisant du bien et gu\u00e9rissant tous ceux qui \u00e9taient sous l\u2019empire du diable, car Dieu \u00e9tait avec lui.<\/p>\n<p><strong>J\u00e9sus a aussi \u00e9quip\u00e9 ses disciples de la force et l\u2019autorit\u00e9 afin de combattre contre l\u2019ennemi. <!--more--><br \/>\n<a href= \" https:\/\/bible.publication-evangelique.com\/luc#9.1 \" target= \" _blank \" >Luc\u00a09:1<\/a><\/strong> J\u00e9sus, ayant assembl\u00e9 les douze, leur donna force et pouvoir sur tous les d\u00e9mons, avec la puissance de gu\u00e9rir les maladies.<\/p>\n<p><strong>Tous ceux qui sont n\u00e9s de nouveau, qui ont re\u00e7u J\u00e9sus et sa parole, vous avez re\u00e7u le nouveau statut de \u00ab fort \u00bb dans le Seigneur!<br \/>\n<a href= \" https:\/\/bible.publication-evangelique.com\/1-jean#2.14 \" target= \" _blank \" >1 Jean\u00a02:14<\/a><\/strong> je vous ai \u00e9crit, p\u00e8res, parce que vous avez connu celui qui est d\u00e8s le commencement. Je vous ai \u00e9crit, jeunes gens, parce que vous \u00eates forts, et que la parole de Dieu demeure en vous, et que vous avez vaincu le malin.<\/p>\n<p><strong>&#8211; Ne nous regardons pas comme des impuissants &#8211;<\/strong><\/p>\n<p>Fort = ischuros (is-khoo-ros\u2019)<br \/>\nLSG\u00a0&#8211;\u00a0Puissant, fort, homme fort, grand, vaillant ; 27<br \/>\n1) fort, puissant, robuste, vigoureux 1a) d\u2019un \u00eatre vivant\u00a01a1) fort aussi bien de corps que d\u2019esprit<br \/>\n1a2) de celui qui a la force de l\u2019\u00e2me pour soutenir les attaques de Satan, fort et donc montrant de nombreuses qualit\u00e9s 1\u00a0b) de choses\u00a01b1) fort, violent, fortement prononc\u00e9, ferme, s\u00fbr <\/p>\n<p><strong>Le Seigneur a tout mis en place dans l\u2019\u00e9glise afin que ses disciples demeurent forts, solides ensemble.<br \/>\n<a href= \" https:\/\/bible.publication-evangelique.com\/ephesiens#4.16 \" target= \" _blank \" >\u00c9ph\u00e9siens\u00a04:16<\/a><\/strong> c\u2019est de lui, et gr\u00e2ce \u00e0 tous les liens de son assistance, que tout le corps, bien coordonn\u00e9 et formant un solide assemblage, tire son accroissement selon la force qui convient \u00e0 chacune de ses parties, et s\u2019\u00e9difie lui-m\u00eame dans la charit\u00e9.<\/p>\n<p><strong>Dieu veut qu\u2019on se maintienne ferme, soyons in\u00e9branlables, et travaillant de mieux en mieux pour le Seigneur.<br \/>\n<a href= \" https:\/\/bible.publication-evangelique.com\/1-corinthiens#15.58 \" target= \" _blank \" >1 Corinthiens\u00a015:58<\/a><\/strong> ainsi, mes fr\u00e8res bien-aim\u00e9s, soyez fermes, in\u00e9branlables, travaillant de mieux en mieux \u00e0 l\u2019\u0153uvre du Seigneur, sachant que votre travail ne sera pas vain dans le Seigneur.<\/p>\n<p><strong>Dieu nous parle ce matin, il nous ordonnent d\u2019\u00eatre \u00ab fort \u00bb dans le Seigneur!<br \/>\n<a href= \" https:\/\/bible.publication-evangelique.com\/1psaumes#68.28 \" target= \" _blank \" >Psaumes\u00a068:28<\/a><\/strong> Ton Dieu ordonne que tu sois puissant; affermis, \u00f4 Dieu, ce que tu as fait pour nous!<\/p>\n<p><strong>Prenons exemple sur les premiers disciples, comment il n\u2019avait pas peur d\u2019aller parler de J\u00e9sus.<br \/>\n<a href= \" https:\/\/bible.publication-evangelique.com\/actes#4.33 \" target= \" _blank \" >Actes\u00a04:33<\/a><\/strong> les ap\u00f4tres rendaient avec beaucoup de force t\u00e9moignage de la r\u00e9surrection du Seigneur J\u00e9sus. Et une grande gr\u00e2ce reposait sur eux tous.<\/p>\n<p><strong>Si le Seigneur nous demande quelque chose \u00e0 faire, il nous donnera aussi la force pour le faire.<br \/>\n<a href= \" https:\/\/bible.publication-evangelique.com\/philippiens#4.13 \" target= \" _blank \" >Philippiens\u00a04:13<\/a><\/strong> je puis tout par celui qui me fortifie.<\/p>\n<p><strong>Prenons garde de ne pas \u00e9couter notre c\u00f4t\u00e9 humain qui nous trouve des excuses, pour ne pas le faire.<br \/>\n<a href= \" https:\/\/bible.publication-evangelique.com\/2-timothee#1.7 \" target= \" _blank \" >2 Timoth\u00e9e\u00a01:7<\/a><\/strong>, car ce n\u2019est pas un esprit de timidit\u00e9 que Dieu nous a donn\u00e9, mais un esprit de force, d\u2019amour et de sagesse.<\/p>\n<p><strong>Il faut r\u00e9aliser que notre force vient de Dieu et non en nos capacit\u00e9s humaines.<br \/>\n<a href= \" https:\/\/bible.publication-evangelique.com\/ephesiens#6.10 \" target= \" _blank \" >\u00c9ph\u00e9siens 6:10-11<\/a><\/strong> Au reste, fortifiez-vous dans le Seigneur, et par sa force toute-puissante. 11 Rev\u00eatez-vous de toutes les armes de Dieu, afin de pouvoir tenir ferme contre les ruses du diable.<\/p>\n<p><strong>Dieu n\u2019a pas l\u2019intention de nous laisser dans nos situations de faiblesses, il veut nous perfectionner, nous fortifier, nous rendre fermes, et m\u00eame in\u00e9branlables.<br \/>\n<a href= \" https:\/\/bible.publication-evangelique.com\/1-pierre#5.10 \" target= \" _blank \" >1 Pierre 5:10<\/a><\/strong> le Dieu de toute gr\u00e2ce, qui vous a appel\u00e9s en J\u00e9sus-Christ \u00e0 sa gloire \u00e9ternelle, apr\u00e8s que vous aurez souffert un peu de temps, vous perfectionnera lui-m\u00eame, vous affermira, vous fortifiera, vous rendra in\u00e9branlables.<\/p>\n<p><strong>Nous sommes appel\u00e9s \u00e0 rechercher \u00e0 nous fortifier en Dieu<br \/>\n<a href= \" https:\/\/bible.publication-evangelique.com\/2-timothee#2.1 \" target= \" _blank \" >2 Timoth\u00e9e\u00a02:1<\/a><\/strong> toi donc, mon enfant, fortifie-toi dans la gr\u00e2ce qui est en J\u00e9sus-Christ.<\/p>\n<p><strong>La recette est de veiller et prier tout le temps, car il y aura des temps plus difficiles.<br \/>\n<a href= \" https:\/\/bible.publication-evangelique.com\/luc#21.36 \" target= \" _blank \" >Luc\u00a021:36<\/a><\/strong> veillez donc et priez en tout temps, afin que vous ayez la force d\u2019\u00e9chapper \u00e0 toutes ces choses qui arriveront, et de para\u00eetre debout devant le Fils de l\u2019homme.<\/p>\n<p><strong>C&rsquo;est en veillant et priant, nous allons \u00eatre capable d\u2019accomplir notre minist\u00e8re avec la force que Dieu nous communiquera.<br \/>\n<a href= \" https:\/\/bible.publication-evangelique.com\/1-pierre#4.11 \" target= \" _blank \" >1 Pierre\u00a04:11<\/a><\/strong> si quelqu\u2019un parle, que ce soit comme annon\u00e7ant les oracles de Dieu ; si quelqu\u2019un remplit un minist\u00e8re, qu\u2019il le remplisse selon la force que Dieu communique, afin qu\u2019en toutes choses Dieu soit glorifi\u00e9 par J\u00e9sus-Christ, \u00e0 qui appartiennent la gloire et la puissance, aux si\u00e8cles des si\u00e8cles. Amen !<\/p>\n<p><strong>Prenons exemple sur G\u00e9d\u00e9on et avan\u00e7ons dans notre service pour Dieu, n\u2019est-ce pas Dieu qui nous demande d\u2019aller?<br \/>\n<a href= \" https:\/\/bible.publication-evangelique.com\/juges#6012 \" target= \" _blank \" >Juges 6:12<\/a><\/strong> l\u2019ange de l\u2019\u00c9ternel lui apparut, et lui dit\u00a0: L\u2019\u00c9ternel est avec toi, vaillant h\u00e9ros !<br \/>\n13 G\u00e9d\u00e9on lui dit\u00a0: ah ! mon seigneur, si l\u2019\u00c9ternel est avec nous, pourquoi toutes ces choses nous sont-elles arriv\u00e9es ? Et o\u00f9 sont tous ces prodiges que nos p\u00e8res nous racontent, quand ils disent\u00a0: L\u2019\u00c9ternel ne nous a-t-il pas fait monter hors d\u2019\u00c9gypte ? Maintenant l\u2019\u00c9ternel nous abandonne, et il nous livre entre les mains de Madian ! 14 L\u2019Eternel se tourna vers lui, et dit\u00a0: va avec cette force que tu as, et d\u00e9livre Isra\u00ebl de la main de Madian ; n\u2019est-ce pas moi qui t\u2019envoie?<\/p>\n<p>&#8212;&#8212;&#8212;&#8212;&#8212;&#8212;<\/p>\n<p>Daniel Poulin<br \/>\n<a title= \" Publication \u00c9vang\u00e9lique \" href= \" https:\/\/publication-evangelique.com \" target= \" _blank \" >https:\/\/publication-evangelique.com<\/a><\/p>\n<p><strong>Adresse de ce blogue :<\/strong> <a href= \" https:\/\/publication-evangelique.com\/?p=12793 \" > https:\/\/publication-evangelique.com\/?p=12793<\/a><\/p>\n<p><strong>De la s\u00e9rie : <\/strong> <a href= \" https:\/\/publication-evangelique.com\/?page_id=12188 \" > La foi<\/a><\/p>\n","protected":false},"excerpt":{"rendered":"<p>Comment prenez-vous la vie pr\u00e9sentement? En relaxant, en cherchant du bon temps? Savez-vous que Dieu ne nous a pas envoy\u00e9 passer des vacances sur la terre?<\/p>\n <a class=\"more-link\" href=\"https:\/\/publication-evangelique.com\/?p=12793\"><span class=\"more-msg\">Lire la suite &rarr;<\/span><\/a>","protected":false},"author":1,"featured_media":13204,"comment_status":"open","ping_status":"open","sticky":false,"template":"","format":"standard","meta":{"footnotes":""},"categories":[21],"tags":[782,296],"class_list":["post-12793","post","type-post","status-publish","format-standard","has-post-thumbnail","hentry","category-notre-position","tag-forts","tag-seigneur"],"yoast_head":"<!-- This site is optimized with the Yoast SEO plugin v27.4 - https:\/\/yoast.com\/product\/yoast-seo-wordpress\/ -->\n<title>Nous sommes gr\u00e2ce au Christ, devenu \u00ab forts \u00bb dans le Seigneur - Publication \u00c9vang\u00e9lique<\/title>\n<meta name=\"robots\" content=\"index, follow, max-snippet:-1, max-image-preview:large, max-video-preview:-1\" \/>\n<link rel=\"canonical\" href=\"https:\/\/publication-evangelique.com\/?p=12793\" \/>\n<meta property=\"og:locale\" content=\"fr_FR\" \/>\n<meta property=\"og:type\" content=\"article\" \/>\n<meta property=\"og:title\" content=\"Nous sommes gr\u00e2ce au Christ, devenu \u00ab forts \u00bb dans le Seigneur - Publication \u00c9vang\u00e9lique\" \/>\n<meta property=\"og:description\" content=\"Comment prenez-vous la vie pr\u00e9sentement? En relaxant, en cherchant du bon temps? Savez-vous que Dieu ne nous a pas envoy\u00e9 passer des vacances sur la terre?\" \/>\n<meta property=\"og:url\" content=\"https:\/\/publication-evangelique.com\/?p=12793\" \/>\n<meta property=\"og:site_name\" content=\"Publication \u00c9vang\u00e9lique\" \/>\n<meta property=\"article:publisher\" content=\"https:\/\/www.facebook.com\/danielpoulin75\" \/>\n<meta property=\"article:author\" content=\"https:\/\/www.facebook.com\/danielpoulin75\" \/>\n<meta property=\"article:published_time\" content=\"2017-08-04T11:39:07+00:00\" \/>\n<meta property=\"article:modified_time\" content=\"2017-11-13T15:27:01+00:00\" \/>\n<meta property=\"og:image\" content=\"https:\/\/publication-evangelique.com\/wp-content\/uploads\/1395.jpg\" \/>\n\t<meta property=\"og:image:width\" content=\"1280\" \/>\n\t<meta property=\"og:image:height\" content=\"853\" \/>\n\t<meta property=\"og:image:type\" content=\"image\/jpeg\" \/>\n<meta name=\"author\" content=\"Daniel Poulin\" \/>\n<meta name=\"twitter:label1\" content=\"\u00c9crit par\" \/>\n\t<meta name=\"twitter:data1\" content=\"Daniel Poulin\" \/>\n\t<meta name=\"twitter:label2\" content=\"Dur\u00e9e de lecture estim\u00e9e\" \/>\n\t<meta name=\"twitter:data2\" content=\"5 minutes\" \/>\n<script type=\"application\/ld+json\" class=\"yoast-schema-graph\">{\"@context\":\"https:\\\/\\\/schema.org\",\"@graph\":[{\"@type\":\"Article\",\"@id\":\"https:\\\/\\\/publication-evangelique.com\\\/?p=12793#article\",\"isPartOf\":{\"@id\":\"https:\\\/\\\/publication-evangelique.com\\\/?p=12793\"},\"author\":{\"name\":\"Daniel Poulin\",\"@id\":\"https:\\\/\\\/publication-evangelique.com\\\/#\\\/schema\\\/person\\\/a7aa86223ca614c8c1a737d18c95460c\"},\"headline\":\"Nous sommes gr\u00e2ce au Christ, devenu \u00ab forts \u00bb dans le Seigneur\",\"datePublished\":\"2017-08-04T11:39:07+00:00\",\"dateModified\":\"2017-11-13T15:27:01+00:00\",\"mainEntityOfPage\":{\"@id\":\"https:\\\/\\\/publication-evangelique.com\\\/?p=12793\"},\"wordCount\":992,\"commentCount\":0,\"publisher\":{\"@id\":\"https:\\\/\\\/publication-evangelique.com\\\/#\\\/schema\\\/person\\\/a7aa86223ca614c8c1a737d18c95460c\"},\"image\":{\"@id\":\"https:\\\/\\\/publication-evangelique.com\\\/?p=12793#primaryimage\"},\"thumbnailUrl\":\"https:\\\/\\\/publication-evangelique.com\\\/wp-content\\\/uploads\\\/1395.jpg\",\"keywords\":[\"forts\",\"Seigneur\"],\"articleSection\":[\"Notre position\"],\"inLanguage\":\"fr-FR\"},{\"@type\":\"WebPage\",\"@id\":\"https:\\\/\\\/publication-evangelique.com\\\/?p=12793\",\"url\":\"https:\\\/\\\/publication-evangelique.com\\\/?p=12793\",\"name\":\"Nous sommes gr\u00e2ce au Christ, devenu \u00ab forts \u00bb dans le Seigneur - Publication \u00c9vang\u00e9lique\",\"isPartOf\":{\"@id\":\"https:\\\/\\\/publication-evangelique.com\\\/#website\"},\"primaryImageOfPage\":{\"@id\":\"https:\\\/\\\/publication-evangelique.com\\\/?p=12793#primaryimage\"},\"image\":{\"@id\":\"https:\\\/\\\/publication-evangelique.com\\\/?p=12793#primaryimage\"},\"thumbnailUrl\":\"https:\\\/\\\/publication-evangelique.com\\\/wp-content\\\/uploads\\\/1395.jpg\",\"datePublished\":\"2017-08-04T11:39:07+00:00\",\"dateModified\":\"2017-11-13T15:27:01+00:00\",\"breadcrumb\":{\"@id\":\"https:\\\/\\\/publication-evangelique.com\\\/?p=12793#breadcrumb\"},\"inLanguage\":\"fr-FR\",\"potentialAction\":[{\"@type\":\"ReadAction\",\"target\":[\"https:\\\/\\\/publication-evangelique.com\\\/?p=12793\"]}]},{\"@type\":\"ImageObject\",\"inLanguage\":\"fr-FR\",\"@id\":\"https:\\\/\\\/publication-evangelique.com\\\/?p=12793#primaryimage\",\"url\":\"https:\\\/\\\/publication-evangelique.com\\\/wp-content\\\/uploads\\\/1395.jpg\",\"contentUrl\":\"https:\\\/\\\/publication-evangelique.com\\\/wp-content\\\/uploads\\\/1395.jpg\",\"width\":1280,\"height\":853},{\"@type\":\"BreadcrumbList\",\"@id\":\"https:\\\/\\\/publication-evangelique.com\\\/?p=12793#breadcrumb\",\"itemListElement\":[{\"@type\":\"ListItem\",\"position\":1,\"name\":\"Accueil\",\"item\":\"https:\\\/\\\/publication-evangelique.com\\\/\"},{\"@type\":\"ListItem\",\"position\":2,\"name\":\"Nous sommes gr\u00e2ce au Christ, devenu \u00ab forts \u00bb dans le Seigneur\"}]},{\"@type\":\"WebSite\",\"@id\":\"https:\\\/\\\/publication-evangelique.com\\\/#website\",\"url\":\"https:\\\/\\\/publication-evangelique.com\\\/\",\"name\":\"Daniel Poulin - publication-evangelique.com\",\"description\":\"Daniel Poulin\",\"publisher\":{\"@id\":\"https:\\\/\\\/publication-evangelique.com\\\/#\\\/schema\\\/person\\\/a7aa86223ca614c8c1a737d18c95460c\"},\"potentialAction\":[{\"@type\":\"SearchAction\",\"target\":{\"@type\":\"EntryPoint\",\"urlTemplate\":\"https:\\\/\\\/publication-evangelique.com\\\/?s={search_term_string}\"},\"query-input\":{\"@type\":\"PropertyValueSpecification\",\"valueRequired\":true,\"valueName\":\"search_term_string\"}}],\"inLanguage\":\"fr-FR\"},{\"@type\":[\"Person\",\"Organization\"],\"@id\":\"https:\\\/\\\/publication-evangelique.com\\\/#\\\/schema\\\/person\\\/a7aa86223ca614c8c1a737d18c95460c\",\"name\":\"Daniel Poulin\",\"image\":{\"@type\":\"ImageObject\",\"inLanguage\":\"fr-FR\",\"@id\":\"https:\\\/\\\/publication-evangelique.com\\\/wp-content\\\/uploads\\\/daniel5-1.jpg\",\"url\":\"https:\\\/\\\/publication-evangelique.com\\\/wp-content\\\/uploads\\\/daniel5-1.jpg\",\"contentUrl\":\"https:\\\/\\\/publication-evangelique.com\\\/wp-content\\\/uploads\\\/daniel5-1.jpg\",\"width\":833,\"height\":969,\"caption\":\"Daniel Poulin\"},\"logo\":{\"@id\":\"https:\\\/\\\/publication-evangelique.com\\\/wp-content\\\/uploads\\\/daniel5-1.jpg\"},\"description\":\"Bonjour, ici Daniel Poulin! Je suis un chr\u00e9tien n\u00e9 de nouveau depuis 1980, ayant parcouru un cheminement avec le Seigneur J\u00e9sus-Christ, j'ai construit ce site afin de partager mes connaissances de la parole de Dieu \\\" La Bible \\\" Je travaille aussi au d\u00e9veloppement de la station de radio chr\u00e9tienne fran\u00e7aise \u00e0 Montr\u00e9al, \\\" La Radio Gospel \\\" que vous pouvez voir ici http:\\\/\\\/laradiogospel.ca Je fr\u00e9quente aussi une \u00e9glise, dont je pr\u00eache et j\u2019enseigne la parole de Dieu. La communaut\u00e9 \u00c9vang\u00e9lique de l'Agneau \\\" , voici l'adresse, http:\\\/\\\/communauteevangelique.ca\\\/\",\"sameAs\":[\"https:\\\/\\\/publication-evangelique.com\",\"https:\\\/\\\/www.facebook.com\\\/danielpoulin75\",\"https:\\\/\\\/www.linkedin.com\\\/in\\\/daniel-poulin-64614745\\\/\",\"https:\\\/\\\/x.com\\\/https:\\\/\\\/twitter.com\\\/Daniel_Poulin\",\"https:\\\/\\\/www.youtube.com\\\/user\\\/danielpoulin75\\\/videos\"]}]}<\/script>\n<!-- \/ Yoast SEO plugin. -->","yoast_head_json":{"title":"Nous sommes gr\u00e2ce au Christ, devenu \u00ab forts \u00bb dans le Seigneur - Publication \u00c9vang\u00e9lique","robots":{"index":"index","follow":"follow","max-snippet":"max-snippet:-1","max-image-preview":"max-image-preview:large","max-video-preview":"max-video-preview:-1"},"canonical":"https:\/\/publication-evangelique.com\/?p=12793","og_locale":"fr_FR","og_type":"article","og_title":"Nous sommes gr\u00e2ce au Christ, devenu \u00ab forts \u00bb dans le Seigneur - Publication \u00c9vang\u00e9lique","og_description":"Comment prenez-vous la vie pr\u00e9sentement? En relaxant, en cherchant du bon temps? Savez-vous que Dieu ne nous a pas envoy\u00e9 passer des vacances sur la terre?","og_url":"https:\/\/publication-evangelique.com\/?p=12793","og_site_name":"Publication \u00c9vang\u00e9lique","article_publisher":"https:\/\/www.facebook.com\/danielpoulin75","article_author":"https:\/\/www.facebook.com\/danielpoulin75","article_published_time":"2017-08-04T11:39:07+00:00","article_modified_time":"2017-11-13T15:27:01+00:00","og_image":[{"width":1280,"height":853,"url":"https:\/\/publication-evangelique.com\/wp-content\/uploads\/1395.jpg","type":"image\/jpeg"}],"author":"Daniel Poulin","twitter_misc":{"\u00c9crit par":"Daniel Poulin","Dur\u00e9e de lecture estim\u00e9e":"5 minutes"},"schema":{"@context":"https:\/\/schema.org","@graph":[{"@type":"Article","@id":"https:\/\/publication-evangelique.com\/?p=12793#article","isPartOf":{"@id":"https:\/\/publication-evangelique.com\/?p=12793"},"author":{"name":"Daniel Poulin","@id":"https:\/\/publication-evangelique.com\/#\/schema\/person\/a7aa86223ca614c8c1a737d18c95460c"},"headline":"Nous sommes gr\u00e2ce au Christ, devenu \u00ab forts \u00bb dans le Seigneur","datePublished":"2017-08-04T11:39:07+00:00","dateModified":"2017-11-13T15:27:01+00:00","mainEntityOfPage":{"@id":"https:\/\/publication-evangelique.com\/?p=12793"},"wordCount":992,"commentCount":0,"publisher":{"@id":"https:\/\/publication-evangelique.com\/#\/schema\/person\/a7aa86223ca614c8c1a737d18c95460c"},"image":{"@id":"https:\/\/publication-evangelique.com\/?p=12793#primaryimage"},"thumbnailUrl":"https:\/\/publication-evangelique.com\/wp-content\/uploads\/1395.jpg","keywords":["forts","Seigneur"],"articleSection":["Notre position"],"inLanguage":"fr-FR"},{"@type":"WebPage","@id":"https:\/\/publication-evangelique.com\/?p=12793","url":"https:\/\/publication-evangelique.com\/?p=12793","name":"Nous sommes gr\u00e2ce au Christ, devenu \u00ab forts \u00bb dans le Seigneur - Publication \u00c9vang\u00e9lique","isPartOf":{"@id":"https:\/\/publication-evangelique.com\/#website"},"primaryImageOfPage":{"@id":"https:\/\/publication-evangelique.com\/?p=12793#primaryimage"},"image":{"@id":"https:\/\/publication-evangelique.com\/?p=12793#primaryimage"},"thumbnailUrl":"https:\/\/publication-evangelique.com\/wp-content\/uploads\/1395.jpg","datePublished":"2017-08-04T11:39:07+00:00","dateModified":"2017-11-13T15:27:01+00:00","breadcrumb":{"@id":"https:\/\/publication-evangelique.com\/?p=12793#breadcrumb"},"inLanguage":"fr-FR","potentialAction":[{"@type":"ReadAction","target":["https:\/\/publication-evangelique.com\/?p=12793"]}]},{"@type":"ImageObject","inLanguage":"fr-FR","@id":"https:\/\/publication-evangelique.com\/?p=12793#primaryimage","url":"https:\/\/publication-evangelique.com\/wp-content\/uploads\/1395.jpg","contentUrl":"https:\/\/publication-evangelique.com\/wp-content\/uploads\/1395.jpg","width":1280,"height":853},{"@type":"BreadcrumbList","@id":"https:\/\/publication-evangelique.com\/?p=12793#breadcrumb","itemListElement":[{"@type":"ListItem","position":1,"name":"Accueil","item":"https:\/\/publication-evangelique.com\/"},{"@type":"ListItem","position":2,"name":"Nous sommes gr\u00e2ce au Christ, devenu \u00ab forts \u00bb dans le Seigneur"}]},{"@type":"WebSite","@id":"https:\/\/publication-evangelique.com\/#website","url":"https:\/\/publication-evangelique.com\/","name":"Daniel Poulin - publication-evangelique.com","description":"Daniel Poulin","publisher":{"@id":"https:\/\/publication-evangelique.com\/#\/schema\/person\/a7aa86223ca614c8c1a737d18c95460c"},"potentialAction":[{"@type":"SearchAction","target":{"@type":"EntryPoint","urlTemplate":"https:\/\/publication-evangelique.com\/?s={search_term_string}"},"query-input":{"@type":"PropertyValueSpecification","valueRequired":true,"valueName":"search_term_string"}}],"inLanguage":"fr-FR"},{"@type":["Person","Organization"],"@id":"https:\/\/publication-evangelique.com\/#\/schema\/person\/a7aa86223ca614c8c1a737d18c95460c","name":"Daniel Poulin","image":{"@type":"ImageObject","inLanguage":"fr-FR","@id":"https:\/\/publication-evangelique.com\/wp-content\/uploads\/daniel5-1.jpg","url":"https:\/\/publication-evangelique.com\/wp-content\/uploads\/daniel5-1.jpg","contentUrl":"https:\/\/publication-evangelique.com\/wp-content\/uploads\/daniel5-1.jpg","width":833,"height":969,"caption":"Daniel Poulin"},"logo":{"@id":"https:\/\/publication-evangelique.com\/wp-content\/uploads\/daniel5-1.jpg"},"description":"Bonjour, ici Daniel Poulin! Je suis un chr\u00e9tien n\u00e9 de nouveau depuis 1980, ayant parcouru un cheminement avec le Seigneur J\u00e9sus-Christ, j'ai construit ce site afin de partager mes connaissances de la parole de Dieu \" La Bible \" Je travaille aussi au d\u00e9veloppement de la station de radio chr\u00e9tienne fran\u00e7aise \u00e0 Montr\u00e9al, \" La Radio Gospel \" que vous pouvez voir ici http:\/\/laradiogospel.ca Je fr\u00e9quente aussi une \u00e9glise, dont je pr\u00eache et j\u2019enseigne la parole de Dieu. La communaut\u00e9 \u00c9vang\u00e9lique de l'Agneau \" , voici l'adresse, http:\/\/communauteevangelique.ca\/","sameAs":["https:\/\/publication-evangelique.com","https:\/\/www.facebook.com\/danielpoulin75","https:\/\/www.linkedin.com\/in\/daniel-poulin-64614745\/","https:\/\/x.com\/https:\/\/twitter.com\/Daniel_Poulin","https:\/\/www.youtube.com\/user\/danielpoulin75\/videos"]}]}},"_links":{"self":[{"href":"https:\/\/publication-evangelique.com\/index.php?rest_route=\/wp\/v2\/posts\/12793","targetHints":{"allow":["GET"]}}],"collection":[{"href":"https:\/\/publication-evangelique.com\/index.php?rest_route=\/wp\/v2\/posts"}],"about":[{"href":"https:\/\/publication-evangelique.com\/index.php?rest_route=\/wp\/v2\/types\/post"}],"author":[{"embeddable":true,"href":"https:\/\/publication-evangelique.com\/index.php?rest_route=\/wp\/v2\/users\/1"}],"replies":[{"embeddable":true,"href":"https:\/\/publication-evangelique.com\/index.php?rest_route=%2Fwp%2Fv2%2Fcomments&post=12793"}],"version-history":[{"count":0,"href":"https:\/\/publication-evangelique.com\/index.php?rest_route=\/wp\/v2\/posts\/12793\/revisions"}],"wp:featuredmedia":[{"embeddable":true,"href":"https:\/\/publication-evangelique.com\/index.php?rest_route=\/wp\/v2\/media\/13204"}],"wp:attachment":[{"href":"https:\/\/publication-evangelique.com\/index.php?rest_route=%2Fwp%2Fv2%2Fmedia&parent=12793"}],"wp:term":[{"taxonomy":"category","embeddable":true,"href":"https:\/\/publication-evangelique.com\/index.php?rest_route=%2Fwp%2Fv2%2Fcategories&post=12793"},{"taxonomy":"post_tag","embeddable":true,"href":"https:\/\/publication-evangelique.com\/index.php?rest_route=%2Fwp%2Fv2%2Ftags&post=12793"}],"curies":[{"name":"wp","href":"https:\/\/api.w.org\/{rel}","templated":true}]}}