{"id":15302,"date":"2018-10-25T09:35:34","date_gmt":"2018-10-25T14:35:34","guid":{"rendered":"http:\/\/publication-evangelique.com\/?p=15302"},"modified":"2018-10-26T07:40:34","modified_gmt":"2018-10-26T12:40:34","slug":"les-coeurs-endurcis","status":"publish","type":"post","link":"https:\/\/publication-evangelique.com\/?p=15302","title":{"rendered":"Les c\u0153urs endurcis"},"content":{"rendered":"<h3>La croissance par le Saint-Esprit est pour ceux qui ont soif d\u2019\u00eatre dirig\u00e9e par Dieu. <\/h3>\n<p><audio style= \" width: 480px; \" src= \" https:\/\/publication-evangelique.com\/media\/grandir_dans_le_seigneur\/24\/18_10_21.mp3 \" preload= \" none \" controls= \" controls \" ><\/audio><br \/>\n<strong>T\u00e9l\u00e9charger &#8211;&gt; <\/strong><a href= \" https:\/\/publication-evangelique.com\/media\/grandir_dans_le_seigneur\/24\/18_10_21.mp3 \" >MP3<\/a><\/p>\n<p>Dieu veut notre croissance, et que nous apprenions \u00e0 l\u2019\u00e9couter.<br \/>\nNous avons \u00e9tudi\u00e9 les sujets sur les c\u0153urs partag\u00e9s, m\u00e9chants, paresseux&#8230; <\/p>\n<p><strong>Sommes-nous de ceux qui prennent soin de leur \u00e2me?<br \/>\n<a href= \" https:\/\/bible.publication-evangelique.com\/proverbes#16.17 \" rel= \" noopener \" target= \" _blank \" >Proverbe 16:17<\/a><\/strong> le chemin des hommes droits, c\u2019est d\u2019\u00e9viter le mal ; celui qui garde son \u00e2me veille sur sa voie.<\/p>\n<p><strong>L\u2019ap\u00f4tre Paul a fait un triste constat sur l\u2019\u00e9tat du c\u0153ur des gens de ce monde. <!--more--><br \/>\n<a href= \" https:\/\/bible.publication-evangelique.com\/ephesiens#4.18 \" rel= \" noopener \" target= \" _blank \" >\u00c9ph\u00e9siens 4:18<\/a><\/strong> ils ont l\u2019intelligence obscurcie, ils sont \u00e9trangers \u00e0 la vie de Dieu, \u00e0 cause de l\u2019ignorance qui est en eux, \u00e0 cause de l\u2019endurcissement de leur c\u0153ur.<\/p>\n<p><strong>Les gens se d\u00e9tournent de Dieu et sans le savoir ils se privent des b\u00e9n\u00e9dictions de Dieu.<br \/>\n<a href= \" https:\/\/bible.publication-evangelique.com\/proverbes#28.9 \" rel= \" noopener \" target= \" _blank \" >Proverbes 28:9<\/a><\/strong> si quelqu\u2019un d\u00e9tourne l\u2019oreille pour ne pas \u00e9couter la loi, sa pri\u00e8re m\u00eame est une abomination.<\/p>\n<p><strong>Dieu a envoy\u00e9 son Fils avec sa parole et ses miracles et les gens ne croyaient point.<br \/>\n<a href= \" https:\/\/bible.publication-evangelique.com\/jean#12.37 \" rel= \" noopener \" target= \" _blank \" >Jean 12:37-41<\/a><\/strong> Malgr\u00e9 tant de miracles qu\u2019il avait faits en leur pr\u00e9sence, ils ne croyaient pas en lui, 38 afin que s\u2019accompl\u00eet la parole qu\u2019\u00c9sa\u00efe, le proph\u00e8te, a prononc\u00e9e : Seigneur, Qui a cru \u00e0 notre pr\u00e9dication ? Et \u00e0 qui le bras du Seigneur a-t-il \u00e9t\u00e9 r\u00e9v\u00e9l\u00e9 ? 39 Aussi ne pouvaient-ils croire, parce qu\u2019\u00c9sa\u00efe a dit encore : 40 Il a aveugl\u00e9 leurs yeux ; et il a endurci leur c\u0153ur, de peur qu\u2019ils ne voient des yeux, qu\u2019ils ne comprennent du c\u0153ur, qu\u2019ils ne se convertissent, et que je ne les gu\u00e9risse. 41 \u00c9sa\u00efe dit ces choses, lorsqu\u2019il vit sa gloire, et qu\u2019il parla de lui.<\/p>\n<p>LSG &#8211; endurci, devenu dur<br \/>\n1) recouvrir d\u2019une peau \u00e9paisse, durci par le recouvrement d\u2019une callosit\u00e9<br \/>\n2) m\u00e9taphore 2a) rendre le c\u0153ur dur, aigri 2b) devenir dur, engourdi, terne, perdre le pouvoir de<br \/>\ncompr\u00e9hension<\/p>\n<p><strong>La r\u00e9v\u00e9lation dans la nouvelle alliance nous dit que l\u2019aveuglement spirituel et l\u2019endurcissement sont des effets directs de Satan.<br \/>\n<a href= \" https:\/\/bible.publication-evangelique.com\/2-corinthiens#4.3 \" rel= \" noopener \" target= \" _blank \" >2 Corinthiens 4:3-4<\/a><\/strong> Si notre \u00c9vangile est encore voil\u00e9, il est voil\u00e9 pour ceux qui p\u00e9rissent ;4 pour les incr\u00e9dules dont le dieu de ce si\u00e8cle a aveugl\u00e9 l\u2019intelligence, afin qu\u2019ils ne vissent pas briller la splendeur de l\u2019\u00c9vangile de la gloire de Christ, qui est l\u2019image de Dieu.<\/p>\n<p><strong>Les juifs ont aussi entendu la bonne nouvelle et ils ne l\u2019ont pas saisi le message.<br \/>\n<a href= \" https:\/\/bible.publication-evangelique.com\/hebreux#4.2 \" rel= \" noopener \" target= \" _blank \" >H\u00e9breux 4:2<\/a><\/strong> car cette bonne nouvelle nous a \u00e9t\u00e9 annonc\u00e9e aussi bien qu\u2019\u00e0 eux ; mais la parole qui leur fut annonc\u00e9e ne leur servit de rien, parce qu\u2019elle ne trouva pas de la foi chez ceux qui l\u2019entendirent.<\/p>\n<p><strong>M\u00eame pour les chr\u00e9tiens, le fait de ne pas croire la parole de Dieu d\u00e9montre la duret\u00e9 de notre c\u0153ur.<br \/>\n<a href= \" https:\/\/bible.publication-evangelique.com\/marc#16.14 \" rel= \" noopener \" target= \" _blank \" >Marc 16:14<\/a><\/strong> enfin, il apparut aux onze, pendant qu\u2019ils \u00e9taient \u00e0 table ; et il leur reprocha leur incr\u00e9dulit\u00e9 et la duret\u00e9 de leur c\u0153ur, parce qu\u2019ils n\u2019avaient pas cru ceux qui l\u2019avaient vu ressuscit\u00e9.<\/p>\n<p><strong>Dieu appelle toutes ses cr\u00e9atures \u00e0 venir se prosterner et \u00e9couter sa voix.<br \/>\n<a href= \" https:\/\/bible.publication-evangelique.com\/psaumes#95.6 \" rel= \" noopener \" target= \" _blank \" >Psaumes 95:6-7<\/a><\/strong> Venez, prosternons-nous et humilions-nous, Fl\u00e9chissons le genou devant l\u2019\u00c9ternel, notre cr\u00e9ateur ! 7 Car il est notre Dieu, Et nous sommes le peuple de son p\u00e2turage, Le troupeau que sa main conduit \u2026 Oh ! si vous pouviez \u00e9couter aujourd\u2019hui sa voix ! <\/p>\n<p><strong>L\u2019endurcissement du c\u0153ur et l\u2019imp\u00e9nitence face \u00e0 son appel auront comme cons\u00e9quence le jugement de Dieu.<br \/>\n<a href= \" https:\/\/bible.publication-evangelique.com\/romains#2.5 \" rel= \" noopener \" target= \" _blank \" >Romains 2:5-6<\/a><\/strong> Mais, par ton endurcissement et par ton c\u0153ur imp\u00e9nitent, tu t\u2019amasses un tr\u00e9sor de col\u00e8re pour le jour de la col\u00e8re et de la manifestation du juste jugement de Dieu, 6 qui rendra \u00e0 chacun selon ses \u0153uvres ;<\/p>\n<p>Pour nous, pour notre croissance dans le Seigneur, il faut aussi se soumettre et apprendre \u00e0 \u00e9couter sa voix.<\/p>\n<p><strong>Dieu encourage ses disciples \u00e0 ne pas s\u2019endurcir comme les juifs dans le d\u00e9sert.<br \/>\n<a href= \" https:\/\/bible.publication-evangelique.com\/hebreux#3.6 \" rel= \" noopener \" target= \" _blank \" >H\u00e9breux 3:6<\/a><\/strong> mais Christ l\u2019est comme Fils sur sa maison ; et sa maison, c\u2019est nous, pourvu que nous retenions jusqu\u2019\u00e0 la fin la ferme confiance et l\u2019esp\u00e9rance dont nous nous glorifions. 7 C\u2019est pourquoi, selon ce que dit le Saint-Esprit : Aujourd\u2019hui, si vous entendez sa voix, 8 n\u2019endurcissez pas vos c\u0153urs, comme lors de la r\u00e9volte, le jour de la tentation dans le d\u00e9sert,<\/p>\n<p><strong>L\u2019endurcissement am\u00e8ne les gens \u00e0 abandonner Dieu.<br \/>\n<a href= \" https:\/\/bible.publication-evangelique.com\/hebreux#3.12 \" rel= \" noopener \" target= \" _blank \" >H\u00e9breux 3:12<\/a><\/strong> prenez garde, fr\u00e8res, que quelqu\u2019un de vous n\u2019ait un c\u0153ur mauvais et incr\u00e9dule, au point de se d\u00e9tourner du Dieu vivant.<\/p>\n<p><strong>Encourageons-nous \u00e0 pers\u00e9v\u00e9rer dans la communion et l\u2019ob\u00e9issance envers Dieu chaque jour.<br \/>\n<a href= \" https:\/\/bible.publication-evangelique.com\/hebreux#3.13 \" rel= \" noopener \" target= \" _blank \" >H\u00e9breux 3:13<\/a><\/strong> mais exhortez-vous les uns les autres chaque jour, aussi longtemps qu\u2019on peut dire : Aujourd\u2019hui ! afin qu\u2019aucun de vous ne s\u2019endurcisse par la s\u00e9duction du p\u00e9ch\u00e9.<\/p>\n<p><strong>Nous avons les promesses, \u00e9coutons Dieu!<br \/>\n<a href= \" https:\/\/bible.publication-evangelique.com\/hebreux#3.14 \" rel= \" noopener \" target= \" _blank \" >H\u00e9breux 3:14<\/a><\/strong> car nous sommes devenus participants de Christ, pourvu que nous retenions fermement jusqu\u2019\u00e0 la fin l\u2019assurance que nous avions au commencement, 15 pendant qu\u2019il est dit : Aujourd\u2019hui, si vous entendez sa voix, n\u2019endurcissez pas vos c\u0153urs, comme lors de la r\u00e9volte.<\/p>\n<p>&#8212;&#8212;&#8212;&#8212;&#8212;&#8212;<\/p>\n<p>Daniel Poulin<br \/>\n<a title= \" Publication \u00c9vang\u00e9lique \" href= \" https:\/\/publication-evangelique.com \" target= \" _blank \" rel= \" noopener \" >https:\/\/publication-evangelique.com<\/a><\/p>\n<p><strong>Adresse de ce blogue :<\/strong> <a href= \" https:\/\/publication-evangelique.com\/?p=15286 \" > https:\/\/publication-evangelique.com\/?p=15286<\/a><\/p>\n<p><strong>De la s\u00e9rie : <\/strong> <a href= \" https:\/\/publication-evangelique.com\/?page_id=15221 \" > Comment grandir dans le Seigneur?<\/a><\/p>\n","protected":false},"excerpt":{"rendered":"<p>La croissance par le Saint-Esprit est pour ceux qui ont soif d\u2019\u00eatre dirig\u00e9e par Dieu. Dieu veut notre croissance, et que nous apprenions \u00e0 l\u2019\u00e9couter.<\/p>\n <a class=\"more-link\" href=\"https:\/\/publication-evangelique.com\/?p=15302\"><span class=\"more-msg\">Lire la suite &rarr;<\/span><\/a>","protected":false},"author":1,"featured_media":13103,"comment_status":"open","ping_status":"open","sticky":false,"template":"","format":"standard","meta":{"footnotes":""},"categories":[820],"tags":[823,827],"class_list":["post-15302","post","type-post","status-publish","format-standard","has-post-thumbnail","hentry","category-croissance","tag-coeurs","tag-endurcis"],"yoast_head":"<!-- This site is optimized with the Yoast SEO plugin v27.4 - https:\/\/yoast.com\/product\/yoast-seo-wordpress\/ -->\n<title>Les c\u0153urs endurcis - Publication \u00c9vang\u00e9lique<\/title>\n<meta name=\"robots\" content=\"index, follow, max-snippet:-1, max-image-preview:large, max-video-preview:-1\" \/>\n<link rel=\"canonical\" href=\"https:\/\/publication-evangelique.com\/?p=15302\" \/>\n<meta property=\"og:locale\" content=\"fr_FR\" \/>\n<meta property=\"og:type\" content=\"article\" \/>\n<meta property=\"og:title\" content=\"Les c\u0153urs endurcis - Publication \u00c9vang\u00e9lique\" \/>\n<meta property=\"og:description\" content=\"La croissance par le Saint-Esprit est pour ceux qui ont soif d\u2019\u00eatre dirig\u00e9e par Dieu. Dieu veut notre croissance, et que nous apprenions \u00e0 l\u2019\u00e9couter.\" \/>\n<meta property=\"og:url\" content=\"https:\/\/publication-evangelique.com\/?p=15302\" \/>\n<meta property=\"og:site_name\" content=\"Publication \u00c9vang\u00e9lique\" \/>\n<meta property=\"article:publisher\" content=\"https:\/\/www.facebook.com\/danielpoulin75\" \/>\n<meta property=\"article:author\" content=\"https:\/\/www.facebook.com\/danielpoulin75\" \/>\n<meta property=\"article:published_time\" content=\"2018-10-25T14:35:34+00:00\" \/>\n<meta property=\"article:modified_time\" content=\"2018-10-26T12:40:34+00:00\" \/>\n<meta property=\"og:image\" content=\"https:\/\/publication-evangelique.com\/wp-content\/uploads\/1306.jpg\" \/>\n\t<meta property=\"og:image:width\" content=\"1280\" \/>\n\t<meta property=\"og:image:height\" content=\"851\" \/>\n\t<meta property=\"og:image:type\" content=\"image\/jpeg\" \/>\n<meta name=\"author\" content=\"Daniel Poulin\" \/>\n<meta name=\"twitter:label1\" content=\"\u00c9crit par\" \/>\n\t<meta name=\"twitter:data1\" content=\"Daniel Poulin\" \/>\n\t<meta name=\"twitter:label2\" content=\"Dur\u00e9e de lecture estim\u00e9e\" \/>\n\t<meta name=\"twitter:data2\" content=\"5 minutes\" \/>\n<script type=\"application\/ld+json\" class=\"yoast-schema-graph\">{\"@context\":\"https:\\\/\\\/schema.org\",\"@graph\":[{\"@type\":\"Article\",\"@id\":\"https:\\\/\\\/publication-evangelique.com\\\/?p=15302#article\",\"isPartOf\":{\"@id\":\"https:\\\/\\\/publication-evangelique.com\\\/?p=15302\"},\"author\":{\"name\":\"Daniel Poulin\",\"@id\":\"https:\\\/\\\/publication-evangelique.com\\\/#\\\/schema\\\/person\\\/a7aa86223ca614c8c1a737d18c95460c\"},\"headline\":\"Les c\u0153urs endurcis\",\"datePublished\":\"2018-10-25T14:35:34+00:00\",\"dateModified\":\"2018-10-26T12:40:34+00:00\",\"mainEntityOfPage\":{\"@id\":\"https:\\\/\\\/publication-evangelique.com\\\/?p=15302\"},\"wordCount\":934,\"commentCount\":0,\"publisher\":{\"@id\":\"https:\\\/\\\/publication-evangelique.com\\\/#\\\/schema\\\/person\\\/a7aa86223ca614c8c1a737d18c95460c\"},\"image\":{\"@id\":\"https:\\\/\\\/publication-evangelique.com\\\/?p=15302#primaryimage\"},\"thumbnailUrl\":\"https:\\\/\\\/publication-evangelique.com\\\/wp-content\\\/uploads\\\/1306.jpg\",\"keywords\":[\"c\u0153urs\",\"endurcis\"],\"articleSection\":[\"croissance\"],\"inLanguage\":\"fr-FR\"},{\"@type\":\"WebPage\",\"@id\":\"https:\\\/\\\/publication-evangelique.com\\\/?p=15302\",\"url\":\"https:\\\/\\\/publication-evangelique.com\\\/?p=15302\",\"name\":\"Les c\u0153urs endurcis - Publication \u00c9vang\u00e9lique\",\"isPartOf\":{\"@id\":\"https:\\\/\\\/publication-evangelique.com\\\/#website\"},\"primaryImageOfPage\":{\"@id\":\"https:\\\/\\\/publication-evangelique.com\\\/?p=15302#primaryimage\"},\"image\":{\"@id\":\"https:\\\/\\\/publication-evangelique.com\\\/?p=15302#primaryimage\"},\"thumbnailUrl\":\"https:\\\/\\\/publication-evangelique.com\\\/wp-content\\\/uploads\\\/1306.jpg\",\"datePublished\":\"2018-10-25T14:35:34+00:00\",\"dateModified\":\"2018-10-26T12:40:34+00:00\",\"breadcrumb\":{\"@id\":\"https:\\\/\\\/publication-evangelique.com\\\/?p=15302#breadcrumb\"},\"inLanguage\":\"fr-FR\",\"potentialAction\":[{\"@type\":\"ReadAction\",\"target\":[\"https:\\\/\\\/publication-evangelique.com\\\/?p=15302\"]}]},{\"@type\":\"ImageObject\",\"inLanguage\":\"fr-FR\",\"@id\":\"https:\\\/\\\/publication-evangelique.com\\\/?p=15302#primaryimage\",\"url\":\"https:\\\/\\\/publication-evangelique.com\\\/wp-content\\\/uploads\\\/1306.jpg\",\"contentUrl\":\"https:\\\/\\\/publication-evangelique.com\\\/wp-content\\\/uploads\\\/1306.jpg\",\"width\":1280,\"height\":851},{\"@type\":\"BreadcrumbList\",\"@id\":\"https:\\\/\\\/publication-evangelique.com\\\/?p=15302#breadcrumb\",\"itemListElement\":[{\"@type\":\"ListItem\",\"position\":1,\"name\":\"Accueil\",\"item\":\"https:\\\/\\\/publication-evangelique.com\\\/\"},{\"@type\":\"ListItem\",\"position\":2,\"name\":\"Les c\u0153urs endurcis\"}]},{\"@type\":\"WebSite\",\"@id\":\"https:\\\/\\\/publication-evangelique.com\\\/#website\",\"url\":\"https:\\\/\\\/publication-evangelique.com\\\/\",\"name\":\"Daniel Poulin - publication-evangelique.com\",\"description\":\"Daniel Poulin\",\"publisher\":{\"@id\":\"https:\\\/\\\/publication-evangelique.com\\\/#\\\/schema\\\/person\\\/a7aa86223ca614c8c1a737d18c95460c\"},\"potentialAction\":[{\"@type\":\"SearchAction\",\"target\":{\"@type\":\"EntryPoint\",\"urlTemplate\":\"https:\\\/\\\/publication-evangelique.com\\\/?s={search_term_string}\"},\"query-input\":{\"@type\":\"PropertyValueSpecification\",\"valueRequired\":true,\"valueName\":\"search_term_string\"}}],\"inLanguage\":\"fr-FR\"},{\"@type\":[\"Person\",\"Organization\"],\"@id\":\"https:\\\/\\\/publication-evangelique.com\\\/#\\\/schema\\\/person\\\/a7aa86223ca614c8c1a737d18c95460c\",\"name\":\"Daniel Poulin\",\"image\":{\"@type\":\"ImageObject\",\"inLanguage\":\"fr-FR\",\"@id\":\"https:\\\/\\\/publication-evangelique.com\\\/wp-content\\\/uploads\\\/daniel5-1.jpg\",\"url\":\"https:\\\/\\\/publication-evangelique.com\\\/wp-content\\\/uploads\\\/daniel5-1.jpg\",\"contentUrl\":\"https:\\\/\\\/publication-evangelique.com\\\/wp-content\\\/uploads\\\/daniel5-1.jpg\",\"width\":833,\"height\":969,\"caption\":\"Daniel Poulin\"},\"logo\":{\"@id\":\"https:\\\/\\\/publication-evangelique.com\\\/wp-content\\\/uploads\\\/daniel5-1.jpg\"},\"description\":\"Bonjour, ici Daniel Poulin! Je suis un chr\u00e9tien n\u00e9 de nouveau depuis 1980, ayant parcouru un cheminement avec le Seigneur J\u00e9sus-Christ, j'ai construit ce site afin de partager mes connaissances de la parole de Dieu \\\" La Bible \\\" Je travaille aussi au d\u00e9veloppement de la station de radio chr\u00e9tienne fran\u00e7aise \u00e0 Montr\u00e9al, \\\" La Radio Gospel \\\" que vous pouvez voir ici http:\\\/\\\/laradiogospel.ca Je fr\u00e9quente aussi une \u00e9glise, dont je pr\u00eache et j\u2019enseigne la parole de Dieu. La communaut\u00e9 \u00c9vang\u00e9lique de l'Agneau \\\" , voici l'adresse, http:\\\/\\\/communauteevangelique.ca\\\/\",\"sameAs\":[\"https:\\\/\\\/publication-evangelique.com\",\"https:\\\/\\\/www.facebook.com\\\/danielpoulin75\",\"https:\\\/\\\/www.linkedin.com\\\/in\\\/daniel-poulin-64614745\\\/\",\"https:\\\/\\\/x.com\\\/https:\\\/\\\/twitter.com\\\/Daniel_Poulin\",\"https:\\\/\\\/www.youtube.com\\\/user\\\/danielpoulin75\\\/videos\"]}]}<\/script>\n<!-- \/ Yoast SEO plugin. -->","yoast_head_json":{"title":"Les c\u0153urs endurcis - Publication \u00c9vang\u00e9lique","robots":{"index":"index","follow":"follow","max-snippet":"max-snippet:-1","max-image-preview":"max-image-preview:large","max-video-preview":"max-video-preview:-1"},"canonical":"https:\/\/publication-evangelique.com\/?p=15302","og_locale":"fr_FR","og_type":"article","og_title":"Les c\u0153urs endurcis - Publication \u00c9vang\u00e9lique","og_description":"La croissance par le Saint-Esprit est pour ceux qui ont soif d\u2019\u00eatre dirig\u00e9e par Dieu. Dieu veut notre croissance, et que nous apprenions \u00e0 l\u2019\u00e9couter.","og_url":"https:\/\/publication-evangelique.com\/?p=15302","og_site_name":"Publication \u00c9vang\u00e9lique","article_publisher":"https:\/\/www.facebook.com\/danielpoulin75","article_author":"https:\/\/www.facebook.com\/danielpoulin75","article_published_time":"2018-10-25T14:35:34+00:00","article_modified_time":"2018-10-26T12:40:34+00:00","og_image":[{"width":1280,"height":851,"url":"https:\/\/publication-evangelique.com\/wp-content\/uploads\/1306.jpg","type":"image\/jpeg"}],"author":"Daniel Poulin","twitter_misc":{"\u00c9crit par":"Daniel Poulin","Dur\u00e9e de lecture estim\u00e9e":"5 minutes"},"schema":{"@context":"https:\/\/schema.org","@graph":[{"@type":"Article","@id":"https:\/\/publication-evangelique.com\/?p=15302#article","isPartOf":{"@id":"https:\/\/publication-evangelique.com\/?p=15302"},"author":{"name":"Daniel Poulin","@id":"https:\/\/publication-evangelique.com\/#\/schema\/person\/a7aa86223ca614c8c1a737d18c95460c"},"headline":"Les c\u0153urs endurcis","datePublished":"2018-10-25T14:35:34+00:00","dateModified":"2018-10-26T12:40:34+00:00","mainEntityOfPage":{"@id":"https:\/\/publication-evangelique.com\/?p=15302"},"wordCount":934,"commentCount":0,"publisher":{"@id":"https:\/\/publication-evangelique.com\/#\/schema\/person\/a7aa86223ca614c8c1a737d18c95460c"},"image":{"@id":"https:\/\/publication-evangelique.com\/?p=15302#primaryimage"},"thumbnailUrl":"https:\/\/publication-evangelique.com\/wp-content\/uploads\/1306.jpg","keywords":["c\u0153urs","endurcis"],"articleSection":["croissance"],"inLanguage":"fr-FR"},{"@type":"WebPage","@id":"https:\/\/publication-evangelique.com\/?p=15302","url":"https:\/\/publication-evangelique.com\/?p=15302","name":"Les c\u0153urs endurcis - Publication \u00c9vang\u00e9lique","isPartOf":{"@id":"https:\/\/publication-evangelique.com\/#website"},"primaryImageOfPage":{"@id":"https:\/\/publication-evangelique.com\/?p=15302#primaryimage"},"image":{"@id":"https:\/\/publication-evangelique.com\/?p=15302#primaryimage"},"thumbnailUrl":"https:\/\/publication-evangelique.com\/wp-content\/uploads\/1306.jpg","datePublished":"2018-10-25T14:35:34+00:00","dateModified":"2018-10-26T12:40:34+00:00","breadcrumb":{"@id":"https:\/\/publication-evangelique.com\/?p=15302#breadcrumb"},"inLanguage":"fr-FR","potentialAction":[{"@type":"ReadAction","target":["https:\/\/publication-evangelique.com\/?p=15302"]}]},{"@type":"ImageObject","inLanguage":"fr-FR","@id":"https:\/\/publication-evangelique.com\/?p=15302#primaryimage","url":"https:\/\/publication-evangelique.com\/wp-content\/uploads\/1306.jpg","contentUrl":"https:\/\/publication-evangelique.com\/wp-content\/uploads\/1306.jpg","width":1280,"height":851},{"@type":"BreadcrumbList","@id":"https:\/\/publication-evangelique.com\/?p=15302#breadcrumb","itemListElement":[{"@type":"ListItem","position":1,"name":"Accueil","item":"https:\/\/publication-evangelique.com\/"},{"@type":"ListItem","position":2,"name":"Les c\u0153urs endurcis"}]},{"@type":"WebSite","@id":"https:\/\/publication-evangelique.com\/#website","url":"https:\/\/publication-evangelique.com\/","name":"Daniel Poulin - publication-evangelique.com","description":"Daniel Poulin","publisher":{"@id":"https:\/\/publication-evangelique.com\/#\/schema\/person\/a7aa86223ca614c8c1a737d18c95460c"},"potentialAction":[{"@type":"SearchAction","target":{"@type":"EntryPoint","urlTemplate":"https:\/\/publication-evangelique.com\/?s={search_term_string}"},"query-input":{"@type":"PropertyValueSpecification","valueRequired":true,"valueName":"search_term_string"}}],"inLanguage":"fr-FR"},{"@type":["Person","Organization"],"@id":"https:\/\/publication-evangelique.com\/#\/schema\/person\/a7aa86223ca614c8c1a737d18c95460c","name":"Daniel Poulin","image":{"@type":"ImageObject","inLanguage":"fr-FR","@id":"https:\/\/publication-evangelique.com\/wp-content\/uploads\/daniel5-1.jpg","url":"https:\/\/publication-evangelique.com\/wp-content\/uploads\/daniel5-1.jpg","contentUrl":"https:\/\/publication-evangelique.com\/wp-content\/uploads\/daniel5-1.jpg","width":833,"height":969,"caption":"Daniel Poulin"},"logo":{"@id":"https:\/\/publication-evangelique.com\/wp-content\/uploads\/daniel5-1.jpg"},"description":"Bonjour, ici Daniel Poulin! Je suis un chr\u00e9tien n\u00e9 de nouveau depuis 1980, ayant parcouru un cheminement avec le Seigneur J\u00e9sus-Christ, j'ai construit ce site afin de partager mes connaissances de la parole de Dieu \" La Bible \" Je travaille aussi au d\u00e9veloppement de la station de radio chr\u00e9tienne fran\u00e7aise \u00e0 Montr\u00e9al, \" La Radio Gospel \" que vous pouvez voir ici http:\/\/laradiogospel.ca Je fr\u00e9quente aussi une \u00e9glise, dont je pr\u00eache et j\u2019enseigne la parole de Dieu. La communaut\u00e9 \u00c9vang\u00e9lique de l'Agneau \" , voici l'adresse, http:\/\/communauteevangelique.ca\/","sameAs":["https:\/\/publication-evangelique.com","https:\/\/www.facebook.com\/danielpoulin75","https:\/\/www.linkedin.com\/in\/daniel-poulin-64614745\/","https:\/\/x.com\/https:\/\/twitter.com\/Daniel_Poulin","https:\/\/www.youtube.com\/user\/danielpoulin75\/videos"]}]}},"_links":{"self":[{"href":"https:\/\/publication-evangelique.com\/index.php?rest_route=\/wp\/v2\/posts\/15302","targetHints":{"allow":["GET"]}}],"collection":[{"href":"https:\/\/publication-evangelique.com\/index.php?rest_route=\/wp\/v2\/posts"}],"about":[{"href":"https:\/\/publication-evangelique.com\/index.php?rest_route=\/wp\/v2\/types\/post"}],"author":[{"embeddable":true,"href":"https:\/\/publication-evangelique.com\/index.php?rest_route=\/wp\/v2\/users\/1"}],"replies":[{"embeddable":true,"href":"https:\/\/publication-evangelique.com\/index.php?rest_route=%2Fwp%2Fv2%2Fcomments&post=15302"}],"version-history":[{"count":0,"href":"https:\/\/publication-evangelique.com\/index.php?rest_route=\/wp\/v2\/posts\/15302\/revisions"}],"wp:featuredmedia":[{"embeddable":true,"href":"https:\/\/publication-evangelique.com\/index.php?rest_route=\/wp\/v2\/media\/13103"}],"wp:attachment":[{"href":"https:\/\/publication-evangelique.com\/index.php?rest_route=%2Fwp%2Fv2%2Fmedia&parent=15302"}],"wp:term":[{"taxonomy":"category","embeddable":true,"href":"https:\/\/publication-evangelique.com\/index.php?rest_route=%2Fwp%2Fv2%2Fcategories&post=15302"},{"taxonomy":"post_tag","embeddable":true,"href":"https:\/\/publication-evangelique.com\/index.php?rest_route=%2Fwp%2Fv2%2Ftags&post=15302"}],"curies":[{"name":"wp","href":"https:\/\/api.w.org\/{rel}","templated":true}]}}