{"id":15702,"date":"2019-06-22T06:30:53","date_gmt":"2019-06-22T11:30:53","guid":{"rendered":"http:\/\/publication-evangelique.com\/?p=15702"},"modified":"2019-06-22T06:30:53","modified_gmt":"2019-06-22T11:30:53","slug":"galates-116-24","status":"publish","type":"post","link":"https:\/\/publication-evangelique.com\/?p=15702","title":{"rendered":"Galates 1:16-24"},"content":{"rendered":"<h3>Paul raconte le d\u00e9but de sa conversion.<\/h3>\n<p><audio style= \" width: 480px; \" src= \" https:\/\/publication-evangelique.com\/media\/epitre_aux_galates\/24\/19_06_19.mp3 \" preload= \" none \" controls= \" controls \" ><\/audio><br \/>\n<strong>T\u00e9l\u00e9charger &#8211;&gt; <\/strong><a href= \" https:\/\/publication-evangelique.com\/media\/epitre_aux_galates\/24\/19_06_19.mp3 \" >MP3<\/a><\/p>\n<p><strong><a href= \" https:\/\/bible.publication-evangelique.com\/galates#1.15 \" rel= \" noopener noreferrer \" target= \" _blank \" >Galates 1:15-17<\/a><\/strong> Mais, lorsqu\u2019il plut \u00e0 celui qui m\u2019avait mis \u00e0 part d\u00e8s le sein de ma m\u00e8re, et qui m\u2019a appel\u00e9 par sa gr\u00e2ce, 16 de r\u00e9v\u00e9ler en moi son Fils, afin que je l\u2019annon\u00e7asse parmi les pa\u00efens, aussit\u00f4t, je ne consultai ni la chair ni le sang. 17 et je ne montai point \u00e0 J\u00e9rusalem vers ceux qui furent ap\u00f4tres avant moi, mais je partis pour l\u2019Arabie. Puis je revins encore \u00e0 Damas. <\/p>\n<p>Suite \u00e0 sa conversion, Paul n\u2019a pas cherch\u00e9 \u00e0 rencontrer les ap\u00f4tres de J\u00e9rusalem, surtout qu\u2019\u00e0 cause de lui, il y avait eu une pers\u00e9cution et tous les disciples \u00e9taient sortis de J\u00e9rusalem. <!--more--><\/p>\n<p><strong>Il a plut\u00f4t commenc\u00e9 \u00e0 m\u00e9diter et \u00e0 \u00e9couter les r\u00e9v\u00e9lations pour apprendre du Seigneur.<br \/>\n<a href= \" https:\/\/bible.publication-evangelique.com\/actes#26.16 \" rel= \" noopener noreferrer \" target= \" _blank \" >Actes 26:16<\/a><\/strong> mais l\u00e8ve-toi, et tiens-toi sur tes pieds ; car je te suis apparu pour t\u2019\u00e9tablir ministre et t\u00e9moin des choses que tu as vues et de celles pour lesquelles je t\u2019appara\u00eetrai.<\/p>\n<p><strong>Aussit\u00f4t apr\u00e8s sa conversion Paul pr\u00eachait dans les synagogues de Damas que J\u00e9sus \u00e9tait le Christ.<br \/>\n<a href= \" https:\/\/bible.publication-evangelique.com\/actes#9.18 \" rel= \" noopener noreferrer \" target= \" _blank \" >Actes 9:18-20<\/a><\/strong> Au m\u00eame instant, il tomba de ses yeux comme des \u00e9cailles, et il recouvra la vue. Il se leva, et fut baptis\u00e9 ; 19 et, apr\u00e8s qu\u2019il eut pris de la nourriture, les forces lui revinrent. Saul resta quelques jours avec les disciples qui \u00e9taient \u00e0 Damas. 20 Et aussit\u00f4t il pr\u00eacha dans les synagogues que J\u00e9sus est le Fils de Dieu. <\/p>\n<p><strong>Sa pr\u00e9dication devait \u00eatre un peu \u00e0 la mani\u00e8re du d\u00e9moniaque qui a \u00e9t\u00e9 d\u00e9livr\u00e9.<br \/>\n<a href= \" https:\/\/bible.publication-evangelique.com\/marc#5.19 \" rel= \" noopener noreferrer \" target= \" _blank \" >Marc 5:19<\/a><\/strong> J\u00e9sus ne le lui permit pas, mais il lui dit : Va dans ta maison, vers les tiens, et raconte-leur tout ce que le Seigneur t\u2019a fait, et comment il a eu piti\u00e9 de toi.<\/p>\n<p><strong>Tous le monde qui l\u2019entendait \u00e9tait \u00e9tonn\u00e9 de son t\u00e9moignage. Mais lui il se fortifiait dans le Seigneur en pr\u00eachant.<br \/>\n<a href= \" https:\/\/bible.publication-evangelique.com\/actes#26.21 \" rel= \" noopener noreferrer \" target= \" _blank \" >Actes 26:21-22<\/a><\/strong> tous ceux qui l\u2019entendaient \u00e9taient dans l\u2019\u00e9tonnement, et disaient : N\u2019est-ce pas celui qui pers\u00e9cutait \u00e0 J\u00e9rusalem ceux qui invoquent ce nom, et n\u2019est-il pas venu ici pour les emmener li\u00e9s devant les principaux sacrificateurs ? 22 Cependant Saul se fortifiait de plus en plus, et il confondait les Juifs qui habitaient Damas, d\u00e9montrant que J\u00e9sus est le Christ.<\/p>\n<p><strong>Des fois nous pensons que raconter nos exp\u00e9riences s\u2019est suffisant,<br \/>\n<a href= \" https:\/\/bible.publication-evangelique.com\/actes#28.23 \" rel= \" noopener noreferrer \" target= \" _blank \" >Actes 28:23<\/a><\/strong> ils lui fix\u00e8rent un jour, et plusieurs vinrent le trouver dans son logis. Paul leur annon\u00e7a le royaume de Dieu, en rendant t\u00e9moignage, et en cherchant, par la loi de Mo\u00efse et par les proph\u00e8tes, \u00e0 les persuader de ce qui concerne J\u00e9sus. L\u2019entretien dura depuis le matin jusqu\u2019au soir.<\/p>\n<p><strong>Au bout d\u2019un certain temps la pers\u00e9cution arriva et il l\u2019ont sortie de la ville de Damas pour l\u2019amener \u00e0 J\u00e9rusalem.<br \/>\n<a href= \" https:\/\/bible.publication-evangelique.com\/actes#26.23 \" rel= \" noopener noreferrer \" target= \" _blank \" >Actes 26:23-26<\/a><\/strong> Au bout d\u2019un certain temps, les Juifs se concert\u00e8rent pour le tuer, 24 et leur complot parvint \u00e0 la connaissance de Saul. On gardait les portes jour et nuit, afin de lui \u00f4ter la vie. 25 Mais, pendant une nuit, les disciples le prirent, et le descendirent par la muraille, dans une corbeille. 26 Lorsqu\u2019il se rendit \u00e0 J\u00e9rusalem, Saul t\u00e2cha de se joindre \u00e0 eux ; mais tous le craignaient, ne croyant pas qu\u2019il f\u00fbt un disciple. <\/p>\n<p><strong>Barnabas l\u2019a conduit \u00e0 Pierre et il a racont\u00e9 qu\u2019il \u00e9tait un vrai disciple du Christ.<br \/>\n<a href= \" https:\/\/bible.publication-evangelique.com\/actes#26.27 \" rel= \" noopener noreferrer \" target= \" _blank \" >Actes 26:27<\/a><\/strong> alors Barnabas, l\u2019ayant pris avec lui, le conduisit vers les ap\u00f4tres, et leur raconta comment sur le chemin Saul avait vu le Seigneur, qui lui avait parl\u00e9, et comment \u00e0 Damas il avait pr\u00each\u00e9 franchement au nom de J\u00e9sus.<\/p>\n<p><strong>C\u2019est ce que Paul a racont\u00e9 aux gens de la Galatie, qu\u2019il avait rencontr\u00e9 Pierre et Jacques et demeur\u00e9 15 jours avec eux.<br \/>\n<a href= \" https:\/\/bible.publication-evangelique.com\/galates#1.18 \" rel= \" noopener noreferrer \" target= \" _blank \" >Galates 1:18-19<\/a><\/strong> Trois ans plus tard, je montai \u00e0 J\u00e9rusalem pour faire la connaissance de C\u00e9phas, et je demeurai quinze jours chez lui. 19 Mais je ne vis aucun autre des ap\u00f4tres, si ce n\u2019est Jacques, le fr\u00e8re du Seigneur. <\/p>\n<p><strong>Ensuite il a racont\u00e9 comment il a continu\u00e9 l\u2019\u00e9vang\u00e9lisation des contr\u00e9es<br \/>\n<a href= \" https:\/\/bible.publication-evangelique.com\/galates#1.20 \" rel= \" noopener noreferrer \" target= \" _blank \" >Galates 1:20-24<\/a><\/strong> Dans ce que je vous \u00e9cris, voici, devant Dieu, je ne mens point. 21 J\u2019allai ensuite dans les contr\u00e9es de la Syrie et de la Cilicie. 22 Or, j\u2019\u00e9tais inconnu de visage aux \u00c9glises de Jud\u00e9e qui sont en Christ ; 23 seulement, elles avaient entendu dire : celui qui autrefois nous pers\u00e9cutait annonce maintenant la foi qu\u2019il s\u2019effor\u00e7ait alors de d\u00e9truire. 24 Et elles glorifiaient Dieu \u00e0 mon sujet.<\/p>\n<p><strong>Dans son t\u00e9moignage Paul voulait \u00e9laborer sur le fait que ce n\u2019est pas par des hommes qu\u2019il a \u00e9t\u00e9 enseign\u00e9.<br \/>\n<a href= \" https:\/\/bible.publication-evangelique.com\/galates#1.11 \" rel= \" noopener noreferrer \" target= \" _blank \" >Galates 1:11-12<\/a><\/strong> Je vous d\u00e9clare, fr\u00e8res, que l\u2019\u00c9vangile qui a \u00e9t\u00e9 annonc\u00e9 par moi n\u2019est pas de l\u2019homme ; 12 car je ne l\u2019ai ni re\u00e7u ni appris d\u2019un homme, mais par une r\u00e9v\u00e9lation de J\u00e9sus-Christ.<\/p>\n<p><strong>Cela n\u2019emp\u00eache pas qu\u2019il a quand m\u00eame enseign\u00e9 plus tard que le Seigneur nous a donn\u00e9 des pr\u00e9dicateurs pour le perfectionnement des saints.<br \/>\n<a href= \" https:\/\/bible.publication-evangelique.com\/ephesiens#4.11 \" rel= \" noopener noreferrer \" target= \" _blank \" >\u00c9ph\u00e9siens 4:11-12<\/a><\/strong> Et il a donn\u00e9 les uns comme ap\u00f4tres, les autres comme proph\u00e8tes, les autres comme \u00e9vang\u00e9listes, les autres comme pasteurs et docteurs, 12 pour le perfectionnement des saints en vue de l\u2019\u0153uvre du minist\u00e8re et de l\u2019\u00e9dification du corps de Christ,<\/p>\n<p>&#8212;&#8212;&#8212;&#8212;&#8212;&#8211;<\/p>\n<p>Daniel Poulin<br \/>\n<a title= \" Publication \u00c9vang\u00e9lique \" href= \" https:\/\/publication-evangelique.com \" target= \" _blank \" rel= \" noopener noreferrer \" >https:\/\/publication-evangelique.com<\/a><\/p>\n<p><strong>Adresse de ce blogue :<\/strong> <a href= \" https:\/\/publication-evangelique.com\/?p=15702 \" > https:\/\/publication-evangelique.com\/?p=15702<\/a><\/p>\n<p><strong>De la s\u00e9rie : <\/strong> <a href= \" https:\/\/publication-evangelique.com\/?page_id=9689 \" > \u00c9pitre aux Galates<\/a><\/p>\n","protected":false},"excerpt":{"rendered":"<p>Paul raconte le d\u00e9but de sa conversion.<\/p>\n <a class=\"more-link\" href=\"https:\/\/publication-evangelique.com\/?p=15702\"><span class=\"more-msg\">Lire la suite &rarr;<\/span><\/a>","protected":false},"author":1,"featured_media":12800,"comment_status":"open","ping_status":"open","sticky":false,"template":"","format":"standard","meta":{"footnotes":""},"categories":[839],"tags":[840],"class_list":["post-15702","post","type-post","status-publish","format-standard","has-post-thumbnail","hentry","category-epitre-aux-galates","tag-galates"],"yoast_head":"<!-- This site is optimized with the Yoast SEO plugin v27.4 - https:\/\/yoast.com\/product\/yoast-seo-wordpress\/ -->\n<title>Galates 1:16-24 - Publication \u00c9vang\u00e9lique<\/title>\n<meta name=\"robots\" content=\"index, follow, max-snippet:-1, max-image-preview:large, max-video-preview:-1\" \/>\n<link rel=\"canonical\" href=\"https:\/\/publication-evangelique.com\/?p=15702\" \/>\n<meta property=\"og:locale\" content=\"fr_FR\" \/>\n<meta property=\"og:type\" content=\"article\" \/>\n<meta property=\"og:title\" content=\"Galates 1:16-24 - Publication \u00c9vang\u00e9lique\" \/>\n<meta property=\"og:description\" content=\"Paul raconte le d\u00e9but de sa conversion.\" \/>\n<meta property=\"og:url\" content=\"https:\/\/publication-evangelique.com\/?p=15702\" \/>\n<meta property=\"og:site_name\" content=\"Publication \u00c9vang\u00e9lique\" \/>\n<meta property=\"article:publisher\" content=\"https:\/\/www.facebook.com\/danielpoulin75\" \/>\n<meta property=\"article:author\" content=\"https:\/\/www.facebook.com\/danielpoulin75\" \/>\n<meta property=\"article:published_time\" content=\"2019-06-22T11:30:53+00:00\" \/>\n<meta property=\"og:image\" content=\"https:\/\/publication-evangelique.com\/wp-content\/uploads\/1003.jpg\" \/>\n\t<meta property=\"og:image:width\" content=\"1280\" \/>\n\t<meta property=\"og:image:height\" content=\"853\" \/>\n\t<meta property=\"og:image:type\" content=\"image\/jpeg\" \/>\n<meta name=\"author\" content=\"Daniel Poulin\" \/>\n<meta name=\"twitter:label1\" content=\"\u00c9crit par\" \/>\n\t<meta name=\"twitter:data1\" content=\"Daniel Poulin\" \/>\n\t<meta name=\"twitter:label2\" content=\"Dur\u00e9e de lecture estim\u00e9e\" \/>\n\t<meta name=\"twitter:data2\" content=\"5 minutes\" \/>\n<script type=\"application\/ld+json\" class=\"yoast-schema-graph\">{\"@context\":\"https:\\\/\\\/schema.org\",\"@graph\":[{\"@type\":\"Article\",\"@id\":\"https:\\\/\\\/publication-evangelique.com\\\/?p=15702#article\",\"isPartOf\":{\"@id\":\"https:\\\/\\\/publication-evangelique.com\\\/?p=15702\"},\"author\":{\"name\":\"Daniel Poulin\",\"@id\":\"https:\\\/\\\/publication-evangelique.com\\\/#\\\/schema\\\/person\\\/a7aa86223ca614c8c1a737d18c95460c\"},\"headline\":\"Galates 1:16-24\",\"datePublished\":\"2019-06-22T11:30:53+00:00\",\"mainEntityOfPage\":{\"@id\":\"https:\\\/\\\/publication-evangelique.com\\\/?p=15702\"},\"wordCount\":975,\"commentCount\":0,\"publisher\":{\"@id\":\"https:\\\/\\\/publication-evangelique.com\\\/#\\\/schema\\\/person\\\/a7aa86223ca614c8c1a737d18c95460c\"},\"image\":{\"@id\":\"https:\\\/\\\/publication-evangelique.com\\\/?p=15702#primaryimage\"},\"thumbnailUrl\":\"https:\\\/\\\/publication-evangelique.com\\\/wp-content\\\/uploads\\\/1003.jpg\",\"keywords\":[\"galates\"],\"articleSection\":[\"\u00c9pitre aux Galates\"],\"inLanguage\":\"fr-FR\"},{\"@type\":\"WebPage\",\"@id\":\"https:\\\/\\\/publication-evangelique.com\\\/?p=15702\",\"url\":\"https:\\\/\\\/publication-evangelique.com\\\/?p=15702\",\"name\":\"Galates 1:16-24 - Publication \u00c9vang\u00e9lique\",\"isPartOf\":{\"@id\":\"https:\\\/\\\/publication-evangelique.com\\\/#website\"},\"primaryImageOfPage\":{\"@id\":\"https:\\\/\\\/publication-evangelique.com\\\/?p=15702#primaryimage\"},\"image\":{\"@id\":\"https:\\\/\\\/publication-evangelique.com\\\/?p=15702#primaryimage\"},\"thumbnailUrl\":\"https:\\\/\\\/publication-evangelique.com\\\/wp-content\\\/uploads\\\/1003.jpg\",\"datePublished\":\"2019-06-22T11:30:53+00:00\",\"breadcrumb\":{\"@id\":\"https:\\\/\\\/publication-evangelique.com\\\/?p=15702#breadcrumb\"},\"inLanguage\":\"fr-FR\",\"potentialAction\":[{\"@type\":\"ReadAction\",\"target\":[\"https:\\\/\\\/publication-evangelique.com\\\/?p=15702\"]}]},{\"@type\":\"ImageObject\",\"inLanguage\":\"fr-FR\",\"@id\":\"https:\\\/\\\/publication-evangelique.com\\\/?p=15702#primaryimage\",\"url\":\"https:\\\/\\\/publication-evangelique.com\\\/wp-content\\\/uploads\\\/1003.jpg\",\"contentUrl\":\"https:\\\/\\\/publication-evangelique.com\\\/wp-content\\\/uploads\\\/1003.jpg\",\"width\":1280,\"height\":853},{\"@type\":\"BreadcrumbList\",\"@id\":\"https:\\\/\\\/publication-evangelique.com\\\/?p=15702#breadcrumb\",\"itemListElement\":[{\"@type\":\"ListItem\",\"position\":1,\"name\":\"Accueil\",\"item\":\"https:\\\/\\\/publication-evangelique.com\\\/\"},{\"@type\":\"ListItem\",\"position\":2,\"name\":\"Galates 1:16-24\"}]},{\"@type\":\"WebSite\",\"@id\":\"https:\\\/\\\/publication-evangelique.com\\\/#website\",\"url\":\"https:\\\/\\\/publication-evangelique.com\\\/\",\"name\":\"Daniel Poulin - publication-evangelique.com\",\"description\":\"Daniel Poulin\",\"publisher\":{\"@id\":\"https:\\\/\\\/publication-evangelique.com\\\/#\\\/schema\\\/person\\\/a7aa86223ca614c8c1a737d18c95460c\"},\"potentialAction\":[{\"@type\":\"SearchAction\",\"target\":{\"@type\":\"EntryPoint\",\"urlTemplate\":\"https:\\\/\\\/publication-evangelique.com\\\/?s={search_term_string}\"},\"query-input\":{\"@type\":\"PropertyValueSpecification\",\"valueRequired\":true,\"valueName\":\"search_term_string\"}}],\"inLanguage\":\"fr-FR\"},{\"@type\":[\"Person\",\"Organization\"],\"@id\":\"https:\\\/\\\/publication-evangelique.com\\\/#\\\/schema\\\/person\\\/a7aa86223ca614c8c1a737d18c95460c\",\"name\":\"Daniel Poulin\",\"image\":{\"@type\":\"ImageObject\",\"inLanguage\":\"fr-FR\",\"@id\":\"https:\\\/\\\/publication-evangelique.com\\\/wp-content\\\/uploads\\\/daniel5-1.jpg\",\"url\":\"https:\\\/\\\/publication-evangelique.com\\\/wp-content\\\/uploads\\\/daniel5-1.jpg\",\"contentUrl\":\"https:\\\/\\\/publication-evangelique.com\\\/wp-content\\\/uploads\\\/daniel5-1.jpg\",\"width\":833,\"height\":969,\"caption\":\"Daniel Poulin\"},\"logo\":{\"@id\":\"https:\\\/\\\/publication-evangelique.com\\\/wp-content\\\/uploads\\\/daniel5-1.jpg\"},\"description\":\"Bonjour, ici Daniel Poulin! Je suis un chr\u00e9tien n\u00e9 de nouveau depuis 1980, ayant parcouru un cheminement avec le Seigneur J\u00e9sus-Christ, j'ai construit ce site afin de partager mes connaissances de la parole de Dieu \\\" La Bible \\\" Je travaille aussi au d\u00e9veloppement de la station de radio chr\u00e9tienne fran\u00e7aise \u00e0 Montr\u00e9al, \\\" La Radio Gospel \\\" que vous pouvez voir ici http:\\\/\\\/laradiogospel.ca Je fr\u00e9quente aussi une \u00e9glise, dont je pr\u00eache et j\u2019enseigne la parole de Dieu. La communaut\u00e9 \u00c9vang\u00e9lique de l'Agneau \\\" , voici l'adresse, http:\\\/\\\/communauteevangelique.ca\\\/\",\"sameAs\":[\"https:\\\/\\\/publication-evangelique.com\",\"https:\\\/\\\/www.facebook.com\\\/danielpoulin75\",\"https:\\\/\\\/www.linkedin.com\\\/in\\\/daniel-poulin-64614745\\\/\",\"https:\\\/\\\/x.com\\\/https:\\\/\\\/twitter.com\\\/Daniel_Poulin\",\"https:\\\/\\\/www.youtube.com\\\/user\\\/danielpoulin75\\\/videos\"]}]}<\/script>\n<!-- \/ Yoast SEO plugin. -->","yoast_head_json":{"title":"Galates 1:16-24 - Publication \u00c9vang\u00e9lique","robots":{"index":"index","follow":"follow","max-snippet":"max-snippet:-1","max-image-preview":"max-image-preview:large","max-video-preview":"max-video-preview:-1"},"canonical":"https:\/\/publication-evangelique.com\/?p=15702","og_locale":"fr_FR","og_type":"article","og_title":"Galates 1:16-24 - Publication \u00c9vang\u00e9lique","og_description":"Paul raconte le d\u00e9but de sa conversion.","og_url":"https:\/\/publication-evangelique.com\/?p=15702","og_site_name":"Publication \u00c9vang\u00e9lique","article_publisher":"https:\/\/www.facebook.com\/danielpoulin75","article_author":"https:\/\/www.facebook.com\/danielpoulin75","article_published_time":"2019-06-22T11:30:53+00:00","og_image":[{"width":1280,"height":853,"url":"https:\/\/publication-evangelique.com\/wp-content\/uploads\/1003.jpg","type":"image\/jpeg"}],"author":"Daniel Poulin","twitter_misc":{"\u00c9crit par":"Daniel Poulin","Dur\u00e9e de lecture estim\u00e9e":"5 minutes"},"schema":{"@context":"https:\/\/schema.org","@graph":[{"@type":"Article","@id":"https:\/\/publication-evangelique.com\/?p=15702#article","isPartOf":{"@id":"https:\/\/publication-evangelique.com\/?p=15702"},"author":{"name":"Daniel Poulin","@id":"https:\/\/publication-evangelique.com\/#\/schema\/person\/a7aa86223ca614c8c1a737d18c95460c"},"headline":"Galates 1:16-24","datePublished":"2019-06-22T11:30:53+00:00","mainEntityOfPage":{"@id":"https:\/\/publication-evangelique.com\/?p=15702"},"wordCount":975,"commentCount":0,"publisher":{"@id":"https:\/\/publication-evangelique.com\/#\/schema\/person\/a7aa86223ca614c8c1a737d18c95460c"},"image":{"@id":"https:\/\/publication-evangelique.com\/?p=15702#primaryimage"},"thumbnailUrl":"https:\/\/publication-evangelique.com\/wp-content\/uploads\/1003.jpg","keywords":["galates"],"articleSection":["\u00c9pitre aux Galates"],"inLanguage":"fr-FR"},{"@type":"WebPage","@id":"https:\/\/publication-evangelique.com\/?p=15702","url":"https:\/\/publication-evangelique.com\/?p=15702","name":"Galates 1:16-24 - Publication \u00c9vang\u00e9lique","isPartOf":{"@id":"https:\/\/publication-evangelique.com\/#website"},"primaryImageOfPage":{"@id":"https:\/\/publication-evangelique.com\/?p=15702#primaryimage"},"image":{"@id":"https:\/\/publication-evangelique.com\/?p=15702#primaryimage"},"thumbnailUrl":"https:\/\/publication-evangelique.com\/wp-content\/uploads\/1003.jpg","datePublished":"2019-06-22T11:30:53+00:00","breadcrumb":{"@id":"https:\/\/publication-evangelique.com\/?p=15702#breadcrumb"},"inLanguage":"fr-FR","potentialAction":[{"@type":"ReadAction","target":["https:\/\/publication-evangelique.com\/?p=15702"]}]},{"@type":"ImageObject","inLanguage":"fr-FR","@id":"https:\/\/publication-evangelique.com\/?p=15702#primaryimage","url":"https:\/\/publication-evangelique.com\/wp-content\/uploads\/1003.jpg","contentUrl":"https:\/\/publication-evangelique.com\/wp-content\/uploads\/1003.jpg","width":1280,"height":853},{"@type":"BreadcrumbList","@id":"https:\/\/publication-evangelique.com\/?p=15702#breadcrumb","itemListElement":[{"@type":"ListItem","position":1,"name":"Accueil","item":"https:\/\/publication-evangelique.com\/"},{"@type":"ListItem","position":2,"name":"Galates 1:16-24"}]},{"@type":"WebSite","@id":"https:\/\/publication-evangelique.com\/#website","url":"https:\/\/publication-evangelique.com\/","name":"Daniel Poulin - publication-evangelique.com","description":"Daniel Poulin","publisher":{"@id":"https:\/\/publication-evangelique.com\/#\/schema\/person\/a7aa86223ca614c8c1a737d18c95460c"},"potentialAction":[{"@type":"SearchAction","target":{"@type":"EntryPoint","urlTemplate":"https:\/\/publication-evangelique.com\/?s={search_term_string}"},"query-input":{"@type":"PropertyValueSpecification","valueRequired":true,"valueName":"search_term_string"}}],"inLanguage":"fr-FR"},{"@type":["Person","Organization"],"@id":"https:\/\/publication-evangelique.com\/#\/schema\/person\/a7aa86223ca614c8c1a737d18c95460c","name":"Daniel Poulin","image":{"@type":"ImageObject","inLanguage":"fr-FR","@id":"https:\/\/publication-evangelique.com\/wp-content\/uploads\/daniel5-1.jpg","url":"https:\/\/publication-evangelique.com\/wp-content\/uploads\/daniel5-1.jpg","contentUrl":"https:\/\/publication-evangelique.com\/wp-content\/uploads\/daniel5-1.jpg","width":833,"height":969,"caption":"Daniel Poulin"},"logo":{"@id":"https:\/\/publication-evangelique.com\/wp-content\/uploads\/daniel5-1.jpg"},"description":"Bonjour, ici Daniel Poulin! Je suis un chr\u00e9tien n\u00e9 de nouveau depuis 1980, ayant parcouru un cheminement avec le Seigneur J\u00e9sus-Christ, j'ai construit ce site afin de partager mes connaissances de la parole de Dieu \" La Bible \" Je travaille aussi au d\u00e9veloppement de la station de radio chr\u00e9tienne fran\u00e7aise \u00e0 Montr\u00e9al, \" La Radio Gospel \" que vous pouvez voir ici http:\/\/laradiogospel.ca Je fr\u00e9quente aussi une \u00e9glise, dont je pr\u00eache et j\u2019enseigne la parole de Dieu. La communaut\u00e9 \u00c9vang\u00e9lique de l'Agneau \" , voici l'adresse, http:\/\/communauteevangelique.ca\/","sameAs":["https:\/\/publication-evangelique.com","https:\/\/www.facebook.com\/danielpoulin75","https:\/\/www.linkedin.com\/in\/daniel-poulin-64614745\/","https:\/\/x.com\/https:\/\/twitter.com\/Daniel_Poulin","https:\/\/www.youtube.com\/user\/danielpoulin75\/videos"]}]}},"_links":{"self":[{"href":"https:\/\/publication-evangelique.com\/index.php?rest_route=\/wp\/v2\/posts\/15702","targetHints":{"allow":["GET"]}}],"collection":[{"href":"https:\/\/publication-evangelique.com\/index.php?rest_route=\/wp\/v2\/posts"}],"about":[{"href":"https:\/\/publication-evangelique.com\/index.php?rest_route=\/wp\/v2\/types\/post"}],"author":[{"embeddable":true,"href":"https:\/\/publication-evangelique.com\/index.php?rest_route=\/wp\/v2\/users\/1"}],"replies":[{"embeddable":true,"href":"https:\/\/publication-evangelique.com\/index.php?rest_route=%2Fwp%2Fv2%2Fcomments&post=15702"}],"version-history":[{"count":0,"href":"https:\/\/publication-evangelique.com\/index.php?rest_route=\/wp\/v2\/posts\/15702\/revisions"}],"wp:featuredmedia":[{"embeddable":true,"href":"https:\/\/publication-evangelique.com\/index.php?rest_route=\/wp\/v2\/media\/12800"}],"wp:attachment":[{"href":"https:\/\/publication-evangelique.com\/index.php?rest_route=%2Fwp%2Fv2%2Fmedia&parent=15702"}],"wp:term":[{"taxonomy":"category","embeddable":true,"href":"https:\/\/publication-evangelique.com\/index.php?rest_route=%2Fwp%2Fv2%2Fcategories&post=15702"},{"taxonomy":"post_tag","embeddable":true,"href":"https:\/\/publication-evangelique.com\/index.php?rest_route=%2Fwp%2Fv2%2Ftags&post=15702"}],"curies":[{"name":"wp","href":"https:\/\/api.w.org\/{rel}","templated":true}]}}