{"id":16340,"date":"2020-06-06T17:00:59","date_gmt":"2020-06-06T22:00:59","guid":{"rendered":"http:\/\/publication-evangelique.com\/?p=16340"},"modified":"2020-06-06T17:00:59","modified_gmt":"2020-06-06T22:00:59","slug":"les-signes-precedent-lenlevement-de-leglise","status":"publish","type":"post","link":"https:\/\/publication-evangelique.com\/?p=16340","title":{"rendered":"Les signes pr\u00e9c\u00e8dent l\u2019enl\u00e8vement de l\u2019\u00e9glise."},"content":{"rendered":"<h3>Comme nous avons expliqu\u00e9, les signes sont des avertissements du Seigneur. <\/h3>\n<p><audio style= \" width: 480px; \" src= \" https:\/\/publication-evangelique.com\/media\/le_retour_du_seigneur\/24\/20_05_30.mp3 \" preload= \" none \" controls= \" controls \" ><\/audio><br \/>\n<strong>T\u00e9l\u00e9charger &#8211;&gt; <\/strong><a href= \" https:\/\/publication-evangelique.com\/media\/le_retour_du_seigneur\/24\/20_05_30.mp3 \" >MP3<\/a><\/p>\n<p>Il y a eu des signes pour maintenir en \u00e9veil tous les disciples, depuis le d\u00e9part de J\u00e9sus vers son P\u00e8re.<br \/>\nCes signes sont d\u2019une importance capitale, pour le salut de nos \u00e2mes.<br \/>\nIls sont des \u00e9v\u00e8nements majeurs remarquable, visible de nos yeux.<br \/>\nCes \u00e9v\u00e8nements donn\u00e9s en avertissement par Dieu sont des messages d\u2019amour afin que l\u2019on soit pas prie au d\u00e9pourvu et que nous soyons pr\u00eat pour le retour du Seigneur.<br \/>\nLa Bible nous demande que nous nous laissions avertir par les signaux pr\u00e9venants de Dieu. <!--more--><\/p>\n<p><strong>Mais qui veut y pr\u00eater l\u2019oreille pour \u00e9couter la voix du Seigneur? Qui veut \u00e9couter sa parole?<br \/>\n<a href= \" https:\/\/bible.publication-evangelique.com\/esaie#28.23 \" rel= \" noopener noreferrer \" target= \" _blank \" >\u00c9sa\u00efe\u00a028:23<\/a><\/strong> pr\u00eatez l\u2019oreille, et \u00e9coutez ma voix ! Soyez attentifs, et \u00e9coutez ma parole !<\/p>\n<p><strong>Le Seigneur ne fait rien sans l\u2019annoncer d\u2019avance \u00e0 ses serviteurs les proph\u00e8tes.<br \/>\n<a href= \" https:\/\/bible.publication-evangelique.com\/amos#3.7 \" rel= \" noopener noreferrer \" target= \" _blank \" >Amos\u00a03:7<\/a><\/strong> car le Seigneur, l\u2019\u00c9ternel, ne fait rien sans avoir r\u00e9v\u00e9l\u00e9 son secret \u00e0 ses serviteurs les proph\u00e8tes.<\/p>\n<p><strong>Les signes sont donn\u00e9s pour annoncer quelque chose de plus grand.<br \/>\n<a href= \" https:\/\/bible.publication-evangelique.com\/jeremie#44.29 \" rel= \" noopener noreferrer \" target= \" _blank \" >J\u00e9r\u00e9mie\u00a044:29-30<\/a><\/strong> et voici, dit l\u2019\u00c9ternel, un signe auquel vous conna\u00eetrez que je vous ch\u00e2tierai dans ce lieu, afin que vous sachiez que mes paroles s\u2019accompliront sur vous pour votre malheur. 30 Ainsi parle l\u2019\u00c9ternel\u00a0: Voici, je livrerai Pharaon Hophra, roi d\u2019\u00c9gypte, entre les mains de ses ennemis, entre les mains de ceux qui en veulent \u00e0 sa vie, comme j\u2019ai livr\u00e9 S\u00e9d\u00e9cias, roi de Juda, entre les mains de Nebucadnetsar, roi de Babylone, son ennemi, qui en voulait \u00e0 sa vie.<\/p>\n<p><strong>Dans l\u2019histoire, il y a eu souvent de l\u2019opposition de la part des moqueurs. Il y en aura aussi dans notre temps.<br \/>\n<a href= \" https:\/\/bible.publication-evangelique.com\/2-pierre#303 \" rel= \" noopener noreferrer \" target= \" _blank \" >2 Pierre 3:3-7<\/a><\/strong> sachant avant tout que, dans les derniers jours, il viendra des moqueurs avec leurs railleries, marchant selon leurs propres convoitises, 4 et disant\u00a0: O\u00f9 est la promesse de son av\u00e8nement\u00a0? Car, depuis que les p\u00e8res sont morts, tout demeure comme d\u00e8s le commencement de la cr\u00e9ation. 5 ILS VEULENT IGNORER, en effet, que des cieux exist\u00e8rent autrefois par la parole de Dieu, de m\u00eame qu\u2019une terre tir\u00e9e de l\u2019eau et form\u00e9e au moyen de l\u2019eau, 6 et que par ces choses le monde d\u2019alors p\u00e9rit, submerg\u00e9 par l\u2019eau, 7 tandis que, par la m\u00eame parole, les cieux et la terre d\u2019\u00e0 pr\u00e9sent sont gard\u00e9s et r\u00e9serv\u00e9s pour le feu, pour le jour du jugement et de la ruine des hommes impies.<\/p>\n<p><strong>Dieu renforce son message et Il garantit qu\u2019Il agira tel qu\u2019il l\u2019a annonc\u00e9.<br \/>\n<a href= \" https:\/\/bible.publication-evangelique.com\/ezechiel#12.23 \" rel= \" noopener noreferrer \" target= \" _blank \" >\u00c9z\u00e9chiel\u00a012:23<\/a><\/strong> c\u2019est pourquoi dis-leur\u00a0: Ainsi parle le Seigneur, l\u2019\u00c9ternel\u00a0: je ferai cesser ces discours moqueurs ; on ne les tiendra plus en Isra\u00ebl. Dis-leur, au contraire\u00a0: les jours approchent, et toutes les visions s\u2019accompliront.<\/p>\n<p><strong>Le Seigneur dit aux gens de lire la Bible, d\u2019y croire et d\u2019attendre ce qui vient parce que le temps est proche<br \/>\n<a href= \" https:\/\/bible.publication-evangelique.com\/apocalypse#1.3 \" rel= \" noopener noreferrer \" target= \" _blank \" >Apocalypse\u00a01:3<\/a><\/strong> heureuse celui qui lit et ceux qui entendent les paroles de la proph\u00e9tie, et qui gardent les choses qui y sont \u00e9crites ! Car le temps est proche.<\/p>\n<p><strong>Lorsque l\u2019ange sonnera la septi\u00e8me trompette, J\u00e9sus reviendra pour l\u2019enl\u00e8vement et le jugement des nations.<br \/>\n<a href= \" https:\/\/bible.publication-evangelique.com\/apocalypse#10.7 \" rel= \" noopener noreferrer \" target= \" _blank \" >Apocalypse\u00a010:7<\/a><\/strong> mais qu\u2019aux jours de la voix du septi\u00e8me ange, quand il sonnerait de la trompette, le myst\u00e8re de Dieu s\u2019accomplirait, comme il l\u2019a annonc\u00e9 \u00e0 ses serviteurs, les proph\u00e8tes.<\/p>\n<p><strong>C\u2019est tr\u00e8s bien expliqu\u00e9 par l\u2019ap\u00f4tre Paul. Lors du son de la trompette, il y aura l\u2019enl\u00e8vement.<br \/>\n<a href= \" https:\/\/bible.publication-evangelique.com\/1-thessaloniciens#4.15 \" rel= \" noopener noreferrer \" target= \" _blank \" >1 Thessaloniciens 4:15-18<\/a><\/strong> Voici, en effet, ce que nous vous d\u00e9clarons d\u2019apr\u00e8s la parole du Seigneur\u00a0: nous les vivants, rest\u00e9s pour l\u2019av\u00e8nement du Seigneur, nous ne devancerons pas ceux qui sont morts. 16 Car le Seigneur lui-m\u00eame, \u00e0 un signal donn\u00e9, \u00e0 la voix d\u2019un archange, et au son de la trompette de Dieu, descendra du ciel, et les morts en Christ ressusciteront premi\u00e8rement. 17 Ensuite, nous les vivants, qui serons rest\u00e9s, nous serons tous ensemble enlev\u00e9s avec eux sur des nu\u00e9es, \u00e0 la rencontre du Seigneur dans les airs, et ainsi nous serons toujours avec le Seigneur. 18 Consolez-vous donc les uns les autres par ces paroles.<\/p>\n<p><strong>Paul a proph\u00e9tis\u00e9 que l\u2019enl\u00e8vement serait \u00e0 la derni\u00e8re trompette.<br \/>\n<a href= \" https:\/\/bible.publication-evangelique.com\/1-corinthiens#15.52 \" rel= \" noopener noreferrer \" target= \" _blank \" >1 Corinthiens\u00a015:52<\/a><\/strong> en un instant, en un clin d\u2019\u0153il, \u00e0 la derni\u00e8re trompette. La trompette sonnera, et les morts ressusciteront incorruptibles, et nous, nous serons chang\u00e9s.<\/p>\n<p><strong>L\u2019enl\u00e8vement en m\u00eame temps que la premi\u00e8re r\u00e9surrection. Il n\u2019y en a qu\u2019une seule r\u00e9surrection pour les morts sauv\u00e9s et un seul enl\u00e8vement pour les vivants sauv\u00e9s.<br \/>\n<a href= \" https:\/\/bible.publication-evangelique.com\/apocalypse#20.6 \" rel= \" noopener noreferrer \" target= \" _blank \" >Apocalypse\u00a020:6<\/a><\/strong> heureuse et saints ceux qui ont part \u00e0 la premi\u00e8re r\u00e9surrection ! La seconde mort n\u2019a point de pouvoir sur eux ; mais ils seront sacrificateurs de Dieu et de Christ, et ils r\u00e9gneront avec lui pendant mille ans.<\/p>\n<p>Apr\u00e8s ce jour-l\u00e0, la porte de la gr\u00e2ce sera ferm\u00e9e. Voir l\u2019\u00e9tude la semaine pass\u00e9e.<\/p>\n<p><strong>J\u00e9sus nous avertit encore de nous instruire et d\u2019\u00eatre attentifs \u00e0 ses signes afin de ne pas manquer l\u2019enl\u00e8vement.<br \/>\n<a href= \" https:\/\/bible.publication-evangelique.com\/matthieu#24.35 \" rel= \" noopener noreferrer \" target= \" _blank \" >Matthieu 24:32-35<\/a><\/strong> Instruisez-vous par une comparaison tir\u00e9e du figuier. D\u00e8s que ses branches deviennent tendres, et que les feuilles poussent, vous connaissez que l\u2019\u00e9t\u00e9 est proche. 33 De m\u00eame, quand vous verrez toutes ces choses, sachez que le Fils de l\u2019homme est proche, \u00e0 la porte. 34 Je vous le dis en v\u00e9rit\u00e9, cette g\u00e9n\u00e9ration ne passera point, que tout cela n\u2019arrive. 35 Le ciel et la terre passeront, mais mes paroles ne passeront point.<\/p>\n<p><strong>Le retour du Seigneur sera visible, tous le verront. Il nous dit vous verrez tous les signes alors il nous enl\u00e8vera.<br \/>\n<a href= \" https:\/\/bible.publication-evangelique.com\/luc#21.27 \" rel= \" noopener noreferrer \" target= \" _blank \" >Luc 21:27-28<\/a> <\/strong> Alors on verra le Fils de l\u2019homme venant sur une nu\u00e9e avec puissance et une grande gloire. 28 Quand ces choses commenceront \u00e0 arriver, redressez-vous et levez vos t\u00eates, parce que votre d\u00e9livrance approche.<\/p>\n<p><strong>Maintenant qui croit vraiment \u00e0 ce que la parole de Dieu nous annonce? Reconnaissons-nous la parole de l\u2019\u00c9ternel?<br \/>\n<a href= \" https:\/\/bible.publication-evangelique.com\/esaie#53.1 \" rel= \" noopener noreferrer \" target= \" _blank \" >Esa\u00efe\u00a053:1<\/a><\/strong> qui a cru \u00e0 ce qui nous \u00e9tait annonc\u00e9 ? Qui a reconnu le bras de l\u2019\u00c9ternel ?<\/p>\n<p>&#8212;&#8212;&#8212;&#8212;&#8212;&#8212;<\/p>\n<p>Daniel Poulin<br \/>\n<a title= \" Publication \u00c9vang\u00e9lique \" href= \" https:\/\/publication-evangelique.com \" target= \" _blank \" rel= \" noopener noreferrer \" >https:\/\/publication-evangelique.com<\/a><\/p>\n<p><strong>Adresse de ce blogue :<\/strong> <a href= \" https:\/\/publication-evangelique.com\/?p=16340 \" > https:\/\/publication-evangelique.com\/?p=16340<\/a><\/p>\n<p><strong>De la s\u00e9rie : <\/strong> <a href= \" https:\/\/publication-evangelique.com\/?page_id=16294 \" > Le retour du Seigneur J\u00e9sus-Christ<\/a><\/p>\n","protected":false},"excerpt":{"rendered":"<p>Comme nous avons expliqu\u00e9, les signes sont des avertissements du Seigneur. Il y a eu des signes pour maintenir en \u00e9veil tous les disciples, depuis le d\u00e9part de J\u00e9sus vers son P\u00e8re.<\/p>\n <a class=\"more-link\" href=\"https:\/\/publication-evangelique.com\/?p=16340\"><span class=\"more-msg\">Lire la suite &rarr;<\/span><\/a>","protected":false},"author":1,"featured_media":12936,"comment_status":"open","ping_status":"open","sticky":false,"template":"","format":"standard","meta":{"footnotes":""},"categories":[13,3,862],"tags":[125,396,303],"class_list":["post-16340","post","type-post","status-publish","format-standard","has-post-thumbnail","hentry","category-fin-des-temps","category-accueil","category-retour-du-seigneur","tag-eglise","tag-enlevement","tag-signes"],"yoast_head":"<!-- This site is optimized with the Yoast SEO plugin v27.4 - https:\/\/yoast.com\/product\/yoast-seo-wordpress\/ -->\n<title>Les signes pr\u00e9c\u00e8dent l\u2019enl\u00e8vement de l\u2019\u00e9glise. - Publication \u00c9vang\u00e9lique<\/title>\n<meta name=\"robots\" content=\"index, follow, max-snippet:-1, max-image-preview:large, max-video-preview:-1\" \/>\n<link rel=\"canonical\" href=\"https:\/\/publication-evangelique.com\/?p=16340\" \/>\n<meta property=\"og:locale\" content=\"fr_FR\" \/>\n<meta property=\"og:type\" content=\"article\" \/>\n<meta property=\"og:title\" content=\"Les signes pr\u00e9c\u00e8dent l\u2019enl\u00e8vement de l\u2019\u00e9glise. - Publication \u00c9vang\u00e9lique\" \/>\n<meta property=\"og:description\" content=\"Comme nous avons expliqu\u00e9, les signes sont des avertissements du Seigneur. Il y a eu des signes pour maintenir en \u00e9veil tous les disciples, depuis le d\u00e9part de J\u00e9sus vers son P\u00e8re.\" \/>\n<meta property=\"og:url\" content=\"https:\/\/publication-evangelique.com\/?p=16340\" \/>\n<meta property=\"og:site_name\" content=\"Publication \u00c9vang\u00e9lique\" \/>\n<meta property=\"article:publisher\" content=\"https:\/\/www.facebook.com\/danielpoulin75\" \/>\n<meta property=\"article:author\" content=\"https:\/\/www.facebook.com\/danielpoulin75\" \/>\n<meta property=\"article:published_time\" content=\"2020-06-06T22:00:59+00:00\" \/>\n<meta property=\"og:image\" content=\"https:\/\/publication-evangelique.com\/wp-content\/uploads\/1139.jpg\" \/>\n\t<meta property=\"og:image:width\" content=\"1280\" \/>\n\t<meta property=\"og:image:height\" content=\"960\" \/>\n\t<meta property=\"og:image:type\" content=\"image\/jpeg\" \/>\n<meta name=\"author\" content=\"Daniel Poulin\" \/>\n<meta name=\"twitter:label1\" content=\"\u00c9crit par\" \/>\n\t<meta name=\"twitter:data1\" content=\"Daniel Poulin\" \/>\n\t<meta name=\"twitter:label2\" content=\"Dur\u00e9e de lecture estim\u00e9e\" \/>\n\t<meta name=\"twitter:data2\" content=\"6 minutes\" \/>\n<script type=\"application\/ld+json\" class=\"yoast-schema-graph\">{\"@context\":\"https:\\\/\\\/schema.org\",\"@graph\":[{\"@type\":\"Article\",\"@id\":\"https:\\\/\\\/publication-evangelique.com\\\/?p=16340#article\",\"isPartOf\":{\"@id\":\"https:\\\/\\\/publication-evangelique.com\\\/?p=16340\"},\"author\":{\"name\":\"Daniel Poulin\",\"@id\":\"https:\\\/\\\/publication-evangelique.com\\\/#\\\/schema\\\/person\\\/a7aa86223ca614c8c1a737d18c95460c\"},\"headline\":\"Les signes pr\u00e9c\u00e8dent l\u2019enl\u00e8vement de l\u2019\u00e9glise.\",\"datePublished\":\"2020-06-06T22:00:59+00:00\",\"mainEntityOfPage\":{\"@id\":\"https:\\\/\\\/publication-evangelique.com\\\/?p=16340\"},\"wordCount\":1121,\"commentCount\":0,\"publisher\":{\"@id\":\"https:\\\/\\\/publication-evangelique.com\\\/#\\\/schema\\\/person\\\/a7aa86223ca614c8c1a737d18c95460c\"},\"image\":{\"@id\":\"https:\\\/\\\/publication-evangelique.com\\\/?p=16340#primaryimage\"},\"thumbnailUrl\":\"https:\\\/\\\/publication-evangelique.com\\\/wp-content\\\/uploads\\\/1139.jpg\",\"keywords\":[\"\u00e9glise\",\"enl\u00e8vement\",\"signes\"],\"articleSection\":[\"Fin des temps\",\"Retour de J\u00e9sus\",\"retour du Seigneur\"],\"inLanguage\":\"fr-FR\"},{\"@type\":\"WebPage\",\"@id\":\"https:\\\/\\\/publication-evangelique.com\\\/?p=16340\",\"url\":\"https:\\\/\\\/publication-evangelique.com\\\/?p=16340\",\"name\":\"Les signes pr\u00e9c\u00e8dent l\u2019enl\u00e8vement de l\u2019\u00e9glise. - Publication \u00c9vang\u00e9lique\",\"isPartOf\":{\"@id\":\"https:\\\/\\\/publication-evangelique.com\\\/#website\"},\"primaryImageOfPage\":{\"@id\":\"https:\\\/\\\/publication-evangelique.com\\\/?p=16340#primaryimage\"},\"image\":{\"@id\":\"https:\\\/\\\/publication-evangelique.com\\\/?p=16340#primaryimage\"},\"thumbnailUrl\":\"https:\\\/\\\/publication-evangelique.com\\\/wp-content\\\/uploads\\\/1139.jpg\",\"datePublished\":\"2020-06-06T22:00:59+00:00\",\"breadcrumb\":{\"@id\":\"https:\\\/\\\/publication-evangelique.com\\\/?p=16340#breadcrumb\"},\"inLanguage\":\"fr-FR\",\"potentialAction\":[{\"@type\":\"ReadAction\",\"target\":[\"https:\\\/\\\/publication-evangelique.com\\\/?p=16340\"]}]},{\"@type\":\"ImageObject\",\"inLanguage\":\"fr-FR\",\"@id\":\"https:\\\/\\\/publication-evangelique.com\\\/?p=16340#primaryimage\",\"url\":\"https:\\\/\\\/publication-evangelique.com\\\/wp-content\\\/uploads\\\/1139.jpg\",\"contentUrl\":\"https:\\\/\\\/publication-evangelique.com\\\/wp-content\\\/uploads\\\/1139.jpg\",\"width\":1280,\"height\":960},{\"@type\":\"BreadcrumbList\",\"@id\":\"https:\\\/\\\/publication-evangelique.com\\\/?p=16340#breadcrumb\",\"itemListElement\":[{\"@type\":\"ListItem\",\"position\":1,\"name\":\"Accueil\",\"item\":\"https:\\\/\\\/publication-evangelique.com\\\/\"},{\"@type\":\"ListItem\",\"position\":2,\"name\":\"Les signes pr\u00e9c\u00e8dent l\u2019enl\u00e8vement de l\u2019\u00e9glise.\"}]},{\"@type\":\"WebSite\",\"@id\":\"https:\\\/\\\/publication-evangelique.com\\\/#website\",\"url\":\"https:\\\/\\\/publication-evangelique.com\\\/\",\"name\":\"Daniel Poulin - publication-evangelique.com\",\"description\":\"Daniel Poulin\",\"publisher\":{\"@id\":\"https:\\\/\\\/publication-evangelique.com\\\/#\\\/schema\\\/person\\\/a7aa86223ca614c8c1a737d18c95460c\"},\"potentialAction\":[{\"@type\":\"SearchAction\",\"target\":{\"@type\":\"EntryPoint\",\"urlTemplate\":\"https:\\\/\\\/publication-evangelique.com\\\/?s={search_term_string}\"},\"query-input\":{\"@type\":\"PropertyValueSpecification\",\"valueRequired\":true,\"valueName\":\"search_term_string\"}}],\"inLanguage\":\"fr-FR\"},{\"@type\":[\"Person\",\"Organization\"],\"@id\":\"https:\\\/\\\/publication-evangelique.com\\\/#\\\/schema\\\/person\\\/a7aa86223ca614c8c1a737d18c95460c\",\"name\":\"Daniel Poulin\",\"image\":{\"@type\":\"ImageObject\",\"inLanguage\":\"fr-FR\",\"@id\":\"https:\\\/\\\/publication-evangelique.com\\\/wp-content\\\/uploads\\\/daniel5-1.jpg\",\"url\":\"https:\\\/\\\/publication-evangelique.com\\\/wp-content\\\/uploads\\\/daniel5-1.jpg\",\"contentUrl\":\"https:\\\/\\\/publication-evangelique.com\\\/wp-content\\\/uploads\\\/daniel5-1.jpg\",\"width\":833,\"height\":969,\"caption\":\"Daniel Poulin\"},\"logo\":{\"@id\":\"https:\\\/\\\/publication-evangelique.com\\\/wp-content\\\/uploads\\\/daniel5-1.jpg\"},\"description\":\"Bonjour, ici Daniel Poulin! Je suis un chr\u00e9tien n\u00e9 de nouveau depuis 1980, ayant parcouru un cheminement avec le Seigneur J\u00e9sus-Christ, j'ai construit ce site afin de partager mes connaissances de la parole de Dieu \\\" La Bible \\\" Je travaille aussi au d\u00e9veloppement de la station de radio chr\u00e9tienne fran\u00e7aise \u00e0 Montr\u00e9al, \\\" La Radio Gospel \\\" que vous pouvez voir ici http:\\\/\\\/laradiogospel.ca Je fr\u00e9quente aussi une \u00e9glise, dont je pr\u00eache et j\u2019enseigne la parole de Dieu. La communaut\u00e9 \u00c9vang\u00e9lique de l'Agneau \\\" , voici l'adresse, http:\\\/\\\/communauteevangelique.ca\\\/\",\"sameAs\":[\"https:\\\/\\\/publication-evangelique.com\",\"https:\\\/\\\/www.facebook.com\\\/danielpoulin75\",\"https:\\\/\\\/www.linkedin.com\\\/in\\\/daniel-poulin-64614745\\\/\",\"https:\\\/\\\/x.com\\\/https:\\\/\\\/twitter.com\\\/Daniel_Poulin\",\"https:\\\/\\\/www.youtube.com\\\/user\\\/danielpoulin75\\\/videos\"]}]}<\/script>\n<!-- \/ Yoast SEO plugin. -->","yoast_head_json":{"title":"Les signes pr\u00e9c\u00e8dent l\u2019enl\u00e8vement de l\u2019\u00e9glise. - Publication \u00c9vang\u00e9lique","robots":{"index":"index","follow":"follow","max-snippet":"max-snippet:-1","max-image-preview":"max-image-preview:large","max-video-preview":"max-video-preview:-1"},"canonical":"https:\/\/publication-evangelique.com\/?p=16340","og_locale":"fr_FR","og_type":"article","og_title":"Les signes pr\u00e9c\u00e8dent l\u2019enl\u00e8vement de l\u2019\u00e9glise. - Publication \u00c9vang\u00e9lique","og_description":"Comme nous avons expliqu\u00e9, les signes sont des avertissements du Seigneur. Il y a eu des signes pour maintenir en \u00e9veil tous les disciples, depuis le d\u00e9part de J\u00e9sus vers son P\u00e8re.","og_url":"https:\/\/publication-evangelique.com\/?p=16340","og_site_name":"Publication \u00c9vang\u00e9lique","article_publisher":"https:\/\/www.facebook.com\/danielpoulin75","article_author":"https:\/\/www.facebook.com\/danielpoulin75","article_published_time":"2020-06-06T22:00:59+00:00","og_image":[{"width":1280,"height":960,"url":"https:\/\/publication-evangelique.com\/wp-content\/uploads\/1139.jpg","type":"image\/jpeg"}],"author":"Daniel Poulin","twitter_misc":{"\u00c9crit par":"Daniel Poulin","Dur\u00e9e de lecture estim\u00e9e":"6 minutes"},"schema":{"@context":"https:\/\/schema.org","@graph":[{"@type":"Article","@id":"https:\/\/publication-evangelique.com\/?p=16340#article","isPartOf":{"@id":"https:\/\/publication-evangelique.com\/?p=16340"},"author":{"name":"Daniel Poulin","@id":"https:\/\/publication-evangelique.com\/#\/schema\/person\/a7aa86223ca614c8c1a737d18c95460c"},"headline":"Les signes pr\u00e9c\u00e8dent l\u2019enl\u00e8vement de l\u2019\u00e9glise.","datePublished":"2020-06-06T22:00:59+00:00","mainEntityOfPage":{"@id":"https:\/\/publication-evangelique.com\/?p=16340"},"wordCount":1121,"commentCount":0,"publisher":{"@id":"https:\/\/publication-evangelique.com\/#\/schema\/person\/a7aa86223ca614c8c1a737d18c95460c"},"image":{"@id":"https:\/\/publication-evangelique.com\/?p=16340#primaryimage"},"thumbnailUrl":"https:\/\/publication-evangelique.com\/wp-content\/uploads\/1139.jpg","keywords":["\u00e9glise","enl\u00e8vement","signes"],"articleSection":["Fin des temps","Retour de J\u00e9sus","retour du Seigneur"],"inLanguage":"fr-FR"},{"@type":"WebPage","@id":"https:\/\/publication-evangelique.com\/?p=16340","url":"https:\/\/publication-evangelique.com\/?p=16340","name":"Les signes pr\u00e9c\u00e8dent l\u2019enl\u00e8vement de l\u2019\u00e9glise. - Publication \u00c9vang\u00e9lique","isPartOf":{"@id":"https:\/\/publication-evangelique.com\/#website"},"primaryImageOfPage":{"@id":"https:\/\/publication-evangelique.com\/?p=16340#primaryimage"},"image":{"@id":"https:\/\/publication-evangelique.com\/?p=16340#primaryimage"},"thumbnailUrl":"https:\/\/publication-evangelique.com\/wp-content\/uploads\/1139.jpg","datePublished":"2020-06-06T22:00:59+00:00","breadcrumb":{"@id":"https:\/\/publication-evangelique.com\/?p=16340#breadcrumb"},"inLanguage":"fr-FR","potentialAction":[{"@type":"ReadAction","target":["https:\/\/publication-evangelique.com\/?p=16340"]}]},{"@type":"ImageObject","inLanguage":"fr-FR","@id":"https:\/\/publication-evangelique.com\/?p=16340#primaryimage","url":"https:\/\/publication-evangelique.com\/wp-content\/uploads\/1139.jpg","contentUrl":"https:\/\/publication-evangelique.com\/wp-content\/uploads\/1139.jpg","width":1280,"height":960},{"@type":"BreadcrumbList","@id":"https:\/\/publication-evangelique.com\/?p=16340#breadcrumb","itemListElement":[{"@type":"ListItem","position":1,"name":"Accueil","item":"https:\/\/publication-evangelique.com\/"},{"@type":"ListItem","position":2,"name":"Les signes pr\u00e9c\u00e8dent l\u2019enl\u00e8vement de l\u2019\u00e9glise."}]},{"@type":"WebSite","@id":"https:\/\/publication-evangelique.com\/#website","url":"https:\/\/publication-evangelique.com\/","name":"Daniel Poulin - publication-evangelique.com","description":"Daniel Poulin","publisher":{"@id":"https:\/\/publication-evangelique.com\/#\/schema\/person\/a7aa86223ca614c8c1a737d18c95460c"},"potentialAction":[{"@type":"SearchAction","target":{"@type":"EntryPoint","urlTemplate":"https:\/\/publication-evangelique.com\/?s={search_term_string}"},"query-input":{"@type":"PropertyValueSpecification","valueRequired":true,"valueName":"search_term_string"}}],"inLanguage":"fr-FR"},{"@type":["Person","Organization"],"@id":"https:\/\/publication-evangelique.com\/#\/schema\/person\/a7aa86223ca614c8c1a737d18c95460c","name":"Daniel Poulin","image":{"@type":"ImageObject","inLanguage":"fr-FR","@id":"https:\/\/publication-evangelique.com\/wp-content\/uploads\/daniel5-1.jpg","url":"https:\/\/publication-evangelique.com\/wp-content\/uploads\/daniel5-1.jpg","contentUrl":"https:\/\/publication-evangelique.com\/wp-content\/uploads\/daniel5-1.jpg","width":833,"height":969,"caption":"Daniel Poulin"},"logo":{"@id":"https:\/\/publication-evangelique.com\/wp-content\/uploads\/daniel5-1.jpg"},"description":"Bonjour, ici Daniel Poulin! Je suis un chr\u00e9tien n\u00e9 de nouveau depuis 1980, ayant parcouru un cheminement avec le Seigneur J\u00e9sus-Christ, j'ai construit ce site afin de partager mes connaissances de la parole de Dieu \" La Bible \" Je travaille aussi au d\u00e9veloppement de la station de radio chr\u00e9tienne fran\u00e7aise \u00e0 Montr\u00e9al, \" La Radio Gospel \" que vous pouvez voir ici http:\/\/laradiogospel.ca Je fr\u00e9quente aussi une \u00e9glise, dont je pr\u00eache et j\u2019enseigne la parole de Dieu. La communaut\u00e9 \u00c9vang\u00e9lique de l'Agneau \" , voici l'adresse, http:\/\/communauteevangelique.ca\/","sameAs":["https:\/\/publication-evangelique.com","https:\/\/www.facebook.com\/danielpoulin75","https:\/\/www.linkedin.com\/in\/daniel-poulin-64614745\/","https:\/\/x.com\/https:\/\/twitter.com\/Daniel_Poulin","https:\/\/www.youtube.com\/user\/danielpoulin75\/videos"]}]}},"_links":{"self":[{"href":"https:\/\/publication-evangelique.com\/index.php?rest_route=\/wp\/v2\/posts\/16340","targetHints":{"allow":["GET"]}}],"collection":[{"href":"https:\/\/publication-evangelique.com\/index.php?rest_route=\/wp\/v2\/posts"}],"about":[{"href":"https:\/\/publication-evangelique.com\/index.php?rest_route=\/wp\/v2\/types\/post"}],"author":[{"embeddable":true,"href":"https:\/\/publication-evangelique.com\/index.php?rest_route=\/wp\/v2\/users\/1"}],"replies":[{"embeddable":true,"href":"https:\/\/publication-evangelique.com\/index.php?rest_route=%2Fwp%2Fv2%2Fcomments&post=16340"}],"version-history":[{"count":0,"href":"https:\/\/publication-evangelique.com\/index.php?rest_route=\/wp\/v2\/posts\/16340\/revisions"}],"wp:featuredmedia":[{"embeddable":true,"href":"https:\/\/publication-evangelique.com\/index.php?rest_route=\/wp\/v2\/media\/12936"}],"wp:attachment":[{"href":"https:\/\/publication-evangelique.com\/index.php?rest_route=%2Fwp%2Fv2%2Fmedia&parent=16340"}],"wp:term":[{"taxonomy":"category","embeddable":true,"href":"https:\/\/publication-evangelique.com\/index.php?rest_route=%2Fwp%2Fv2%2Fcategories&post=16340"},{"taxonomy":"post_tag","embeddable":true,"href":"https:\/\/publication-evangelique.com\/index.php?rest_route=%2Fwp%2Fv2%2Ftags&post=16340"}],"curies":[{"name":"wp","href":"https:\/\/api.w.org\/{rel}","templated":true}]}}