{"id":16349,"date":"2020-06-13T20:16:48","date_gmt":"2020-06-14T01:16:48","guid":{"rendered":"http:\/\/publication-evangelique.com\/?p=16349"},"modified":"2020-06-13T20:16:48","modified_gmt":"2020-06-14T01:16:48","slug":"survol-de-quelques-signes-avant-coureurs-du-retour-de-jesus","status":"publish","type":"post","link":"https:\/\/publication-evangelique.com\/?p=16349","title":{"rendered":"Survol de quelques signes avant-coureurs du retour de J\u00e9sus."},"content":{"rendered":"<h3>Nous allons faire un survol rapide de signes avant-coureurs de la venue de J\u00e9sus. <\/h3>\n<p><audio style= \" width: 480px; \" src= \" https:\/\/publication-evangelique.com\/media\/le_retour_du_seigneur\/24\/20_06_06.mp3 \" preload= \" none \" controls= \" controls \" ><\/audio><br \/>\n<strong>T\u00e9l\u00e9charger &#8211;&gt; <\/strong><a href= \" https:\/\/publication-evangelique.com\/media\/le_retour_du_seigneur\/24\/20_06_06.mp3 \" >MP3<\/a><\/p>\n<p>La Bible annonce des signes dans les cieux, des signes sur la terre, des signes dans l\u2019\u00e9glise, des signes parmi les juifs, des signes parmi les nations. Des signes du c\u00f4t\u00e9 de Dieu et des signes du c\u00f4t\u00e9 du diable.<\/p>\n<p>Les signes viennent tous de la part de Dieu, ils sont \u00e9crits dans l\u2019Ancien et dans le Nouveau Testament.<br \/>\nIl y a les signes pr\u00e9dits par des proph\u00e8tes, par J\u00e9sus et par les ap\u00f4tres<br \/>\nParticuli\u00e8rement plusieurs signes \u00e9crits dans l\u2019apocalypse, les sept sceaux, les sept trompettes, etc. <!--more--><br \/>\nLes signes \u00e0 propos de l\u2019apparition de l\u2019ant\u00e9christ et du gouvernement mondial<br \/>\nMarque de la b\u00eate pour le contr\u00f4le mondial.<br \/>\nR\u00e9veil pour le salut d\u2019une multitude au milieu d\u2019une grande tribulation.<br \/>\nPers\u00e9cutions massives des juifs et des chr\u00e9tiens.<br \/>\nTous les signes sont des avertissements pour nous pousser \u00e0 nous pr\u00e9parer au retour du Seigneur.<\/p>\n<p><strong>Un des premiers signes de l\u2019Ancien Testament qui s\u2019est accompli d\u00e8s le d\u00e9but de l\u2019\u00e8re chr\u00e9tienne\u00a0: c\u2019est l\u2019effusion du Saint-Esprit.<br \/>\n<a href= \" https:\/\/bible.publication-evangelique.com\/joel#2.28 \" rel= \" noopener noreferrer \" target= \" _blank \" >Jo\u00ebl 2:28-32 <\/a><\/strong> Apr\u00e8s cela, je r\u00e9pandrai mon esprit sur toute chair\u00a0; vos fils et vos filles proph\u00e9tiseront, vos vieillards auront des songes, et vos jeunes gens des visions. 29 M\u00eame sur les serviteurs et sur les servantes, dans ces jours-l\u00e0, je r\u00e9pandrai mon esprit. 30 Je ferai para\u00eetre des prodiges dans les cieux et sur la terre, du sang, du feu, et des colonnes de fum\u00e9e ; 31 Le soleil se changera en t\u00e9n\u00e8bres, et la lune en sang, avant l\u2019arriv\u00e9e du jour de l\u2019\u00c9ternel, de ce jour grand et terrible. 32 Alors quiconque invoquera le nom de l\u2019\u00c9ternel sera sauv\u00e9 ; le salut sera sur la montagne de Sion et \u00e0 J\u00e9rusalem, comme a dit l\u2019\u00c9ternel, et parmi les r\u00e9chapp\u00e9s que l\u2019\u00c9ternel appellera.<\/p>\n<p>Nous voyons dans les \u00e9vangiles, les disciples \u00e9taient assis avec J\u00e9sus et lui ont demand\u00e9 quels seraient les signes avant-coureurs de la destruction du temple de Dieu \u00e0 J\u00e9rusalem et du retour du Christ et de la fin du monde. (nous parlons la fin du temps des nations et du d\u00e9but du r\u00e8gne de Christ).<\/p>\n<p>Bas\u00e9 sur <strong>Mathieu\u00a024<\/strong>, <strong>Marc\u00a013<\/strong>, <strong>Luc\u00a021<\/strong>. Les 3\u00a0r\u00e9cits jumel\u00e9s ensemble donnent un plus grand portrait.<\/p>\n<p><strong>J\u00e9sus a commenc\u00e9 en leur annon\u00e7ant la destruction du temple.<br \/>\n<a href= \" https:\/\/bible.publication-evangelique.com\/matthieu#24.1 \" rel= \" noopener noreferrer \" target= \" _blank \" >Matthieu 24:1-2 <\/a><\/strong>Comme J\u00e9sus s\u2019en allait, au sortir du temple, ses disciples s\u2019approch\u00e8rent pour lui en faire remarquer les constructions. 2, Mais il leur dit\u00a0: voyez-vous tout cela ? Je vous le dis en v\u00e9rit\u00e9, il ne restera pas ici pierre sur pierre qui ne soit renvers\u00e9e.<\/p>\n<p><strong><a href= \" https:\/\/bible.publication-evangelique.com\/marc#13.1 \" rel= \" noopener noreferrer \" target= \" _blank \" >Marc 13:1-2<\/a><\/strong> Lorsque J\u00e9sus sortit du temple, un de ses disciples lui dit\u00a0: Ma\u00eetre, regarde quelles pierres, et quelles constructions\u00a0! 2 J\u00e9sus lui r\u00e9pondit\u00a0: vois-tu ces grandes constructions ? Il ne restera pas pierre sur pierre qui ne soit renvers\u00e9e.<\/p>\n<p><strong><a href= \" https:\/\/bible.publication-evangelique.com\/luc#21.5 \" rel= \" noopener noreferrer \" target= \" _blank \" >Luc 21:5-6<\/a><\/strong> Comme quelques-uns parlaient des belles pierres et des offrandes qui faisaient l\u2019ornement du temple, J\u00e9sus dit: 6 Les jours viendront o\u00f9, de ce que vous voyez, il ne restera pas pierre sur pierre qui ne soit renvers\u00e9e.<\/p>\n<p><strong>Les disciples ont demand\u00e9 plus de d\u00e9tail, qu\u2019elle serait les signes autour de ces \u00e9v\u00e8nements?<br \/>\n<a href= \" https:\/\/bible.publication-evangelique.com\/matthieu#24.3 \" rel= \" noopener noreferrer \" target= \" _blank \" >Mathieu\u00a024:3<\/a><\/strong> Il s\u2019assit sur la montagne des oliviers. Et les disciples vinrent en particulier lui faire cette question\u00a0: dis-nous, quand cela arrivera-t-il, et quel sera le signe de ton av\u00e8nement et de la fin du monde?<\/p>\n<p><strong><a href= \" https:\/\/bible.publication-evangelique.com\/marc#13.3 \" rel= \" noopener noreferrer \" target= \" _blank \" >Marc 13:3-4<\/a><\/strong> Il s\u2019assit sur la montagne des oliviers, en face du temple. Et Pierre, Jacques, Jean et Andr\u00e9 lui firent en particulier cette question\u00a0: 4 dis-nous, quand cela arrivera-t-il, et \u00e0 quel signe conna\u00eetra-t-on que toutes ces choses vont s\u2019accomplir ?<\/p>\n<p><strong><a href= \" https:\/\/bible.publication-evangelique.com\/luc#21.7 \" rel= \" noopener noreferrer \" target= \" _blank \" >Luc\u00a021:7 <\/a><\/strong>ils lui demand\u00e8rent\u00a0: Ma\u00eetre, quand donc cela arrivera-t-il, et \u00e0 quel signe conna\u00eetra-t-on que ces choses vont arriver ?<\/p>\n<p><strong>J\u00e9sus annonce la venue de faux repr\u00e9sentant du Christ et de faux christ.<br \/>\n<a href= \" https:\/\/bible.publication-evangelique.com\/matthieu#24.4 \" rel= \" noopener noreferrer \" target= \" _blank \" >Mathieu\u00a024:4-5<\/a><\/strong> J\u00e9sus leur r\u00e9pondit\u00a0: Prenez garde que personne ne vous s\u00e9duise. 5, Car plusieurs viendront sous mon nom, disant\u00a0: c\u2019est moi qui suis le Christ. Et ils s\u00e9duiront beaucoup de gens.<\/p>\n<p>Christ\u00a0=\u00a0\u00ab\u00a0 oint\u00a0\u00bb 1) Christ \u00e9tait le Messie, le Fils de Dieu\u00a02) l\u2019oint<\/p>\n<p><strong><a href= \" https:\/\/bible.publication-evangelique.com\/marc#13.5 \" rel= \" noopener noreferrer \" target= \" _blank \" >Marc 13:5-6<\/a><\/strong> J\u00e9sus se mit alors \u00e0 leur dire\u00a0: Prenez garde que personne ne vous s\u00e9duise. 6, Car plusieurs viendront sous mon nom, disant ; c\u2019est moi. Et ils s\u00e9duiront beaucoup de gens.<\/p>\n<p><strong><a href= \" https:\/\/bible.publication-evangelique.com\/luc#21.8 \" rel= \" noopener noreferrer \" target= \" _blank \" >Luc\u00a021:8 <\/a><\/strong>J\u00e9sus r\u00e9pondit\u00a0: prenez garde que vous ne soyez s\u00e9duits. Car plusieurs viendront en mon nom, disant\u00a0: c\u2019est moi, et le temps approche. Ne les suivez pas.<\/p>\n<p><strong>J\u00e9sus reprend cet avertissement plusieurs fois dans Matthieu\u00a024.<br \/>\n<a href= \" https:\/\/bible.publication-evangelique.com\/matthieu#24.23 \" rel= \" noopener noreferrer \" target= \" _blank \" >Matthieu 24:23-24<\/a><\/strong> Si quelqu\u2019un vous dit alors: Le Christ est ici, ou\u00a0: Il est l\u00e0, ne le croyez pas. 24, Car il s\u2019\u00e9l\u00e8vera de faux Christs et de faux proph\u00e8tes ; ils feront de grands prodiges et des miracles, au point de s\u00e9duire, s\u2019il \u00e9tait possible, m\u00eame les \u00e9lus. <\/p>\n<p><strong>J\u00e9sus avait d\u00e9j\u00e0 parl\u00e9 de ce sujet en expliquant qu\u2019il ne regarde pas au miracle, mais au mode de vie de ceux qui le suivent.<br \/>\n<a href= \" https:\/\/bible.publication-evangelique.com\/matthieu#7.21 \" rel= \" noopener noreferrer \" target= \" _blank \" >Matthieu 7:21-24<\/a><\/strong> Ceux qui me disent\u00a0: Seigneur, Seigneur\u00a0! n\u2019entreront pas tous dans le royaume des cieux, mais celui-l\u00e0 seul qui fait la volont\u00e9 de mon P\u00e8re qui est dans les cieux. 22 Plusieurs me diront en ce jour-l\u00e0\u00a0: Seigneur, Seigneur, n\u2019avons-nous pas proph\u00e9tis\u00e9 par ton nom ? n\u2019avons-nous pas chass\u00e9 des d\u00e9mons par ton nom ? et n\u2019avons-nous pas fait beaucoup de miracles par ton nom ? 23 Alors je leur dirai ouvertement\u00a0: je ne vous ai jamais connus, retirez-vous de moi, vous qui commettez l\u2019iniquit\u00e9. 24 C\u2019est pourquoi quiconque entend ces paroles que je dis et les met en pratique, sera semblable \u00e0 un homme prudent qui a b\u00e2ti sa maison sur le roc\u2026<\/p>\n<p><strong>J\u00e9sus annonce d\u2019autres signes en disant qu\u2019il y aura des guerres.<br \/>\n<a href= \" https:\/\/bible.publication-evangelique.com\/matthieu#24.6 \" rel= \" noopener noreferrer \" target= \" _blank \" >Mathieu\u00a024:6-7<\/a><\/strong> Vous entendrez parler de guerres et de bruits de guerres\u00a0: gardez\u2013vous d\u2019\u00eatre troubl\u00e9s, car il faut que ces choses arrivent. Mais ce ne sera pas encore la fin. 7 Une nation s\u2019\u00e9l\u00e8vera contre une nation, et un royaume contre un royaume\u2026<\/p>\n<p><strong><a href= \" https:\/\/bible.publication-evangelique.com\/marc#13.7 \" rel= \" noopener noreferrer \" target= \" _blank \" >Marc 13:7-8<\/a><\/strong> Quand vous entendrez parler de guerres et de bruits de guerres, ne soyez pas troubl\u00e9s, car il faut que ces choses arrivent. Mais ce ne sera pas encore la fin. 8 Une nation s\u2019\u00e9l\u00e8vera contre une nation, et un royaume contre un royaume\u2026 <\/p>\n<p><strong><a href= \" https:\/\/bible.publication-evangelique.com\/luc#21.9 \" rel= \" noopener noreferrer \" target= \" _blank \" >Luc\u00a021:9<\/a> <\/strong>quand vous entendrez parler de guerres et de soul\u00e8vements, ne soyez pas effray\u00e9s, car il faut que ces choses arrivent premi\u00e8rement. Mais ce ne sera pas encore la fin. 10 Alors il leur dit\u00a0: une nation s\u2019\u00e9l\u00e8vera contre une nation, et un royaume contre un royaume ;<\/p>\n<p><strong>Ce ne sera pas encore la fin, jusqu\u2019\u00e0 ce que la Grande Guerre finale arrive.<br \/>\n<a href= \" https:\/\/bible.publication-evangelique.com\/apocalypse#16.14 \" rel= \" noopener noreferrer \" target= \" _blank \" >Apocalypse\u00a016:14<\/a><\/strong>, car ce sont des esprits de d\u00e9mons, qui font des prodiges, et qui vont vers les rois de toute la terre, afin de les rassembler pour le combat du grand jour du Dieu tout-puissant. 14, Car ce sont des esprits de d\u00e9mons, qui font des prodiges, et qui vont vers les rois de toute la terre, afin de les rassembler pour le combat du grand jour du Dieu tout-puissant.<\/p>\n<p><strong>La Bible pr\u00e9dit la destruction du gouvernement mondial avant que J\u00e9sus s\u2019installe comme Roi de toute la terre.<br \/>\n<a href= \" https:\/\/bible.publication-evangelique.com\/2-thessaloniciens#2.8 \" rel= \" noopener noreferrer \" target= \" _blank \" >2 Thessaloniciens\u00a02:8<\/a><\/strong> et alors para\u00eetra l\u2019impie, que le Seigneur J\u00e9sus d\u00e9truira par le souffle de sa bouche, et qu\u2019il an\u00e9antira par l\u2019\u00e9clat de son av\u00e8nement.<\/p>\n<p><strong>Pour finir, J\u00e9sus nous dit de rester sur nos gardes, il nous a d\u00e9j\u00e0 tout pr\u00e9dit.<br \/>\n<a href= \" https:\/\/bible.publication-evangelique.com\/marc#13.23 \" rel= \" noopener noreferrer \" target= \" _blank \" >Marc\u00a013:23<\/a><\/strong> \u00eates sur vos gardes\u00a0: je vous ai tout annonc\u00e9 d\u2019avance.<\/p>\n<p>&#8212;&#8212;&#8212;&#8212;&#8212;&#8212;<\/p>\n<p>Daniel Poulin<br \/>\n<a title= \" Publication \u00c9vang\u00e9lique \" href= \" https:\/\/publication-evangelique.com \" target= \" _blank \" rel= \" noopener noreferrer \" >https:\/\/publication-evangelique.com<\/a><\/p>\n<p><strong>Adresse de ce blogue :<\/strong> <a href= \" https:\/\/publication-evangelique.com\/?p=16349 \" > https:\/\/publication-evangelique.com\/?p=16349<\/a><\/p>\n<p><strong>De la s\u00e9rie : <\/strong> <a href= \" https:\/\/publication-evangelique.com\/?page_id=16294 \" > Le retour du Seigneur J\u00e9sus-Christ<\/a><\/p>\n","protected":false},"excerpt":{"rendered":"<p>Nous allons faire un survol rapide de signes avant-coureurs de la venue de J\u00e9sus. <\/p>\n <a class=\"more-link\" href=\"https:\/\/publication-evangelique.com\/?p=16349\"><span class=\"more-msg\">Lire la suite &rarr;<\/span><\/a>","protected":false},"author":1,"featured_media":13003,"comment_status":"open","ping_status":"open","sticky":false,"template":"","format":"standard","meta":{"footnotes":""},"categories":[13,3,862],"tags":[394,303],"class_list":["post-16349","post","type-post","status-publish","format-standard","has-post-thumbnail","hentry","category-fin-des-temps","category-accueil","category-retour-du-seigneur","tag-retour-de-jesus","tag-signes"],"yoast_head":"<!-- This site is optimized with the Yoast SEO plugin v27.4 - https:\/\/yoast.com\/product\/yoast-seo-wordpress\/ -->\n<title>Survol de quelques signes avant-coureurs du retour de J\u00e9sus. - Publication \u00c9vang\u00e9lique<\/title>\n<meta name=\"robots\" content=\"index, follow, max-snippet:-1, max-image-preview:large, max-video-preview:-1\" \/>\n<link rel=\"canonical\" href=\"https:\/\/publication-evangelique.com\/?p=16349\" \/>\n<meta property=\"og:locale\" content=\"fr_FR\" \/>\n<meta property=\"og:type\" content=\"article\" \/>\n<meta property=\"og:title\" content=\"Survol de quelques signes avant-coureurs du retour de J\u00e9sus. - Publication \u00c9vang\u00e9lique\" \/>\n<meta property=\"og:description\" content=\"Nous allons faire un survol rapide de signes avant-coureurs de la venue de J\u00e9sus.\" \/>\n<meta property=\"og:url\" content=\"https:\/\/publication-evangelique.com\/?p=16349\" \/>\n<meta property=\"og:site_name\" content=\"Publication \u00c9vang\u00e9lique\" \/>\n<meta property=\"article:publisher\" content=\"https:\/\/www.facebook.com\/danielpoulin75\" \/>\n<meta property=\"article:author\" content=\"https:\/\/www.facebook.com\/danielpoulin75\" \/>\n<meta property=\"article:published_time\" content=\"2020-06-14T01:16:48+00:00\" \/>\n<meta property=\"og:image\" content=\"https:\/\/publication-evangelique.com\/wp-content\/uploads\/1206.jpg\" \/>\n\t<meta property=\"og:image:width\" content=\"1280\" \/>\n\t<meta property=\"og:image:height\" content=\"960\" \/>\n\t<meta property=\"og:image:type\" content=\"image\/jpeg\" \/>\n<meta name=\"author\" content=\"Daniel Poulin\" \/>\n<meta name=\"twitter:label1\" content=\"\u00c9crit par\" \/>\n\t<meta name=\"twitter:data1\" content=\"Daniel Poulin\" \/>\n\t<meta name=\"twitter:label2\" content=\"Dur\u00e9e de lecture estim\u00e9e\" \/>\n\t<meta name=\"twitter:data2\" content=\"7 minutes\" \/>\n<script type=\"application\/ld+json\" class=\"yoast-schema-graph\">{\"@context\":\"https:\\\/\\\/schema.org\",\"@graph\":[{\"@type\":\"Article\",\"@id\":\"https:\\\/\\\/publication-evangelique.com\\\/?p=16349#article\",\"isPartOf\":{\"@id\":\"https:\\\/\\\/publication-evangelique.com\\\/?p=16349\"},\"author\":{\"name\":\"Daniel Poulin\",\"@id\":\"https:\\\/\\\/publication-evangelique.com\\\/#\\\/schema\\\/person\\\/a7aa86223ca614c8c1a737d18c95460c\"},\"headline\":\"Survol de quelques signes avant-coureurs du retour de J\u00e9sus.\",\"datePublished\":\"2020-06-14T01:16:48+00:00\",\"mainEntityOfPage\":{\"@id\":\"https:\\\/\\\/publication-evangelique.com\\\/?p=16349\"},\"wordCount\":1385,\"commentCount\":0,\"publisher\":{\"@id\":\"https:\\\/\\\/publication-evangelique.com\\\/#\\\/schema\\\/person\\\/a7aa86223ca614c8c1a737d18c95460c\"},\"image\":{\"@id\":\"https:\\\/\\\/publication-evangelique.com\\\/?p=16349#primaryimage\"},\"thumbnailUrl\":\"https:\\\/\\\/publication-evangelique.com\\\/wp-content\\\/uploads\\\/1206.jpg\",\"keywords\":[\"retour de J\u00e9sus\",\"signes\"],\"articleSection\":[\"Fin des temps\",\"Retour de J\u00e9sus\",\"retour du Seigneur\"],\"inLanguage\":\"fr-FR\"},{\"@type\":\"WebPage\",\"@id\":\"https:\\\/\\\/publication-evangelique.com\\\/?p=16349\",\"url\":\"https:\\\/\\\/publication-evangelique.com\\\/?p=16349\",\"name\":\"Survol de quelques signes avant-coureurs du retour de J\u00e9sus. - Publication \u00c9vang\u00e9lique\",\"isPartOf\":{\"@id\":\"https:\\\/\\\/publication-evangelique.com\\\/#website\"},\"primaryImageOfPage\":{\"@id\":\"https:\\\/\\\/publication-evangelique.com\\\/?p=16349#primaryimage\"},\"image\":{\"@id\":\"https:\\\/\\\/publication-evangelique.com\\\/?p=16349#primaryimage\"},\"thumbnailUrl\":\"https:\\\/\\\/publication-evangelique.com\\\/wp-content\\\/uploads\\\/1206.jpg\",\"datePublished\":\"2020-06-14T01:16:48+00:00\",\"breadcrumb\":{\"@id\":\"https:\\\/\\\/publication-evangelique.com\\\/?p=16349#breadcrumb\"},\"inLanguage\":\"fr-FR\",\"potentialAction\":[{\"@type\":\"ReadAction\",\"target\":[\"https:\\\/\\\/publication-evangelique.com\\\/?p=16349\"]}]},{\"@type\":\"ImageObject\",\"inLanguage\":\"fr-FR\",\"@id\":\"https:\\\/\\\/publication-evangelique.com\\\/?p=16349#primaryimage\",\"url\":\"https:\\\/\\\/publication-evangelique.com\\\/wp-content\\\/uploads\\\/1206.jpg\",\"contentUrl\":\"https:\\\/\\\/publication-evangelique.com\\\/wp-content\\\/uploads\\\/1206.jpg\",\"width\":1280,\"height\":960},{\"@type\":\"BreadcrumbList\",\"@id\":\"https:\\\/\\\/publication-evangelique.com\\\/?p=16349#breadcrumb\",\"itemListElement\":[{\"@type\":\"ListItem\",\"position\":1,\"name\":\"Accueil\",\"item\":\"https:\\\/\\\/publication-evangelique.com\\\/\"},{\"@type\":\"ListItem\",\"position\":2,\"name\":\"Survol de quelques signes avant-coureurs du retour de J\u00e9sus.\"}]},{\"@type\":\"WebSite\",\"@id\":\"https:\\\/\\\/publication-evangelique.com\\\/#website\",\"url\":\"https:\\\/\\\/publication-evangelique.com\\\/\",\"name\":\"Daniel Poulin - publication-evangelique.com\",\"description\":\"Daniel Poulin\",\"publisher\":{\"@id\":\"https:\\\/\\\/publication-evangelique.com\\\/#\\\/schema\\\/person\\\/a7aa86223ca614c8c1a737d18c95460c\"},\"potentialAction\":[{\"@type\":\"SearchAction\",\"target\":{\"@type\":\"EntryPoint\",\"urlTemplate\":\"https:\\\/\\\/publication-evangelique.com\\\/?s={search_term_string}\"},\"query-input\":{\"@type\":\"PropertyValueSpecification\",\"valueRequired\":true,\"valueName\":\"search_term_string\"}}],\"inLanguage\":\"fr-FR\"},{\"@type\":[\"Person\",\"Organization\"],\"@id\":\"https:\\\/\\\/publication-evangelique.com\\\/#\\\/schema\\\/person\\\/a7aa86223ca614c8c1a737d18c95460c\",\"name\":\"Daniel Poulin\",\"image\":{\"@type\":\"ImageObject\",\"inLanguage\":\"fr-FR\",\"@id\":\"https:\\\/\\\/publication-evangelique.com\\\/wp-content\\\/uploads\\\/daniel5-1.jpg\",\"url\":\"https:\\\/\\\/publication-evangelique.com\\\/wp-content\\\/uploads\\\/daniel5-1.jpg\",\"contentUrl\":\"https:\\\/\\\/publication-evangelique.com\\\/wp-content\\\/uploads\\\/daniel5-1.jpg\",\"width\":833,\"height\":969,\"caption\":\"Daniel Poulin\"},\"logo\":{\"@id\":\"https:\\\/\\\/publication-evangelique.com\\\/wp-content\\\/uploads\\\/daniel5-1.jpg\"},\"description\":\"Bonjour, ici Daniel Poulin! Je suis un chr\u00e9tien n\u00e9 de nouveau depuis 1980, ayant parcouru un cheminement avec le Seigneur J\u00e9sus-Christ, j'ai construit ce site afin de partager mes connaissances de la parole de Dieu \\\" La Bible \\\" Je travaille aussi au d\u00e9veloppement de la station de radio chr\u00e9tienne fran\u00e7aise \u00e0 Montr\u00e9al, \\\" La Radio Gospel \\\" que vous pouvez voir ici http:\\\/\\\/laradiogospel.ca Je fr\u00e9quente aussi une \u00e9glise, dont je pr\u00eache et j\u2019enseigne la parole de Dieu. La communaut\u00e9 \u00c9vang\u00e9lique de l'Agneau \\\" , voici l'adresse, http:\\\/\\\/communauteevangelique.ca\\\/\",\"sameAs\":[\"https:\\\/\\\/publication-evangelique.com\",\"https:\\\/\\\/www.facebook.com\\\/danielpoulin75\",\"https:\\\/\\\/www.linkedin.com\\\/in\\\/daniel-poulin-64614745\\\/\",\"https:\\\/\\\/x.com\\\/https:\\\/\\\/twitter.com\\\/Daniel_Poulin\",\"https:\\\/\\\/www.youtube.com\\\/user\\\/danielpoulin75\\\/videos\"]}]}<\/script>\n<!-- \/ Yoast SEO plugin. -->","yoast_head_json":{"title":"Survol de quelques signes avant-coureurs du retour de J\u00e9sus. - Publication \u00c9vang\u00e9lique","robots":{"index":"index","follow":"follow","max-snippet":"max-snippet:-1","max-image-preview":"max-image-preview:large","max-video-preview":"max-video-preview:-1"},"canonical":"https:\/\/publication-evangelique.com\/?p=16349","og_locale":"fr_FR","og_type":"article","og_title":"Survol de quelques signes avant-coureurs du retour de J\u00e9sus. - Publication \u00c9vang\u00e9lique","og_description":"Nous allons faire un survol rapide de signes avant-coureurs de la venue de J\u00e9sus.","og_url":"https:\/\/publication-evangelique.com\/?p=16349","og_site_name":"Publication \u00c9vang\u00e9lique","article_publisher":"https:\/\/www.facebook.com\/danielpoulin75","article_author":"https:\/\/www.facebook.com\/danielpoulin75","article_published_time":"2020-06-14T01:16:48+00:00","og_image":[{"width":1280,"height":960,"url":"https:\/\/publication-evangelique.com\/wp-content\/uploads\/1206.jpg","type":"image\/jpeg"}],"author":"Daniel Poulin","twitter_misc":{"\u00c9crit par":"Daniel Poulin","Dur\u00e9e de lecture estim\u00e9e":"7 minutes"},"schema":{"@context":"https:\/\/schema.org","@graph":[{"@type":"Article","@id":"https:\/\/publication-evangelique.com\/?p=16349#article","isPartOf":{"@id":"https:\/\/publication-evangelique.com\/?p=16349"},"author":{"name":"Daniel Poulin","@id":"https:\/\/publication-evangelique.com\/#\/schema\/person\/a7aa86223ca614c8c1a737d18c95460c"},"headline":"Survol de quelques signes avant-coureurs du retour de J\u00e9sus.","datePublished":"2020-06-14T01:16:48+00:00","mainEntityOfPage":{"@id":"https:\/\/publication-evangelique.com\/?p=16349"},"wordCount":1385,"commentCount":0,"publisher":{"@id":"https:\/\/publication-evangelique.com\/#\/schema\/person\/a7aa86223ca614c8c1a737d18c95460c"},"image":{"@id":"https:\/\/publication-evangelique.com\/?p=16349#primaryimage"},"thumbnailUrl":"https:\/\/publication-evangelique.com\/wp-content\/uploads\/1206.jpg","keywords":["retour de J\u00e9sus","signes"],"articleSection":["Fin des temps","Retour de J\u00e9sus","retour du Seigneur"],"inLanguage":"fr-FR"},{"@type":"WebPage","@id":"https:\/\/publication-evangelique.com\/?p=16349","url":"https:\/\/publication-evangelique.com\/?p=16349","name":"Survol de quelques signes avant-coureurs du retour de J\u00e9sus. - Publication \u00c9vang\u00e9lique","isPartOf":{"@id":"https:\/\/publication-evangelique.com\/#website"},"primaryImageOfPage":{"@id":"https:\/\/publication-evangelique.com\/?p=16349#primaryimage"},"image":{"@id":"https:\/\/publication-evangelique.com\/?p=16349#primaryimage"},"thumbnailUrl":"https:\/\/publication-evangelique.com\/wp-content\/uploads\/1206.jpg","datePublished":"2020-06-14T01:16:48+00:00","breadcrumb":{"@id":"https:\/\/publication-evangelique.com\/?p=16349#breadcrumb"},"inLanguage":"fr-FR","potentialAction":[{"@type":"ReadAction","target":["https:\/\/publication-evangelique.com\/?p=16349"]}]},{"@type":"ImageObject","inLanguage":"fr-FR","@id":"https:\/\/publication-evangelique.com\/?p=16349#primaryimage","url":"https:\/\/publication-evangelique.com\/wp-content\/uploads\/1206.jpg","contentUrl":"https:\/\/publication-evangelique.com\/wp-content\/uploads\/1206.jpg","width":1280,"height":960},{"@type":"BreadcrumbList","@id":"https:\/\/publication-evangelique.com\/?p=16349#breadcrumb","itemListElement":[{"@type":"ListItem","position":1,"name":"Accueil","item":"https:\/\/publication-evangelique.com\/"},{"@type":"ListItem","position":2,"name":"Survol de quelques signes avant-coureurs du retour de J\u00e9sus."}]},{"@type":"WebSite","@id":"https:\/\/publication-evangelique.com\/#website","url":"https:\/\/publication-evangelique.com\/","name":"Daniel Poulin - publication-evangelique.com","description":"Daniel Poulin","publisher":{"@id":"https:\/\/publication-evangelique.com\/#\/schema\/person\/a7aa86223ca614c8c1a737d18c95460c"},"potentialAction":[{"@type":"SearchAction","target":{"@type":"EntryPoint","urlTemplate":"https:\/\/publication-evangelique.com\/?s={search_term_string}"},"query-input":{"@type":"PropertyValueSpecification","valueRequired":true,"valueName":"search_term_string"}}],"inLanguage":"fr-FR"},{"@type":["Person","Organization"],"@id":"https:\/\/publication-evangelique.com\/#\/schema\/person\/a7aa86223ca614c8c1a737d18c95460c","name":"Daniel Poulin","image":{"@type":"ImageObject","inLanguage":"fr-FR","@id":"https:\/\/publication-evangelique.com\/wp-content\/uploads\/daniel5-1.jpg","url":"https:\/\/publication-evangelique.com\/wp-content\/uploads\/daniel5-1.jpg","contentUrl":"https:\/\/publication-evangelique.com\/wp-content\/uploads\/daniel5-1.jpg","width":833,"height":969,"caption":"Daniel Poulin"},"logo":{"@id":"https:\/\/publication-evangelique.com\/wp-content\/uploads\/daniel5-1.jpg"},"description":"Bonjour, ici Daniel Poulin! Je suis un chr\u00e9tien n\u00e9 de nouveau depuis 1980, ayant parcouru un cheminement avec le Seigneur J\u00e9sus-Christ, j'ai construit ce site afin de partager mes connaissances de la parole de Dieu \" La Bible \" Je travaille aussi au d\u00e9veloppement de la station de radio chr\u00e9tienne fran\u00e7aise \u00e0 Montr\u00e9al, \" La Radio Gospel \" que vous pouvez voir ici http:\/\/laradiogospel.ca Je fr\u00e9quente aussi une \u00e9glise, dont je pr\u00eache et j\u2019enseigne la parole de Dieu. La communaut\u00e9 \u00c9vang\u00e9lique de l'Agneau \" , voici l'adresse, http:\/\/communauteevangelique.ca\/","sameAs":["https:\/\/publication-evangelique.com","https:\/\/www.facebook.com\/danielpoulin75","https:\/\/www.linkedin.com\/in\/daniel-poulin-64614745\/","https:\/\/x.com\/https:\/\/twitter.com\/Daniel_Poulin","https:\/\/www.youtube.com\/user\/danielpoulin75\/videos"]}]}},"_links":{"self":[{"href":"https:\/\/publication-evangelique.com\/index.php?rest_route=\/wp\/v2\/posts\/16349","targetHints":{"allow":["GET"]}}],"collection":[{"href":"https:\/\/publication-evangelique.com\/index.php?rest_route=\/wp\/v2\/posts"}],"about":[{"href":"https:\/\/publication-evangelique.com\/index.php?rest_route=\/wp\/v2\/types\/post"}],"author":[{"embeddable":true,"href":"https:\/\/publication-evangelique.com\/index.php?rest_route=\/wp\/v2\/users\/1"}],"replies":[{"embeddable":true,"href":"https:\/\/publication-evangelique.com\/index.php?rest_route=%2Fwp%2Fv2%2Fcomments&post=16349"}],"version-history":[{"count":0,"href":"https:\/\/publication-evangelique.com\/index.php?rest_route=\/wp\/v2\/posts\/16349\/revisions"}],"wp:featuredmedia":[{"embeddable":true,"href":"https:\/\/publication-evangelique.com\/index.php?rest_route=\/wp\/v2\/media\/13003"}],"wp:attachment":[{"href":"https:\/\/publication-evangelique.com\/index.php?rest_route=%2Fwp%2Fv2%2Fmedia&parent=16349"}],"wp:term":[{"taxonomy":"category","embeddable":true,"href":"https:\/\/publication-evangelique.com\/index.php?rest_route=%2Fwp%2Fv2%2Fcategories&post=16349"},{"taxonomy":"post_tag","embeddable":true,"href":"https:\/\/publication-evangelique.com\/index.php?rest_route=%2Fwp%2Fv2%2Ftags&post=16349"}],"curies":[{"name":"wp","href":"https:\/\/api.w.org\/{rel}","templated":true}]}}