{"id":16359,"date":"2020-06-17T12:15:02","date_gmt":"2020-06-17T17:15:02","guid":{"rendered":"http:\/\/publication-evangelique.com\/?p=16359"},"modified":"2020-06-17T12:15:02","modified_gmt":"2020-06-17T17:15:02","slug":"suite-de-quelques-signes-avant-coureurs-du-retour-de-jesus","status":"publish","type":"post","link":"https:\/\/publication-evangelique.com\/?p=16359","title":{"rendered":"Suite de quelques signes avant-coureurs du retour de J\u00e9sus."},"content":{"rendered":"<h3>Nous sommes dans une \u00e9tude, un survol des signes qui annoncent le retour du Seigneur J\u00e9sus-Christ. <\/h3>\n<p><audio style= \" width: 480px; \" src= \" https:\/\/publication-evangelique.com\/media\/le_retour_du_seigneur\/24\/20_06_13.mp3 \" preload= \" none \" controls= \" controls \" ><\/audio><br \/>\n<strong>T\u00e9l\u00e9charger &#8211;&gt; <\/strong><a href= \" https:\/\/publication-evangelique.com\/media\/le_retour_du_seigneur\/24\/20_06_13.mp3 \" >MP3<\/a><\/p>\n<p>Nous avons vu les avertissements du Seigneur \u00e0 propos des faux proph\u00e8tes, des guerres et des soul\u00e8vements.<\/p>\n<p><strong>J\u00e9sus annonce qu\u2019il y aura des famines, et de grands tremblements de terre.<br \/>\n<a href= \" https:\/\/bible.publication-evangelique.com\/matthieu#24.7 \" rel= \" noopener noreferrer \" target= \" _blank \" >Mathieu\u00a024:7-8<\/a><\/strong> &#8230; et il y aura, en divers lieux, des famines et des tremblements de terre. 8 Tout cela ne sera que le commencement des douleurs.<!--more--><\/p>\n<p><strong><a href= \" https:\/\/bible.publication-evangelique.com\/marc#13.8 \" rel= \" noopener noreferrer \" target= \" _blank \" >Marc\u00a013:8<\/a><\/strong> &#8230; il y aura des tremblements de terre en divers lieux, il y aura des famines. Ce ne sera que le commencement des douleurs.<\/p>\n<p><strong>Il y a eu plusieurs p\u00e9riodes de famine qui ont frapp\u00e9 la terre \u00e0 partir du temps des ap\u00f4tres jusqu\u2019\u00e0 nos temps modernes.<br \/>\n<a href= \" https:\/\/bible.publication-evangelique.com\/actes#11.28 \" rel= \" noopener noreferrer \" target= \" _blank \" >Actes 11:28-29 <\/a><\/strong> L\u2019un d\u2019eux, nomm\u00e9 Agabus, se leva, et annon\u00e7a par l\u2019Esprit qu\u2019il y aurait une grande famine sur toute la terre. Elle arriva, en effet, sous Claude. 29 Les disciples r\u00e9solurent d\u2019envoyer, chacun selon ses moyens, un secours aux fr\u00e8res qui habitaient la Jud\u00e9e.<\/p>\n<p>Il y en a eu dans tous les temps, frappant diff\u00e9rent pays, avertissant les gens de se tourner vers le Seigneur.<\/p>\n<p><strong>Il y a aussi les famines dans le monde pr\u00e9sent.<\/strong><br \/>\n\u2013\u00a0La faim dans le monde toujours en progression.<br \/>\n\u2013\u00a0La faim dans le monde continue d\u2019affecter de plus en plus de personnes \u00e0 cause des conflits et des d\u00e9r\u00e8glements climatiques.<br \/>\n\u2013\u00a0Le nombre de personnes au bord de la famine risque de doubler en 2020 \u00e0 cause de la COVID-19.<br \/>\n\u2013\u00a0Chaque jour, 25\u00a0000\u00a0personnes meurent de faim. \u2013\u00a0Selon les Nations Unies<\/p>\n<p><strong>J\u00e9sus a parl\u00e9 aussi de grand tremblement de terre. <\/strong><br \/>\nAvez-vous remarqu\u00e9 qu\u2019il y a de plus en plus de tremblement de terre, et de plus en plus fort?<br \/>\nCela fait partie des signes du Seigneur.<br \/>\nHa\u00efti a \u00e9t\u00e9 frapp\u00e9 d\u2019un tremblement de terre voil\u00e0 10\u00a0ans, environ 100\u00a0000\u00a0personnes ont \u00e9t\u00e9 tu\u00e9es<\/p>\n<p><strong>Mais la parole de Dieu annonce des tremblements de terre encore plus grands vers le temps de son retour.<br \/>\nAu sixi\u00e8me sceau<br \/>\n<a href= \" https:\/\/bible.publication-evangelique.com\/apocalypse#6.12 \" rel= \" noopener noreferrer \" target= \" _blank \" >Apocalypse\u00a06:12<\/a><\/strong> je regardai, quand il ouvrit le sixi\u00e8me sceau ; et il y eut un grand tremblement de terre, le soleil devint noir comme un sac de crins, la lune enti\u00e8re devint comme du sang,<\/p>\n<p><strong>Il y aura un tremblement de terre m\u00eal\u00e9 de feu d\u2019\u00e9clair et de tonnerre \u00e0 l\u2019ouverture de la 7e\u00a0trompette.<br \/>\n<a href= \" https:\/\/bible.publication-evangelique.com\/apocalypse#8.5 \" rel= \" noopener noreferrer \" target= \" _blank \" >Apocalypse\u00a08:5<\/a><\/strong> et l\u2019ange prit l\u2019encensoir, le remplit du feu de l\u2019autel, et le jeta sur la terre. Et il y eut des voix, des tonnerres, des \u00e9clairs, et un tremblement de terre.<\/p>\n<p><strong>\u00c0 la septi\u00e8me trompette, il y aura plusieurs ph\u00e9nom\u00e8nes terribles sur la terre au retour du Seigneur J\u00e9sus-Christ et \u00e0 l\u2019ouverture du ciel pour les sauver.<br \/>\n<a href= \" https:\/\/bible.publication-evangelique.com\/apocalypse#11.18 \" rel= \" noopener noreferrer \" target= \" _blank \" >Apocalypse 11:18-19 <\/a><\/strong> Les nations se sont irrit\u00e9es\u00a0; et ta col\u00e8re est venue, et le temps est venu de juger les morts, de r\u00e9compenser tes serviteurs les proph\u00e8tes, les saints et ceux qui craignent ton nom, les petits et les grands, et de d\u00e9truire ceux qui d\u00e9truisent la terre. 19 Et le temple de Dieu dans le ciel fut ouvert, et l\u2019arche de son alliance apparut dans son temple. Et il y eut des \u00e9clairs, des voix, des tonnerres, un tremblement de terre, et une forte gr\u00eale.<\/p>\n<p><strong>Dans l\u2019\u00e9vangile de Luc, il ajoute encore qu\u2019il y aura des pestes, des ph\u00e9nom\u00e8nes terribles, et de grands signes dans le ciel.<br \/>\n<a href= \" https:\/\/bible.publication-evangelique.com\/luc#21.11 \" rel= \" noopener noreferrer \" target= \" _blank \" >Luc\u00a021:11<\/a><\/strong> il y aura de grands tremblements de terre, et, en divers lieux, des pestes et des famines ; il y aura des ph\u00e9nom\u00e8nes terribles, et de grands signes dans le ciel.<\/p>\n<p><strong>Dictionnaire grec Strong<\/strong>\u00a0: pestilence, peste, fl\u00e9au \u2014 ce sont des plaies ou maladies qui frappent les gens ou les animaux.<br \/>\n\u2013\u00a0Au moyen \u00e2ge il y a eu des ravages par la peste noire de 1347-1352 a profond\u00e9ment marquer l\u2019Europe en \u00e9liminant 25\u00a0% \u00e0 50\u00a0% de ses habitants.<br \/>\n\u2013\u00a0Sans compter que plusieurs \u00e9pid\u00e9mies de maladies inconnues \u00e0 forte mortalit\u00e9 ont pu \u00eatre qualifi\u00e9es de pestes par les chroniqueurs de l\u2019\u00e9poque.<br \/>\n\u2013\u00a0Le coronavirus est une autre plaie qui frappe toute la plan\u00e8te et qui donne la mort comme les autres pestes.<\/p>\n<p><strong>Cette maladie actuelle est un avertissement du Seigneur pour amener les gens \u00e0 la pri\u00e8re et \u00e0 la repentance.<br \/>\n<a href= \" https:\/\/bible.publication-evangelique.com\/apocalypse#6.8 \" rel= \" noopener noreferrer \" target= \" _blank \" >Apocalypse\u00a06:8<\/a><\/strong> je regardai, et voici, parut un cheval d\u2019une couleur p\u00e2le. Celui qui le montait se nommait la mort, et le s\u00e9jour des morts l\u2019accompagnait. Le pouvoir leur fut donn\u00e9 sur le quart de la terre, pour faire p\u00e9rir les hommes par l\u2019\u00e9p\u00e9e, par la famine, par la mortalit\u00e9, et par les b\u00eates sauvages de la terre.<\/p>\n<p><strong>J\u00e9sus dans l\u2019\u00e9vangile de Luc mentionne aussi des ph\u00e9nom\u00e8nes terribles.<br \/>\n<a href= \" https:\/\/bible.publication-evangelique.com\/luc#21.11 \" rel= \" noopener noreferrer \" target= \" _blank \" >Luc\u00a021:11<\/a><\/strong> il y aura de grands tremblements de terre, et, en divers lieux, des pestes et des famines ; il y aura des ph\u00e9nom\u00e8nes terribles, et de grands signes dans le ciel.<\/p>\n<p>Des tornades, des ouragans, des tsunamis, des volcans qui ont d\u00e9truit des villes enti\u00e8res et caus\u00e9 des centaines de milliers de morts, des caps de temp\u00e9rature \u00e9lev\u00e9s qui tuent les gens.<\/p>\n<p><strong>J\u00e9sus parle aussi de grands signes dans le ciel. Le soleil se changera en t\u00e9n\u00e8bres et la lune en sang.<br \/>\n<a href= \" https:\/\/bible.publication-evangelique.com\/actes#2.20 \" rel= \" noopener noreferrer \" target= \" _blank \" >Actes\u00a02:20<\/a><\/strong> Le soleil se changera en t\u00e9n\u00e8bres, et la lune en sang, avant l\u2019arriv\u00e9e du jour du Seigneur, de ce jour grand et glorieux.<\/p>\n<p><strong><a href= \" https:\/\/bible.publication-evangelique.com\/apocalypse#6.12 \" rel= \" noopener noreferrer \" target= \" _blank \" >Apocalypse\u00a06:12<\/a><\/strong> je regardai, quand il ouvrit le sixi\u00e8me sceau ; et il y eut un grand tremblement de terre, le soleil devint noir comme un sac de crins, la lune enti\u00e8re devint comme du sang,<\/p>\n<p><strong>J\u00e9sus a dit que cela serait que le commencement des douleurs.<br \/>\n<a href= \" https:\/\/bible.publication-evangelique.com\/matthieu#24.8 \" rel= \" noopener noreferrer \" target= \" _blank \" >Mathieu\u00a024:8<\/a><\/strong> tout cela ne sera que le commencement des douleurs.<\/p>\n<p><strong>Tous ces signes doivent \u00eatre vus par la g\u00e9n\u00e9ration qui assistera au retour de J\u00e9sus<br \/>\n<a href= \" https:\/\/bible.publication-evangelique.com\/marc#13.29 \" rel= \" noopener noreferrer \" target= \" _blank \" >Marc 13:29-31<\/a><\/strong> De m\u00eame, quand vous verrez ces choses arriver, sachez que le Fils de l\u2019homme est proche, \u00e0 la porte. 30 Je vous le dis en v\u00e9rit\u00e9, cette g\u00e9n\u00e9ration ne passera point, que tout cela n\u2019arrive. 31 Le ciel et la terre passeront, mais mes paroles ne passeront point.<\/p>\n<p>&#8212;&#8212;&#8212;&#8212;&#8212;&#8212;<\/p>\n<p>Daniel Poulin<br \/>\n<a title= \" Publication \u00c9vang\u00e9lique \" href= \" https:\/\/publication-evangelique.com \" target= \" _blank \" rel= \" noopener noreferrer \" >https:\/\/publication-evangelique.com<\/a><\/p>\n<p><strong>Adresse de ce blogue :<\/strong> <a href= \" https:\/\/publication-evangelique.com\/?p=16359 \" > https:\/\/publication-evangelique.com\/?p=16359<\/a><\/p>\n<p><strong>De la s\u00e9rie : <\/strong> <a href= \" https:\/\/publication-evangelique.com\/?page_id=16294 \" > Le retour du Seigneur J\u00e9sus-Christ<\/a><\/p>\n","protected":false},"excerpt":{"rendered":"<p>Nous sommes dans une \u00e9tude, un survol des signes qui annoncent le retour du Seigneur J\u00e9sus-Christ. Nous avons vu les avertissements du Seigneur \u00e0 propos des faux proph\u00e8tes, des guerres et des soul\u00e8vements.<\/p>\n <a class=\"more-link\" href=\"https:\/\/publication-evangelique.com\/?p=16359\"><span class=\"more-msg\">Lire la suite &rarr;<\/span><\/a>","protected":false},"author":1,"featured_media":16361,"comment_status":"open","ping_status":"open","sticky":false,"template":"","format":"standard","meta":{"footnotes":""},"categories":[3],"tags":[867,394,303],"class_list":["post-16359","post","type-post","status-publish","format-standard","has-post-thumbnail","hentry","category-accueil","tag-avant","tag-retour-de-jesus","tag-signes"],"yoast_head":"<!-- This site is optimized with the Yoast SEO plugin v27.4 - https:\/\/yoast.com\/product\/yoast-seo-wordpress\/ -->\n<title>Suite de quelques signes avant-coureurs du retour de J\u00e9sus. - Publication \u00c9vang\u00e9lique<\/title>\n<meta name=\"robots\" content=\"index, follow, max-snippet:-1, max-image-preview:large, max-video-preview:-1\" \/>\n<link rel=\"canonical\" href=\"https:\/\/publication-evangelique.com\/?p=16359\" \/>\n<meta property=\"og:locale\" content=\"fr_FR\" \/>\n<meta property=\"og:type\" content=\"article\" \/>\n<meta property=\"og:title\" content=\"Suite de quelques signes avant-coureurs du retour de J\u00e9sus. - Publication \u00c9vang\u00e9lique\" \/>\n<meta property=\"og:description\" content=\"Nous sommes dans une \u00e9tude, un survol des signes qui annoncent le retour du Seigneur J\u00e9sus-Christ. Nous avons vu les avertissements du Seigneur \u00e0 propos des faux proph\u00e8tes, des guerres et des soul\u00e8vements.\" \/>\n<meta property=\"og:url\" content=\"https:\/\/publication-evangelique.com\/?p=16359\" \/>\n<meta property=\"og:site_name\" content=\"Publication \u00c9vang\u00e9lique\" \/>\n<meta property=\"article:publisher\" content=\"https:\/\/www.facebook.com\/danielpoulin75\" \/>\n<meta property=\"article:author\" content=\"https:\/\/www.facebook.com\/danielpoulin75\" \/>\n<meta property=\"article:published_time\" content=\"2020-06-17T17:15:02+00:00\" \/>\n<meta property=\"og:image\" content=\"https:\/\/publication-evangelique.com\/wp-content\/uploads\/1421.jpg\" \/>\n\t<meta property=\"og:image:width\" content=\"1300\" \/>\n\t<meta property=\"og:image:height\" content=\"980\" \/>\n\t<meta property=\"og:image:type\" content=\"image\/jpeg\" \/>\n<meta name=\"author\" content=\"Daniel Poulin\" \/>\n<meta name=\"twitter:label1\" content=\"\u00c9crit par\" \/>\n\t<meta name=\"twitter:data1\" content=\"Daniel Poulin\" \/>\n\t<meta name=\"twitter:label2\" content=\"Dur\u00e9e de lecture estim\u00e9e\" \/>\n\t<meta name=\"twitter:data2\" content=\"5 minutes\" \/>\n<script type=\"application\/ld+json\" class=\"yoast-schema-graph\">{\"@context\":\"https:\\\/\\\/schema.org\",\"@graph\":[{\"@type\":\"Article\",\"@id\":\"https:\\\/\\\/publication-evangelique.com\\\/?p=16359#article\",\"isPartOf\":{\"@id\":\"https:\\\/\\\/publication-evangelique.com\\\/?p=16359\"},\"author\":{\"name\":\"Daniel Poulin\",\"@id\":\"https:\\\/\\\/publication-evangelique.com\\\/#\\\/schema\\\/person\\\/a7aa86223ca614c8c1a737d18c95460c\"},\"headline\":\"Suite de quelques signes avant-coureurs du retour de J\u00e9sus.\",\"datePublished\":\"2020-06-17T17:15:02+00:00\",\"mainEntityOfPage\":{\"@id\":\"https:\\\/\\\/publication-evangelique.com\\\/?p=16359\"},\"wordCount\":1095,\"commentCount\":0,\"publisher\":{\"@id\":\"https:\\\/\\\/publication-evangelique.com\\\/#\\\/schema\\\/person\\\/a7aa86223ca614c8c1a737d18c95460c\"},\"image\":{\"@id\":\"https:\\\/\\\/publication-evangelique.com\\\/?p=16359#primaryimage\"},\"thumbnailUrl\":\"https:\\\/\\\/publication-evangelique.com\\\/wp-content\\\/uploads\\\/1421.jpg\",\"keywords\":[\"avant\",\"retour de J\u00e9sus\",\"signes\"],\"articleSection\":[\"Retour de J\u00e9sus\"],\"inLanguage\":\"fr-FR\"},{\"@type\":\"WebPage\",\"@id\":\"https:\\\/\\\/publication-evangelique.com\\\/?p=16359\",\"url\":\"https:\\\/\\\/publication-evangelique.com\\\/?p=16359\",\"name\":\"Suite de quelques signes avant-coureurs du retour de J\u00e9sus. - Publication \u00c9vang\u00e9lique\",\"isPartOf\":{\"@id\":\"https:\\\/\\\/publication-evangelique.com\\\/#website\"},\"primaryImageOfPage\":{\"@id\":\"https:\\\/\\\/publication-evangelique.com\\\/?p=16359#primaryimage\"},\"image\":{\"@id\":\"https:\\\/\\\/publication-evangelique.com\\\/?p=16359#primaryimage\"},\"thumbnailUrl\":\"https:\\\/\\\/publication-evangelique.com\\\/wp-content\\\/uploads\\\/1421.jpg\",\"datePublished\":\"2020-06-17T17:15:02+00:00\",\"breadcrumb\":{\"@id\":\"https:\\\/\\\/publication-evangelique.com\\\/?p=16359#breadcrumb\"},\"inLanguage\":\"fr-FR\",\"potentialAction\":[{\"@type\":\"ReadAction\",\"target\":[\"https:\\\/\\\/publication-evangelique.com\\\/?p=16359\"]}]},{\"@type\":\"ImageObject\",\"inLanguage\":\"fr-FR\",\"@id\":\"https:\\\/\\\/publication-evangelique.com\\\/?p=16359#primaryimage\",\"url\":\"https:\\\/\\\/publication-evangelique.com\\\/wp-content\\\/uploads\\\/1421.jpg\",\"contentUrl\":\"https:\\\/\\\/publication-evangelique.com\\\/wp-content\\\/uploads\\\/1421.jpg\",\"width\":1300,\"height\":980},{\"@type\":\"BreadcrumbList\",\"@id\":\"https:\\\/\\\/publication-evangelique.com\\\/?p=16359#breadcrumb\",\"itemListElement\":[{\"@type\":\"ListItem\",\"position\":1,\"name\":\"Accueil\",\"item\":\"https:\\\/\\\/publication-evangelique.com\\\/\"},{\"@type\":\"ListItem\",\"position\":2,\"name\":\"Suite de quelques signes avant-coureurs du retour de J\u00e9sus.\"}]},{\"@type\":\"WebSite\",\"@id\":\"https:\\\/\\\/publication-evangelique.com\\\/#website\",\"url\":\"https:\\\/\\\/publication-evangelique.com\\\/\",\"name\":\"Daniel Poulin - publication-evangelique.com\",\"description\":\"Daniel Poulin\",\"publisher\":{\"@id\":\"https:\\\/\\\/publication-evangelique.com\\\/#\\\/schema\\\/person\\\/a7aa86223ca614c8c1a737d18c95460c\"},\"potentialAction\":[{\"@type\":\"SearchAction\",\"target\":{\"@type\":\"EntryPoint\",\"urlTemplate\":\"https:\\\/\\\/publication-evangelique.com\\\/?s={search_term_string}\"},\"query-input\":{\"@type\":\"PropertyValueSpecification\",\"valueRequired\":true,\"valueName\":\"search_term_string\"}}],\"inLanguage\":\"fr-FR\"},{\"@type\":[\"Person\",\"Organization\"],\"@id\":\"https:\\\/\\\/publication-evangelique.com\\\/#\\\/schema\\\/person\\\/a7aa86223ca614c8c1a737d18c95460c\",\"name\":\"Daniel Poulin\",\"image\":{\"@type\":\"ImageObject\",\"inLanguage\":\"fr-FR\",\"@id\":\"https:\\\/\\\/publication-evangelique.com\\\/wp-content\\\/uploads\\\/daniel5-1.jpg\",\"url\":\"https:\\\/\\\/publication-evangelique.com\\\/wp-content\\\/uploads\\\/daniel5-1.jpg\",\"contentUrl\":\"https:\\\/\\\/publication-evangelique.com\\\/wp-content\\\/uploads\\\/daniel5-1.jpg\",\"width\":833,\"height\":969,\"caption\":\"Daniel Poulin\"},\"logo\":{\"@id\":\"https:\\\/\\\/publication-evangelique.com\\\/wp-content\\\/uploads\\\/daniel5-1.jpg\"},\"description\":\"Bonjour, ici Daniel Poulin! Je suis un chr\u00e9tien n\u00e9 de nouveau depuis 1980, ayant parcouru un cheminement avec le Seigneur J\u00e9sus-Christ, j'ai construit ce site afin de partager mes connaissances de la parole de Dieu \\\" La Bible \\\" Je travaille aussi au d\u00e9veloppement de la station de radio chr\u00e9tienne fran\u00e7aise \u00e0 Montr\u00e9al, \\\" La Radio Gospel \\\" que vous pouvez voir ici http:\\\/\\\/laradiogospel.ca Je fr\u00e9quente aussi une \u00e9glise, dont je pr\u00eache et j\u2019enseigne la parole de Dieu. La communaut\u00e9 \u00c9vang\u00e9lique de l'Agneau \\\" , voici l'adresse, http:\\\/\\\/communauteevangelique.ca\\\/\",\"sameAs\":[\"https:\\\/\\\/publication-evangelique.com\",\"https:\\\/\\\/www.facebook.com\\\/danielpoulin75\",\"https:\\\/\\\/www.linkedin.com\\\/in\\\/daniel-poulin-64614745\\\/\",\"https:\\\/\\\/x.com\\\/https:\\\/\\\/twitter.com\\\/Daniel_Poulin\",\"https:\\\/\\\/www.youtube.com\\\/user\\\/danielpoulin75\\\/videos\"]}]}<\/script>\n<!-- \/ Yoast SEO plugin. -->","yoast_head_json":{"title":"Suite de quelques signes avant-coureurs du retour de J\u00e9sus. - Publication \u00c9vang\u00e9lique","robots":{"index":"index","follow":"follow","max-snippet":"max-snippet:-1","max-image-preview":"max-image-preview:large","max-video-preview":"max-video-preview:-1"},"canonical":"https:\/\/publication-evangelique.com\/?p=16359","og_locale":"fr_FR","og_type":"article","og_title":"Suite de quelques signes avant-coureurs du retour de J\u00e9sus. - Publication \u00c9vang\u00e9lique","og_description":"Nous sommes dans une \u00e9tude, un survol des signes qui annoncent le retour du Seigneur J\u00e9sus-Christ. Nous avons vu les avertissements du Seigneur \u00e0 propos des faux proph\u00e8tes, des guerres et des soul\u00e8vements.","og_url":"https:\/\/publication-evangelique.com\/?p=16359","og_site_name":"Publication \u00c9vang\u00e9lique","article_publisher":"https:\/\/www.facebook.com\/danielpoulin75","article_author":"https:\/\/www.facebook.com\/danielpoulin75","article_published_time":"2020-06-17T17:15:02+00:00","og_image":[{"width":1300,"height":980,"url":"https:\/\/publication-evangelique.com\/wp-content\/uploads\/1421.jpg","type":"image\/jpeg"}],"author":"Daniel Poulin","twitter_misc":{"\u00c9crit par":"Daniel Poulin","Dur\u00e9e de lecture estim\u00e9e":"5 minutes"},"schema":{"@context":"https:\/\/schema.org","@graph":[{"@type":"Article","@id":"https:\/\/publication-evangelique.com\/?p=16359#article","isPartOf":{"@id":"https:\/\/publication-evangelique.com\/?p=16359"},"author":{"name":"Daniel Poulin","@id":"https:\/\/publication-evangelique.com\/#\/schema\/person\/a7aa86223ca614c8c1a737d18c95460c"},"headline":"Suite de quelques signes avant-coureurs du retour de J\u00e9sus.","datePublished":"2020-06-17T17:15:02+00:00","mainEntityOfPage":{"@id":"https:\/\/publication-evangelique.com\/?p=16359"},"wordCount":1095,"commentCount":0,"publisher":{"@id":"https:\/\/publication-evangelique.com\/#\/schema\/person\/a7aa86223ca614c8c1a737d18c95460c"},"image":{"@id":"https:\/\/publication-evangelique.com\/?p=16359#primaryimage"},"thumbnailUrl":"https:\/\/publication-evangelique.com\/wp-content\/uploads\/1421.jpg","keywords":["avant","retour de J\u00e9sus","signes"],"articleSection":["Retour de J\u00e9sus"],"inLanguage":"fr-FR"},{"@type":"WebPage","@id":"https:\/\/publication-evangelique.com\/?p=16359","url":"https:\/\/publication-evangelique.com\/?p=16359","name":"Suite de quelques signes avant-coureurs du retour de J\u00e9sus. - Publication \u00c9vang\u00e9lique","isPartOf":{"@id":"https:\/\/publication-evangelique.com\/#website"},"primaryImageOfPage":{"@id":"https:\/\/publication-evangelique.com\/?p=16359#primaryimage"},"image":{"@id":"https:\/\/publication-evangelique.com\/?p=16359#primaryimage"},"thumbnailUrl":"https:\/\/publication-evangelique.com\/wp-content\/uploads\/1421.jpg","datePublished":"2020-06-17T17:15:02+00:00","breadcrumb":{"@id":"https:\/\/publication-evangelique.com\/?p=16359#breadcrumb"},"inLanguage":"fr-FR","potentialAction":[{"@type":"ReadAction","target":["https:\/\/publication-evangelique.com\/?p=16359"]}]},{"@type":"ImageObject","inLanguage":"fr-FR","@id":"https:\/\/publication-evangelique.com\/?p=16359#primaryimage","url":"https:\/\/publication-evangelique.com\/wp-content\/uploads\/1421.jpg","contentUrl":"https:\/\/publication-evangelique.com\/wp-content\/uploads\/1421.jpg","width":1300,"height":980},{"@type":"BreadcrumbList","@id":"https:\/\/publication-evangelique.com\/?p=16359#breadcrumb","itemListElement":[{"@type":"ListItem","position":1,"name":"Accueil","item":"https:\/\/publication-evangelique.com\/"},{"@type":"ListItem","position":2,"name":"Suite de quelques signes avant-coureurs du retour de J\u00e9sus."}]},{"@type":"WebSite","@id":"https:\/\/publication-evangelique.com\/#website","url":"https:\/\/publication-evangelique.com\/","name":"Daniel Poulin - publication-evangelique.com","description":"Daniel Poulin","publisher":{"@id":"https:\/\/publication-evangelique.com\/#\/schema\/person\/a7aa86223ca614c8c1a737d18c95460c"},"potentialAction":[{"@type":"SearchAction","target":{"@type":"EntryPoint","urlTemplate":"https:\/\/publication-evangelique.com\/?s={search_term_string}"},"query-input":{"@type":"PropertyValueSpecification","valueRequired":true,"valueName":"search_term_string"}}],"inLanguage":"fr-FR"},{"@type":["Person","Organization"],"@id":"https:\/\/publication-evangelique.com\/#\/schema\/person\/a7aa86223ca614c8c1a737d18c95460c","name":"Daniel Poulin","image":{"@type":"ImageObject","inLanguage":"fr-FR","@id":"https:\/\/publication-evangelique.com\/wp-content\/uploads\/daniel5-1.jpg","url":"https:\/\/publication-evangelique.com\/wp-content\/uploads\/daniel5-1.jpg","contentUrl":"https:\/\/publication-evangelique.com\/wp-content\/uploads\/daniel5-1.jpg","width":833,"height":969,"caption":"Daniel Poulin"},"logo":{"@id":"https:\/\/publication-evangelique.com\/wp-content\/uploads\/daniel5-1.jpg"},"description":"Bonjour, ici Daniel Poulin! Je suis un chr\u00e9tien n\u00e9 de nouveau depuis 1980, ayant parcouru un cheminement avec le Seigneur J\u00e9sus-Christ, j'ai construit ce site afin de partager mes connaissances de la parole de Dieu \" La Bible \" Je travaille aussi au d\u00e9veloppement de la station de radio chr\u00e9tienne fran\u00e7aise \u00e0 Montr\u00e9al, \" La Radio Gospel \" que vous pouvez voir ici http:\/\/laradiogospel.ca Je fr\u00e9quente aussi une \u00e9glise, dont je pr\u00eache et j\u2019enseigne la parole de Dieu. La communaut\u00e9 \u00c9vang\u00e9lique de l'Agneau \" , voici l'adresse, http:\/\/communauteevangelique.ca\/","sameAs":["https:\/\/publication-evangelique.com","https:\/\/www.facebook.com\/danielpoulin75","https:\/\/www.linkedin.com\/in\/daniel-poulin-64614745\/","https:\/\/x.com\/https:\/\/twitter.com\/Daniel_Poulin","https:\/\/www.youtube.com\/user\/danielpoulin75\/videos"]}]}},"_links":{"self":[{"href":"https:\/\/publication-evangelique.com\/index.php?rest_route=\/wp\/v2\/posts\/16359","targetHints":{"allow":["GET"]}}],"collection":[{"href":"https:\/\/publication-evangelique.com\/index.php?rest_route=\/wp\/v2\/posts"}],"about":[{"href":"https:\/\/publication-evangelique.com\/index.php?rest_route=\/wp\/v2\/types\/post"}],"author":[{"embeddable":true,"href":"https:\/\/publication-evangelique.com\/index.php?rest_route=\/wp\/v2\/users\/1"}],"replies":[{"embeddable":true,"href":"https:\/\/publication-evangelique.com\/index.php?rest_route=%2Fwp%2Fv2%2Fcomments&post=16359"}],"version-history":[{"count":0,"href":"https:\/\/publication-evangelique.com\/index.php?rest_route=\/wp\/v2\/posts\/16359\/revisions"}],"wp:featuredmedia":[{"embeddable":true,"href":"https:\/\/publication-evangelique.com\/index.php?rest_route=\/wp\/v2\/media\/16361"}],"wp:attachment":[{"href":"https:\/\/publication-evangelique.com\/index.php?rest_route=%2Fwp%2Fv2%2Fmedia&parent=16359"}],"wp:term":[{"taxonomy":"category","embeddable":true,"href":"https:\/\/publication-evangelique.com\/index.php?rest_route=%2Fwp%2Fv2%2Fcategories&post=16359"},{"taxonomy":"post_tag","embeddable":true,"href":"https:\/\/publication-evangelique.com\/index.php?rest_route=%2Fwp%2Fv2%2Ftags&post=16359"}],"curies":[{"name":"wp","href":"https:\/\/api.w.org\/{rel}","templated":true}]}}