{"id":16373,"date":"2020-06-27T10:16:44","date_gmt":"2020-06-27T15:16:44","guid":{"rendered":"http:\/\/publication-evangelique.com\/?p=16373"},"modified":"2020-06-27T10:16:44","modified_gmt":"2020-06-27T15:16:44","slug":"quelques-signes-avant-coureurs-du-retour-de-jesus-3e-partie","status":"publish","type":"post","link":"https:\/\/publication-evangelique.com\/?p=16373","title":{"rendered":"Quelques signes avant-coureurs du retour de J\u00e9sus &#8211; 3e partie"},"content":{"rendered":"<h3>Nous sommes en train de regarder des signes importants qui s\u2019accompliront avant la seconde venue du Seigneur J\u00e9sus-Christ. <\/h3>\n<p><audio style= \" width: 480px; \" src= \" https:\/\/publication-evangelique.com\/media\/le_retour_du_seigneur\/24\/20_06_20.mp3 \" preload= \" none \" controls= \" controls \" ><\/audio><br \/>\n<strong>T\u00e9l\u00e9charger &#8211;&gt; <\/strong><a href= \" https:\/\/publication-evangelique.com\/media\/le_retour_du_seigneur\/24\/20_06_20.mp3 \" >MP3<\/a><\/p>\n<p>Il nous a d\u00e9j\u00e0 annonc\u00e9 une lev\u00e9e de faux proph\u00e8te, des guerres des soul\u00e8vements, la destruction de J\u00e9rusalem, des tremblements de terre, des famines, des pestes, des ph\u00e9nom\u00e8nes terribles\u2026<\/p>\n<p><strong>J\u00e9sus nous annonce de grandes pers\u00e9cutions contre les disciples.<br \/>\n<a href= \" https:\/\/bible.publication-evangelique.com\/matthieu#24.9 \" rel= \" noopener noreferrer \" target= \" _blank \" >Mathieu\u00a024:9<\/a> <\/strong>alors on vous livrera aux tourments, et l\u2019on vous fera mourir; et vous serez ha\u00efs de toutes les nations, \u00e0 cause de mon nom. <!--more--><\/p>\n<p><strong>L\u2019\u00e9vangile de Marc ajoute\u00a0:<br \/>\n<a href= \" https:\/\/bible.publication-evangelique.com\/marc#13.9 \" rel= \" noopener noreferrer \" target= \" _blank \" >Marc 13:9<\/a><\/strong> prenez garde \u00e0 vous-m\u00eames. On vous livrera aux tribunaux, et vous serez battus de verges dans les synagogues ; vous compara\u00eetrez devant des gouverneurs et devant des rois, \u00e0 cause de moi, pour leur servir de t\u00e9moignage. <\/p>\n<p><strong>L\u2019\u00e9vangile de Luc ajoute\u00a0:<br \/>\n<a href= \" https:\/\/bible.publication-evangelique.com\/luc#21.12 \" rel= \" noopener noreferrer \" target= \" _blank \" >Luc\u00a021:12-15<\/a><\/strong>, mais, avant tout cela, on mettra la main sur vous, et l\u2019on vous pers\u00e9cutera ; on vous livrera aux synagogues, on vous jettera en prison, on vous m\u00e8nera devant des rois et devant des gouverneurs, \u00e0 cause de mon nom. 13 Cela vous arrivera pour que vous serviez de t\u00e9moignage. 14 Mettez-vous donc dans l\u2019esprit de ne pas pr\u00e9m\u00e9diter votre d\u00e9fense ; 15, car je vous donnerai une bouche et une sagesse \u00e0 laquelle tous vos adversaires ne pourront r\u00e9sister ou contredire.<\/p>\n<p><strong>J\u00e9sus nous a d\u00e9j\u00e0 enseign\u00e9 le pourquoi qu\u2019il y a-t-il tant de haine contre les chr\u00e9tiens?<br \/>\n<a href= \" https:\/\/bible.publication-evangelique.com\/jean#15.18 \" rel= \" noopener noreferrer \" target= \" _blank \" >Jean\u00a015:18-19<\/a><\/strong> si le monde vous hait, sachez qu\u2019il m\u2019a ha\u00ef avant vous. 19 Si vous \u00e9tiez du monde, le monde aimerait ce qui est \u00e0 lui ; mais parce que vous n\u2019\u00eates pas du monde, et que je vous ai choisis du milieu du monde, \u00e0 cause de cela le monde vous hait.<\/p>\n<p><strong><a href= \" https:\/\/bible.publication-evangelique.com\/jean#15.20 \" rel= \" noopener noreferrer \" target= \" _blank \" >Jean\u00a015:20-21<\/a><\/strong> souvenez-vous de la parole que je vous ai dite\u00a0: Le serviteur n\u2019est pas plus grand que son ma\u00eetre. S\u2019ils m\u2019ont pers\u00e9cut\u00e9, ils vous pers\u00e9cuteront aussi ; s\u2019ils ont gard\u00e9 ma parole, ils garderont aussi la v\u00f4tre. 21 Mais ils vous feront toutes ces choses \u00e0 cause de mon nom, parce qu\u2019ils ne connaissent pas celui qui m\u2019a envoy\u00e9.<\/p>\n<p><strong>Nous sommes dans une guerre spirituelle contre le prince de ce monde.<br \/>\n<a href= \" https:\/\/bible.publication-evangelique.com\/ephesiens#6.12 \" rel= \" noopener noreferrer \" target= \" _blank \" >\u00c9ph\u00e9siens\u00a06:12<\/a><\/strong> car nous n\u2019avons pas \u00e0 lutter contre la chair et le sang, mais contre les dominations, contre les autorit\u00e9s, contre les princes de ce monde de t\u00e9n\u00e8bres, contre les esprits m\u00e9chants dans les lieux c\u00e9lestes.<\/p>\n<p><strong>Le diable sait qu\u2019il lui reste peu de temps et il est en col\u00e8re contre Dieu et il attaque les chr\u00e9tiens.<br \/>\n<a href= \" https:\/\/bible.publication-evangelique.com\/apocalypse#12.17 \" rel= \" noopener noreferrer \" target= \" _blank \" >Apocalypse\u00a012:17<\/a><\/strong> Et le dragon fut irrit\u00e9 contre la femme, et il s\u2019en alla faire la guerre aux restes de sa post\u00e9rit\u00e9, \u00e0 ceux qui gardent les commandements de Dieu et qui ont le t\u00e9moignage de J\u00e9sus.<\/p>\n<p><strong>Le d\u00e9veloppement de cette guerre spirituelle am\u00e8nera certains chr\u00e9tiens \u00e0 abandonner le Seigneur et \u00e0 apostasier dans leur foi.<br \/>\n<a href= \" https:\/\/bible.publication-evangelique.com\/matthieu#24.11 \" rel= \" noopener noreferrer \" target= \" _blank \" >Mathieu\u00a024:10-11<\/a><\/strong> Alors aussi plusieurs succomberont, et ils se trahiront, se ha\u00efront les uns les autres. 11 Plusieurs faux proph\u00e8tes s\u2019\u00e9l\u00e8veront, et ils s\u00e9duiront beaucoup de gens.<\/p>\n<p><strong>Marc ajoute que les gens n\u2019auront plus aucune piti\u00e9 m\u00eame pour leur propre famille.<br \/>\n<a href= \" https:\/\/bible.publication-evangelique.com\/marc#13.12 \" rel= \" noopener noreferrer \" target= \" _blank \" >Marc 13:12-13<\/a> <\/strong> Le fr\u00e8re livrera son fr\u00e8re \u00e0 la mort, et le p\u00e8re son enfant\u00a0; les enfants se soul\u00e8veront contre leurs parents, et les feront mourir. 13 Vous serez ha\u00efs de tous, \u00e0 cause de mon nom, mais celui qui pers\u00e9v\u00e9rera jusqu\u2019\u00e0 la fin sera sauv\u00e9.<\/p>\n<p>Mais le Seigneur nous demande de pers\u00e9v\u00e9rer dans la foi jusqu\u2019\u00e0 la fin.<\/p>\n<p><strong>Luc mentionne que plusieurs chr\u00e9tiens seront mis \u00e0 mort.<br \/>\n<a href= \" https:\/\/bible.publication-evangelique.com\/luc#21.16 \" rel= \" noopener noreferrer \" target= \" _blank \" >Luc\u00a021:16-17<\/a> <\/strong>vous serez livr\u00e9s m\u00eame par vos parents, par vos fr\u00e8res, par vos proches et par vos amis, et ils feront mourir plusieurs d\u2019entre vous. 17 Vous serez ha\u00efs de tous, \u00e0 cause de mon nom. <\/p>\n<p><strong><a href= \" https:\/\/bible.publication-evangelique.com\/apocalypse#13.7 \" rel= \" noopener noreferrer \" target= \" _blank \" >Apocalypse\u00a013:7<\/a><\/strong> et il lui fut donn\u00e9 de faire la guerre aux saints, et de les vaincre. Et il lui fut donn\u00e9 autorit\u00e9 sur toute tribu, tout peuple, toute langue, et toute nation.<\/p>\n<p><strong>Luc dit \u00e0 l\u2019\u00e9glise que par notre pers\u00e9v\u00e9rance nous sauverons nos \u00e2mes.<br \/>\n<a href= \" https:\/\/bible.publication-evangelique.com\/luc#21.18 \" rel= \" noopener noreferrer \" target= \" _blank \" >Luc\u00a021:18-19<\/a><\/strong>, mais il ne se perdra pas un cheveu de votre t\u00eate ; 19 par votre pers\u00e9v\u00e9rance, vous sauverez vos \u00e2mes.<\/p>\n<p><strong>Mathieu, apr\u00e8s avoir dit que plusieurs succomberont, il dit que certains chr\u00e9tiens deviendront des faux proph\u00e8tes.<br \/>\n<a href= \" https:\/\/bible.publication-evangelique.com\/matthieu#24.11 \" rel= \" noopener noreferrer \" target= \" _blank \" >Mathieu\u00a024:11<\/a><\/strong> plusieurs faux proph\u00e8tes s\u2019\u00e9l\u00e8veront, et ils s\u00e9duiront beaucoup de gens. <\/p>\n<p>D\u00fb \u00e0 l\u2019augmentation du p\u00e9ch\u00e9 parmi les chr\u00e9tiens, l\u2019amour de Dieu et de sa parole se refroidira. <\/p>\n<p><strong>Mais le Seigneur nous avertit qu\u2019il est essentiel que l\u2019on pers\u00e9v\u00e8re jusqu\u2019\u00e0 la fin pour \u00eatre sauv\u00e9.<br \/>\n<a href= \" https:\/\/bible.publication-evangelique.com\/matthieu#24.12 \" rel= \" noopener noreferrer \" target= \" _blank \" >Mathieu\u00a024:12-13<\/a><\/strong> Et, parce que l\u2019iniquit\u00e9 se sera accrue, la charit\u00e9 du plus grand nombre se refroidira. 13, mais celui qui pers\u00e9v\u00e9rera jusqu\u2019\u00e0 la fin sera sauv\u00e9.<\/p>\n<p>Cela s\u2019appelle l\u2019apostasie.<\/p>\n<p><strong>La Bible nous avertit de ne pas \u00eatre \u00e9tonn\u00e9s que du milieu chr\u00e9tien puisse s\u2019\u00e9lever des faux enseignants.<br \/>\n<a href= \" https:\/\/bible.publication-evangelique.com\/1-jean#2.18 \" rel= \" noopener noreferrer \" target= \" _blank \" >1 Jean 2:18-19<\/a><\/strong> Petits enfants, c\u2019est la derni\u00e8re heure, et comme vous avez appris qu\u2019un ant\u00e9christ vient, il y a maintenant plusieurs ant\u00e9christs\u00a0: par l\u00e0 nous connaissons que c\u2019est la derni\u00e8re heure. 19 Ils sont sortis du milieu de nous, mais ils n\u2019\u00e9taient pas des n\u00f4tres ; car s\u2019ils eussent \u00e9t\u00e9 des n\u00f4tres, ils seraient demeur\u00e9s avec nous, mais cela est arriv\u00e9 afin qu\u2019il f\u00fbt manifeste que tous ne sont pas des n\u00f4tres.<\/p>\n<p><strong>L\u2019apostasie dans l\u2019\u00e9glise nous conduira \u00e0 autre signe majeur avant-coureur du retour du Seigneur est l\u2019apparition d\u2019un dictateur mondial nomm\u00e9 homme du p\u00e9ch\u00e9, le fils de la perdition.<br \/>\n<a href= \" https:\/\/bible.publication-evangelique.com\/2-thessaloniciens#2.1 \" rel= \" noopener noreferrer \" target= \" _blank \" >2 Thessaloniciens 2:1-4<\/a><\/strong> Pour ce qui concerne l\u2019av\u00e8nement de notre Seigneur J\u00e9sus-Christ et notre r\u00e9union avec lui, nous vous prions, fr\u00e8res, 2 de ne pas vous laisser facilement \u00e9branler dans votre bon sens, et de ne pas vous laisser troubler, soit par quelque inspiration, soit par quelque parole, ou par quelque lettre qu\u2019on dirait venir de nous, comme si le jour du Seigneur \u00e9tait d\u00e9j\u00e0 l\u00e0. 3 Que personne ne vous s\u00e9duise d\u2019aucune mani\u00e8re ; car il faut que l\u2019apostasie soit arriv\u00e9e auparavant, et qu\u2019on ait vu para\u00eetre l\u2019homme du p\u00e9ch\u00e9, le fils de la perdition, 4 l\u2019adversaire qui s\u2019\u00e9l\u00e8ve au-dessus de tout ce qu\u2019on appelle Dieu ou de ce qu\u2019on adore, jusqu\u2019\u00e0 s\u2019asseoir dans le temple de Dieu, se proclamant lui-m\u00eame Dieu. <\/p>\n<p>&#8212;&#8212;&#8212;&#8212;&#8212;&#8212;<\/p>\n<p>Daniel Poulin<br \/>\n<a title= \" Publication \u00c9vang\u00e9lique \" href= \" https:\/\/publication-evangelique.com \" target= \" _blank \" rel= \" noopener noreferrer \" >https:\/\/publication-evangelique.com<\/a><\/p>\n<p><strong>Adresse de ce blogue :<\/strong> <a href= \" https:\/\/publication-evangelique.com\/?p=16373 \" > https:\/\/publication-evangelique.com\/?p=16373<\/a><\/p>\n<p><strong>De la s\u00e9rie : <\/strong> <a href= \" https:\/\/publication-evangelique.com\/?page_id=16294 \" > Le retour du Seigneur J\u00e9sus-Christ<\/a><\/p>\n","protected":false},"excerpt":{"rendered":"<p>Nous sommes en train de regarder des signes importants qui s\u2019accompliront avant la seconde venue du Seigneur J\u00e9sus-Christ. <\/p>\n <a class=\"more-link\" href=\"https:\/\/publication-evangelique.com\/?p=16373\"><span class=\"more-msg\">Lire la suite &rarr;<\/span><\/a>","protected":false},"author":1,"featured_media":12956,"comment_status":"open","ping_status":"open","sticky":false,"template":"","format":"standard","meta":{"footnotes":""},"categories":[13,3,862],"tags":[867,394,303],"class_list":["post-16373","post","type-post","status-publish","format-standard","has-post-thumbnail","hentry","category-fin-des-temps","category-accueil","category-retour-du-seigneur","tag-avant","tag-retour-de-jesus","tag-signes"],"yoast_head":"<!-- This site is optimized with the Yoast SEO plugin v27.4 - https:\/\/yoast.com\/product\/yoast-seo-wordpress\/ -->\n<title>Quelques signes avant-coureurs du retour de J\u00e9sus - 3e partie - Publication \u00c9vang\u00e9lique<\/title>\n<meta name=\"robots\" content=\"index, follow, max-snippet:-1, max-image-preview:large, max-video-preview:-1\" \/>\n<link rel=\"canonical\" href=\"https:\/\/publication-evangelique.com\/?p=16373\" \/>\n<meta property=\"og:locale\" content=\"fr_FR\" \/>\n<meta property=\"og:type\" content=\"article\" \/>\n<meta property=\"og:title\" content=\"Quelques signes avant-coureurs du retour de J\u00e9sus - 3e partie - Publication \u00c9vang\u00e9lique\" \/>\n<meta property=\"og:description\" content=\"Nous sommes en train de regarder des signes importants qui s\u2019accompliront avant la seconde venue du Seigneur J\u00e9sus-Christ.\" \/>\n<meta property=\"og:url\" content=\"https:\/\/publication-evangelique.com\/?p=16373\" \/>\n<meta property=\"og:site_name\" content=\"Publication \u00c9vang\u00e9lique\" \/>\n<meta property=\"article:publisher\" content=\"https:\/\/www.facebook.com\/danielpoulin75\" \/>\n<meta property=\"article:author\" content=\"https:\/\/www.facebook.com\/danielpoulin75\" \/>\n<meta property=\"article:published_time\" content=\"2020-06-27T15:16:44+00:00\" \/>\n<meta property=\"og:image\" content=\"https:\/\/publication-evangelique.com\/wp-content\/uploads\/1159.jpg\" \/>\n\t<meta property=\"og:image:width\" content=\"1280\" \/>\n\t<meta property=\"og:image:height\" content=\"959\" \/>\n\t<meta property=\"og:image:type\" content=\"image\/jpeg\" \/>\n<meta name=\"author\" content=\"Daniel Poulin\" \/>\n<meta name=\"twitter:label1\" content=\"\u00c9crit par\" \/>\n\t<meta name=\"twitter:data1\" content=\"Daniel Poulin\" \/>\n\t<meta name=\"twitter:label2\" content=\"Dur\u00e9e de lecture estim\u00e9e\" \/>\n\t<meta name=\"twitter:data2\" content=\"6 minutes\" \/>\n<script type=\"application\/ld+json\" class=\"yoast-schema-graph\">{\"@context\":\"https:\\\/\\\/schema.org\",\"@graph\":[{\"@type\":\"Article\",\"@id\":\"https:\\\/\\\/publication-evangelique.com\\\/?p=16373#article\",\"isPartOf\":{\"@id\":\"https:\\\/\\\/publication-evangelique.com\\\/?p=16373\"},\"author\":{\"name\":\"Daniel Poulin\",\"@id\":\"https:\\\/\\\/publication-evangelique.com\\\/#\\\/schema\\\/person\\\/a7aa86223ca614c8c1a737d18c95460c\"},\"headline\":\"Quelques signes avant-coureurs du retour de J\u00e9sus &#8211; 3e partie\",\"datePublished\":\"2020-06-27T15:16:44+00:00\",\"mainEntityOfPage\":{\"@id\":\"https:\\\/\\\/publication-evangelique.com\\\/?p=16373\"},\"wordCount\":1163,\"commentCount\":0,\"publisher\":{\"@id\":\"https:\\\/\\\/publication-evangelique.com\\\/#\\\/schema\\\/person\\\/a7aa86223ca614c8c1a737d18c95460c\"},\"image\":{\"@id\":\"https:\\\/\\\/publication-evangelique.com\\\/?p=16373#primaryimage\"},\"thumbnailUrl\":\"https:\\\/\\\/publication-evangelique.com\\\/wp-content\\\/uploads\\\/1159.jpg\",\"keywords\":[\"avant\",\"retour de J\u00e9sus\",\"signes\"],\"articleSection\":[\"Fin des temps\",\"Retour de J\u00e9sus\",\"retour du Seigneur\"],\"inLanguage\":\"fr-FR\"},{\"@type\":\"WebPage\",\"@id\":\"https:\\\/\\\/publication-evangelique.com\\\/?p=16373\",\"url\":\"https:\\\/\\\/publication-evangelique.com\\\/?p=16373\",\"name\":\"Quelques signes avant-coureurs du retour de J\u00e9sus - 3e partie - Publication \u00c9vang\u00e9lique\",\"isPartOf\":{\"@id\":\"https:\\\/\\\/publication-evangelique.com\\\/#website\"},\"primaryImageOfPage\":{\"@id\":\"https:\\\/\\\/publication-evangelique.com\\\/?p=16373#primaryimage\"},\"image\":{\"@id\":\"https:\\\/\\\/publication-evangelique.com\\\/?p=16373#primaryimage\"},\"thumbnailUrl\":\"https:\\\/\\\/publication-evangelique.com\\\/wp-content\\\/uploads\\\/1159.jpg\",\"datePublished\":\"2020-06-27T15:16:44+00:00\",\"breadcrumb\":{\"@id\":\"https:\\\/\\\/publication-evangelique.com\\\/?p=16373#breadcrumb\"},\"inLanguage\":\"fr-FR\",\"potentialAction\":[{\"@type\":\"ReadAction\",\"target\":[\"https:\\\/\\\/publication-evangelique.com\\\/?p=16373\"]}]},{\"@type\":\"ImageObject\",\"inLanguage\":\"fr-FR\",\"@id\":\"https:\\\/\\\/publication-evangelique.com\\\/?p=16373#primaryimage\",\"url\":\"https:\\\/\\\/publication-evangelique.com\\\/wp-content\\\/uploads\\\/1159.jpg\",\"contentUrl\":\"https:\\\/\\\/publication-evangelique.com\\\/wp-content\\\/uploads\\\/1159.jpg\",\"width\":1280,\"height\":959},{\"@type\":\"BreadcrumbList\",\"@id\":\"https:\\\/\\\/publication-evangelique.com\\\/?p=16373#breadcrumb\",\"itemListElement\":[{\"@type\":\"ListItem\",\"position\":1,\"name\":\"Accueil\",\"item\":\"https:\\\/\\\/publication-evangelique.com\\\/\"},{\"@type\":\"ListItem\",\"position\":2,\"name\":\"Quelques signes avant-coureurs du retour de J\u00e9sus &#8211; 3e partie\"}]},{\"@type\":\"WebSite\",\"@id\":\"https:\\\/\\\/publication-evangelique.com\\\/#website\",\"url\":\"https:\\\/\\\/publication-evangelique.com\\\/\",\"name\":\"Daniel Poulin - publication-evangelique.com\",\"description\":\"Daniel Poulin\",\"publisher\":{\"@id\":\"https:\\\/\\\/publication-evangelique.com\\\/#\\\/schema\\\/person\\\/a7aa86223ca614c8c1a737d18c95460c\"},\"potentialAction\":[{\"@type\":\"SearchAction\",\"target\":{\"@type\":\"EntryPoint\",\"urlTemplate\":\"https:\\\/\\\/publication-evangelique.com\\\/?s={search_term_string}\"},\"query-input\":{\"@type\":\"PropertyValueSpecification\",\"valueRequired\":true,\"valueName\":\"search_term_string\"}}],\"inLanguage\":\"fr-FR\"},{\"@type\":[\"Person\",\"Organization\"],\"@id\":\"https:\\\/\\\/publication-evangelique.com\\\/#\\\/schema\\\/person\\\/a7aa86223ca614c8c1a737d18c95460c\",\"name\":\"Daniel Poulin\",\"image\":{\"@type\":\"ImageObject\",\"inLanguage\":\"fr-FR\",\"@id\":\"https:\\\/\\\/publication-evangelique.com\\\/wp-content\\\/uploads\\\/daniel5-1.jpg\",\"url\":\"https:\\\/\\\/publication-evangelique.com\\\/wp-content\\\/uploads\\\/daniel5-1.jpg\",\"contentUrl\":\"https:\\\/\\\/publication-evangelique.com\\\/wp-content\\\/uploads\\\/daniel5-1.jpg\",\"width\":833,\"height\":969,\"caption\":\"Daniel Poulin\"},\"logo\":{\"@id\":\"https:\\\/\\\/publication-evangelique.com\\\/wp-content\\\/uploads\\\/daniel5-1.jpg\"},\"description\":\"Bonjour, ici Daniel Poulin! Je suis un chr\u00e9tien n\u00e9 de nouveau depuis 1980, ayant parcouru un cheminement avec le Seigneur J\u00e9sus-Christ, j'ai construit ce site afin de partager mes connaissances de la parole de Dieu \\\" La Bible \\\" Je travaille aussi au d\u00e9veloppement de la station de radio chr\u00e9tienne fran\u00e7aise \u00e0 Montr\u00e9al, \\\" La Radio Gospel \\\" que vous pouvez voir ici http:\\\/\\\/laradiogospel.ca Je fr\u00e9quente aussi une \u00e9glise, dont je pr\u00eache et j\u2019enseigne la parole de Dieu. La communaut\u00e9 \u00c9vang\u00e9lique de l'Agneau \\\" , voici l'adresse, http:\\\/\\\/communauteevangelique.ca\\\/\",\"sameAs\":[\"https:\\\/\\\/publication-evangelique.com\",\"https:\\\/\\\/www.facebook.com\\\/danielpoulin75\",\"https:\\\/\\\/www.linkedin.com\\\/in\\\/daniel-poulin-64614745\\\/\",\"https:\\\/\\\/x.com\\\/https:\\\/\\\/twitter.com\\\/Daniel_Poulin\",\"https:\\\/\\\/www.youtube.com\\\/user\\\/danielpoulin75\\\/videos\"]}]}<\/script>\n<!-- \/ Yoast SEO plugin. -->","yoast_head_json":{"title":"Quelques signes avant-coureurs du retour de J\u00e9sus - 3e partie - Publication \u00c9vang\u00e9lique","robots":{"index":"index","follow":"follow","max-snippet":"max-snippet:-1","max-image-preview":"max-image-preview:large","max-video-preview":"max-video-preview:-1"},"canonical":"https:\/\/publication-evangelique.com\/?p=16373","og_locale":"fr_FR","og_type":"article","og_title":"Quelques signes avant-coureurs du retour de J\u00e9sus - 3e partie - Publication \u00c9vang\u00e9lique","og_description":"Nous sommes en train de regarder des signes importants qui s\u2019accompliront avant la seconde venue du Seigneur J\u00e9sus-Christ.","og_url":"https:\/\/publication-evangelique.com\/?p=16373","og_site_name":"Publication \u00c9vang\u00e9lique","article_publisher":"https:\/\/www.facebook.com\/danielpoulin75","article_author":"https:\/\/www.facebook.com\/danielpoulin75","article_published_time":"2020-06-27T15:16:44+00:00","og_image":[{"width":1280,"height":959,"url":"https:\/\/publication-evangelique.com\/wp-content\/uploads\/1159.jpg","type":"image\/jpeg"}],"author":"Daniel Poulin","twitter_misc":{"\u00c9crit par":"Daniel Poulin","Dur\u00e9e de lecture estim\u00e9e":"6 minutes"},"schema":{"@context":"https:\/\/schema.org","@graph":[{"@type":"Article","@id":"https:\/\/publication-evangelique.com\/?p=16373#article","isPartOf":{"@id":"https:\/\/publication-evangelique.com\/?p=16373"},"author":{"name":"Daniel Poulin","@id":"https:\/\/publication-evangelique.com\/#\/schema\/person\/a7aa86223ca614c8c1a737d18c95460c"},"headline":"Quelques signes avant-coureurs du retour de J\u00e9sus &#8211; 3e partie","datePublished":"2020-06-27T15:16:44+00:00","mainEntityOfPage":{"@id":"https:\/\/publication-evangelique.com\/?p=16373"},"wordCount":1163,"commentCount":0,"publisher":{"@id":"https:\/\/publication-evangelique.com\/#\/schema\/person\/a7aa86223ca614c8c1a737d18c95460c"},"image":{"@id":"https:\/\/publication-evangelique.com\/?p=16373#primaryimage"},"thumbnailUrl":"https:\/\/publication-evangelique.com\/wp-content\/uploads\/1159.jpg","keywords":["avant","retour de J\u00e9sus","signes"],"articleSection":["Fin des temps","Retour de J\u00e9sus","retour du Seigneur"],"inLanguage":"fr-FR"},{"@type":"WebPage","@id":"https:\/\/publication-evangelique.com\/?p=16373","url":"https:\/\/publication-evangelique.com\/?p=16373","name":"Quelques signes avant-coureurs du retour de J\u00e9sus - 3e partie - Publication \u00c9vang\u00e9lique","isPartOf":{"@id":"https:\/\/publication-evangelique.com\/#website"},"primaryImageOfPage":{"@id":"https:\/\/publication-evangelique.com\/?p=16373#primaryimage"},"image":{"@id":"https:\/\/publication-evangelique.com\/?p=16373#primaryimage"},"thumbnailUrl":"https:\/\/publication-evangelique.com\/wp-content\/uploads\/1159.jpg","datePublished":"2020-06-27T15:16:44+00:00","breadcrumb":{"@id":"https:\/\/publication-evangelique.com\/?p=16373#breadcrumb"},"inLanguage":"fr-FR","potentialAction":[{"@type":"ReadAction","target":["https:\/\/publication-evangelique.com\/?p=16373"]}]},{"@type":"ImageObject","inLanguage":"fr-FR","@id":"https:\/\/publication-evangelique.com\/?p=16373#primaryimage","url":"https:\/\/publication-evangelique.com\/wp-content\/uploads\/1159.jpg","contentUrl":"https:\/\/publication-evangelique.com\/wp-content\/uploads\/1159.jpg","width":1280,"height":959},{"@type":"BreadcrumbList","@id":"https:\/\/publication-evangelique.com\/?p=16373#breadcrumb","itemListElement":[{"@type":"ListItem","position":1,"name":"Accueil","item":"https:\/\/publication-evangelique.com\/"},{"@type":"ListItem","position":2,"name":"Quelques signes avant-coureurs du retour de J\u00e9sus &#8211; 3e partie"}]},{"@type":"WebSite","@id":"https:\/\/publication-evangelique.com\/#website","url":"https:\/\/publication-evangelique.com\/","name":"Daniel Poulin - publication-evangelique.com","description":"Daniel Poulin","publisher":{"@id":"https:\/\/publication-evangelique.com\/#\/schema\/person\/a7aa86223ca614c8c1a737d18c95460c"},"potentialAction":[{"@type":"SearchAction","target":{"@type":"EntryPoint","urlTemplate":"https:\/\/publication-evangelique.com\/?s={search_term_string}"},"query-input":{"@type":"PropertyValueSpecification","valueRequired":true,"valueName":"search_term_string"}}],"inLanguage":"fr-FR"},{"@type":["Person","Organization"],"@id":"https:\/\/publication-evangelique.com\/#\/schema\/person\/a7aa86223ca614c8c1a737d18c95460c","name":"Daniel Poulin","image":{"@type":"ImageObject","inLanguage":"fr-FR","@id":"https:\/\/publication-evangelique.com\/wp-content\/uploads\/daniel5-1.jpg","url":"https:\/\/publication-evangelique.com\/wp-content\/uploads\/daniel5-1.jpg","contentUrl":"https:\/\/publication-evangelique.com\/wp-content\/uploads\/daniel5-1.jpg","width":833,"height":969,"caption":"Daniel Poulin"},"logo":{"@id":"https:\/\/publication-evangelique.com\/wp-content\/uploads\/daniel5-1.jpg"},"description":"Bonjour, ici Daniel Poulin! Je suis un chr\u00e9tien n\u00e9 de nouveau depuis 1980, ayant parcouru un cheminement avec le Seigneur J\u00e9sus-Christ, j'ai construit ce site afin de partager mes connaissances de la parole de Dieu \" La Bible \" Je travaille aussi au d\u00e9veloppement de la station de radio chr\u00e9tienne fran\u00e7aise \u00e0 Montr\u00e9al, \" La Radio Gospel \" que vous pouvez voir ici http:\/\/laradiogospel.ca Je fr\u00e9quente aussi une \u00e9glise, dont je pr\u00eache et j\u2019enseigne la parole de Dieu. La communaut\u00e9 \u00c9vang\u00e9lique de l'Agneau \" , voici l'adresse, http:\/\/communauteevangelique.ca\/","sameAs":["https:\/\/publication-evangelique.com","https:\/\/www.facebook.com\/danielpoulin75","https:\/\/www.linkedin.com\/in\/daniel-poulin-64614745\/","https:\/\/x.com\/https:\/\/twitter.com\/Daniel_Poulin","https:\/\/www.youtube.com\/user\/danielpoulin75\/videos"]}]}},"_links":{"self":[{"href":"https:\/\/publication-evangelique.com\/index.php?rest_route=\/wp\/v2\/posts\/16373","targetHints":{"allow":["GET"]}}],"collection":[{"href":"https:\/\/publication-evangelique.com\/index.php?rest_route=\/wp\/v2\/posts"}],"about":[{"href":"https:\/\/publication-evangelique.com\/index.php?rest_route=\/wp\/v2\/types\/post"}],"author":[{"embeddable":true,"href":"https:\/\/publication-evangelique.com\/index.php?rest_route=\/wp\/v2\/users\/1"}],"replies":[{"embeddable":true,"href":"https:\/\/publication-evangelique.com\/index.php?rest_route=%2Fwp%2Fv2%2Fcomments&post=16373"}],"version-history":[{"count":0,"href":"https:\/\/publication-evangelique.com\/index.php?rest_route=\/wp\/v2\/posts\/16373\/revisions"}],"wp:featuredmedia":[{"embeddable":true,"href":"https:\/\/publication-evangelique.com\/index.php?rest_route=\/wp\/v2\/media\/12956"}],"wp:attachment":[{"href":"https:\/\/publication-evangelique.com\/index.php?rest_route=%2Fwp%2Fv2%2Fmedia&parent=16373"}],"wp:term":[{"taxonomy":"category","embeddable":true,"href":"https:\/\/publication-evangelique.com\/index.php?rest_route=%2Fwp%2Fv2%2Fcategories&post=16373"},{"taxonomy":"post_tag","embeddable":true,"href":"https:\/\/publication-evangelique.com\/index.php?rest_route=%2Fwp%2Fv2%2Ftags&post=16373"}],"curies":[{"name":"wp","href":"https:\/\/api.w.org\/{rel}","templated":true}]}}