{"id":16406,"date":"2020-07-10T08:02:30","date_gmt":"2020-07-10T13:02:30","guid":{"rendered":"http:\/\/publication-evangelique.com\/?p=16406"},"modified":"2020-07-10T08:02:30","modified_gmt":"2020-07-10T13:02:30","slug":"quelques-signes-avant-coureurs-du-retour-de-jesus-5e-partie","status":"publish","type":"post","link":"https:\/\/publication-evangelique.com\/?p=16406","title":{"rendered":"Quelques signes avant-coureurs du retour de J\u00e9sus \u2014 5e partie"},"content":{"rendered":"<h3>Nous continuons \u00e0 regarder les diff\u00e9rents signes pr\u00e9dits par le Seigneur qui s\u2019accompliront avant son retour. <\/h3>\n<p><audio style= \" width: 480px; \" src= \" https:\/\/publication-evangelique.com\/media\/le_retour_du_seigneur\/24\/20_07_04.mp3 \" preload= \" none \" controls= \" controls \" ><\/audio><br \/>\n<strong>T\u00e9l\u00e9charger &#8211;&gt; <\/strong><a href= \" https:\/\/publication-evangelique.com\/media\/le_retour_du_seigneur\/24\/20_07_04.mp3 \" >MP3<\/a><\/p>\n<p><strong>J\u00e9sus revient \u00e0 la charge pour une troisi\u00e8me fois avec des avertissements sur la multiplication de faux proph\u00e8tes.<\/strong><br \/>\nIl en a parl\u00e9 dans <strong><a href= \" https:\/\/bible.publication-evangelique.com\/matthieu#24.4 \" rel= \" noopener noreferrer \" target= \" _blank \" >Mathieu\u00a024:4-5<\/a><\/strong> et dans <strong><a href= \" https:\/\/bible.publication-evangelique.com\/matthieu#24.11 \" rel= \" noopener noreferrer \" target= \" _blank \" >Mathieu\u00a024:11<\/a><\/strong> et l\u00e0, il nous averti d\u2019une vague de faux oints et de faut inspir\u00e9s qui feront des miracles pour s\u00e9duire les \u00e9lus.<!--more--><\/p>\n<p><strong><a href= \" https:\/\/bible.publication-evangelique.com\/matthieu#24.23 \" rel= \" noopener noreferrer \" target= \" _blank \" >Mathieu\u00a024:23-26<\/a><\/strong> si quelqu\u2019un vous dit alors\u00a0: Le Christ est ici, ou\u00a0: Il est l\u00e0, ne le croyez pas. 24, car il s\u2019\u00e9l\u00e8vera de faux Christs et de faux proph\u00e8tes; ils feront de grands prodiges et des miracles, au point de s\u00e9duire, s\u2019il \u00e9tait possible, m\u00eame les \u00e9lus. 25 Voici, je vous l\u2019ai annonc\u00e9 d\u2019avance. 26 Si donc on vous dit\u00a0: voici, il est dans le d\u00e9sert, n\u2019y allez pas; voici, il est dans les chambres, ne le croyez pas.<\/p>\n<p><strong>Paul nous a aussi r\u00e9v\u00e9l\u00e9 par le Saint-Esprit que dans les derniers temps certains chr\u00e9tiens abandonneront la foi. Pour suivre d\u2019autres esprits s\u00e9ducteurs et pour changer de doctrine. Ils suivront de faux docteurs.<br \/>\n<a href= \" https:\/\/bible.publication-evangelique.com\/1-timothee#4.1 \" rel= \" noopener noreferrer \" target= \" _blank \" >1 Timoth\u00e9e 4:1-2<\/a><\/strong> Mais l\u2019Esprit dit express\u00e9ment que, dans les derniers temps, quelques-uns abandonneront la foi, pour s\u2019attacher \u00e0 des esprits s\u00e9ducteurs et \u00e0 des doctrines de d\u00e9mons, 2 par l\u2019hypocrisie de faux docteurs portant la marque de la fl\u00e9trissure dans leur propre conscience, <\/p>\n<p><strong>Paul avait enseign\u00e9 la prudence avertissant les Corinthiens que des ouvriers trompeurs d\u00e9guis\u00e9s comme de vrais ap\u00f4tres \u00e9taient dirig\u00e9s par Satan et infiltraient les \u00e9glises.<br \/>\n<a href= \" https:\/\/bible.publication-evangelique.com\/2-corinthiens#11.13 \" rel= \" noopener noreferrer \" target= \" _blank \" >2 Corinthiens 11:13-15<\/a><\/strong> Ces hommes-l\u00e0 sont de faux ap\u00f4tres, des ouvriers trompeurs, d\u00e9guis\u00e9s en ap\u00f4tres de Christ. 14 Et cela n\u2019est pas \u00e9tonnant, puisque Satan lui-m\u00eame se d\u00e9guise en ange de lumi\u00e8re. 15 Il n\u2019est donc pas \u00e9trange que ses ministres aussi se d\u00e9guisent en ministres de justice. Leur fin sera selon leurs \u0153uvres.<\/p>\n<p><strong>Dans l\u2019\u00e9p\u00eetre aux Galates on peut lire, Paul d\u00e9clare anath\u00e8mes ceux qui annoncent un autre \u00e9vangile.<br \/>\n<a href= \" https:\/\/bible.publication-evangelique.com\/galates#1.8 \" rel= \" noopener noreferrer \" target= \" _blank \" >Galates\u00a01:8<\/a><\/strong> mais, quand nous-m\u00eames, quand un ange du ciel annoncerait un autre \u00c9vangile que celui que nous vous avons pr\u00each\u00e9, qu\u2019il soit anath\u00e8me !<\/p>\n<p><strong>J\u00e9sus a dit dans l\u2019\u00e9vangile de Marc\u00a0: soyez sur vos gardes.<br \/>\n<a href= \" https:\/\/bible.publication-evangelique.com\/marc#13.21 \" rel= \" noopener noreferrer \" target= \" _blank \" >Marc 13:21-23<\/a><\/strong> Si quelqu\u2019un vous dit alors\u00a0: Le Christ est ici, ou\u00a0: Il est l\u00e0, ne le croyez pas. 22, car il s\u2019\u00e9l\u00e8vera de faux Christs et de faux proph\u00e8tes ; ils feront des prodiges et des miracles pour s\u00e9duire les \u00e9lus, s\u2019il \u00e9tait possible. 23 Soyez sur vos gardes\u00a0: je vous ai tout annonc\u00e9 d\u2019avance.<\/p>\n<p>Suite \u00e0 cela J\u00e9sus annonce qu\u2019apr\u00e8s ces jours de tribulation (d\u00e9tresse). <\/p>\n<p><strong>Il y aura des cataclysmes sur la terre, dans le ciel et dans l\u2019espace.<br \/>\n<a href= \" https:\/\/bible.publication-evangelique.com\/matthieu#24.29 \" rel= \" noopener noreferrer \" target= \" _blank \" >Mathieu\u00a024:29<\/a><\/strong> aussit\u00f4t apr\u00e8s ces jours de d\u00e9tresse, le soleil s\u2019obscurcira, la lune ne donnera plus sa lumi\u00e8re, les \u00e9toiles tomberont du ciel, et les puissances des cieux seront \u00e9branl\u00e9es.<\/p>\n<p>D\u00e9tresse\u00a0: destruction de J\u00e9rusalem, s\u00e9ductions par de faux proph\u00e8tes, pers\u00e9cution contre les chr\u00e9tiens, apostasie dans l\u2019\u00e9glise, division dans l\u2019\u00e9glise, tremblement de terre, peste, famine <\/p>\n<p><strong>La J\u00e9sus parle que les \u00e9toiles tomberont du ciel. Un \u00e9branlement dans le cosmos.<\/strong><br \/>\nLes cieux = 1) la vo\u00fbte \u00e9tendue du ciel et tout ce qui y est visible  1 a) l\u2019univers, le monde<br \/>\n1\u00a0b) les cieux a\u00e9riens ou ciel, la r\u00e9gion des nuages et des temp\u00eates, le lieu o\u00f9 se produisent \u00e9clairs et tonnerre   1\u00a0c) les cieux sid\u00e9raux ou stellaires<br \/>\nL\u2019\u00e9vangile de Marc dit la m\u00eame chose.<br \/>\nMarc 13:24-25 <\/p>\n<p><strong>Dans l\u2019\u00e9p\u00eetre aux H\u00e9breux, l\u2019auteur nous a mentionn\u00e9 une parole de Dieu que Dieu \u00e9branlerait les cieux et la terre.<br \/>\n<a href= \" https:\/\/bible.publication-evangelique.com\/hebreux#12.26 \" rel= \" noopener noreferrer \" target= \" _blank \" >H\u00e9breux\u00a012:26<\/a><\/strong> lui, dont la voix alors \u00e9branla la terre, et qui maintenant a fait cette promesse\u00a0: Une fois encore j\u2019\u00e9branlerai non seulement la terre, mais aussi le ciel.<\/p>\n<p><strong>Une proph\u00e9tie de l\u2019Ancien Testament annon\u00e7ait aussi ces signes, avant l\u2019arriv\u00e9e du Seigneur J\u00e9sus-Christ<br \/>\n<a href= \" https:\/\/bible.publication-evangelique.com\/joel#2.31 \" rel= \" noopener noreferrer \" target= \" _blank \" >Jo\u00ebl\u00a02:31<\/a><\/strong> Le soleil se changera en t\u00e9n\u00e8bres, et la lune en sang, avant l\u2019arriv\u00e9e du jour de l\u2019\u00c9ternel, de ce jour grand et terrible.<\/p>\n<p><strong>Luc lui a ajout\u00e9 qu\u2019il y aurait de l\u2019angoisse dans le monde au sujet de la mer et des flots.<br \/>\n<a href= \" https:\/\/bible.publication-evangelique.com\/luc#21.25 \" rel= \" noopener noreferrer \" target= \" _blank \" >Luc\u00a021:25<\/a><\/strong> il y aura des signes dans le soleil, dans la lune et dans les \u00e9toiles. Et sur la terre, il y aura de l\u2019angoisse chez les nations qui ne sauront que faire, au bruit de la mer et des flots<\/p>\n<p><strong>Il y aura aussi des cataclysmes sur la terre qui seront terribles au point que les gens vont mourir de peur en les voyant.<br \/>\n<a href= \" https:\/\/bible.publication-evangelique.com\/luc#21.26 \" rel= \" noopener noreferrer \" target= \" _blank \" >Luc\u00a021:26<\/a><\/strong> les hommes rendant l\u2019\u00e2me de terreur dans l\u2019attente de ce qui surviendra pour la terre ; car les puissances des cieux seront \u00e9branl\u00e9es.<\/p>\n<p><strong>Un autre point\u00a0: Dans Matthieu\u00a024 le Seigneur avait pr\u00e9dit la chute et le rel\u00e8vement de la nation d\u2019Isra\u00ebl.<br \/>\n<a href= \" https:\/\/bible.publication-evangelique.com\/luc#21.24 \" rel= \" noopener noreferrer \" target= \" _blank \" >Luc\u00a021:24<\/a><\/strong> ils tomberont sous le tranchant de l\u2019\u00e9p\u00e9e, ils seront emmen\u00e9s captifs parmi toutes les nations, et J\u00e9rusalem sera foul\u00e9e aux pieds par les nations, jusqu\u2019\u00e0 ce que les temps des nations soient accomplis.<\/p>\n<p><strong>Avant le retour du Seigneur, la Bible avait pr\u00e9dit la reconstruction du pays d\u2019Isra\u00ebl.<\/strong><br \/>\nLa d\u00e9claration d\u2019ind\u00e9pendance de l\u2019\u00c9tat d\u2019Isra\u00ebl a eu lieu le 14\u00a0mai 1948, dernier jour du mandat britannique sur la Palestine. C\u2019est l\u2019annonce officielle de la naissance d\u2019un \u00c9tat juif en Terre d\u2019Isra\u00ebl.<br \/>\nElle fut prononc\u00e9e par David Ben Gourion, pr\u00e9sident de l\u2019Agence juive qui devint le premier premier ministre du pays.<br \/>\nLa d\u00e9claration fait suite au plan de partage de la Palestine vot\u00e9 \u00e0 l\u2019ONU le 29\u00a0novembre 1947. La d\u00e9claration d\u2019ind\u00e9pendance d\u2019Isra\u00ebl est l\u2019aboutissement du projet sioniste 50\u00a0ans apr\u00e8s sa lanc\u00e9e. <\/p>\n<p><strong>Cela pour accomplir une autre proph\u00e9tie de la Bible au sujet de ce que reb\u00e2tirait Isra\u00ebl.<br \/>\n<a href= \" https:\/\/bible.publication-evangelique.com\/amos$9.11 \" rel= \" noopener noreferrer \" target= \" _blank \" >Amos\u00a09:11-15<\/a><\/strong> En ce temps-l\u00e0, je rel\u00e8verai de sa chute la maison de David, J\u2019en r\u00e9parerai les br\u00e8ches, j\u2019en redresserai les ruines, Et je la reb\u00e2tirai comme elle \u00e9tait autrefois, 12 Afin qu\u2019ils poss\u00e8dent le reste d\u2019\u00c9dom et toutes les nations Sur lesquelles mon nom a \u00e9t\u00e9 invoqu\u00e9, Dit l\u2019\u00c9ternel, qui accomplira ces choses. 13 Voici, les jours viennent, dit l\u2019\u00c9ternel, o\u00f9 le laboureur suivra de pr\u00e8s le moissonneur, et celui qui foule le raisin celui qui r\u00e9pand la semence, o\u00f9 le mo\u00fbt ruissellera des montagnes et coulera de toutes les collines. 14 Je ram\u00e8nerai les captifs de mon peuple d\u2019Isra\u00ebl ; ils reb\u00e2tiront les villes d\u00e9vast\u00e9es et les habiteront, ils planteront des vignes et en boiront le vin, ils \u00e9tabliront des jardins et en mangeront les fruits. 15 Je les planterai dans leur pays, et ils ne seront plus arrach\u00e9s du pays que je leur ai donn\u00e9, dit L\u2019\u00c9ternel, ton Dieu.<\/p>\n<p>&#8212;&#8212;&#8212;&#8212;&#8212;&#8212;<\/p>\n<p>Daniel Poulin<br \/>\n<a title= \" Publication \u00c9vang\u00e9lique \" href= \" https:\/\/publication-evangelique.com \" target= \" _blank \" rel= \" noopener noreferrer \" >https:\/\/publication-evangelique.com<\/a><\/p>\n<p><strong>Adresse de ce blogue :<\/strong> <a href= \" https:\/\/publication-evangelique.com\/?p=16406 \" > https:\/\/publication-evangelique.com\/?p=16406<\/a><\/p>\n<p><strong>De la s\u00e9rie : <\/strong> <a href= \" https:\/\/publication-evangelique.com\/?page_id=16294 \" > Le retour du Seigneur J\u00e9sus-Christ<\/a><\/p>\n","protected":false},"excerpt":{"rendered":"<p>Nous continuons \u00e0 regarder les diff\u00e9rents signes pr\u00e9dits par le Seigneur qui s\u2019accompliront avant son retour. <\/p>\n <a class=\"more-link\" href=\"https:\/\/publication-evangelique.com\/?p=16406\"><span class=\"more-msg\">Lire la suite &rarr;<\/span><\/a>","protected":false},"author":1,"featured_media":13016,"comment_status":"open","ping_status":"open","sticky":false,"template":"","format":"standard","meta":{"footnotes":""},"categories":[13,3,862],"tags":[394,303],"class_list":["post-16406","post","type-post","status-publish","format-standard","has-post-thumbnail","hentry","category-fin-des-temps","category-accueil","category-retour-du-seigneur","tag-retour-de-jesus","tag-signes"],"yoast_head":"<!-- This site is optimized with the Yoast SEO plugin v27.4 - https:\/\/yoast.com\/product\/yoast-seo-wordpress\/ -->\n<title>Quelques signes avant-coureurs du retour de J\u00e9sus \u2014 5e partie - Publication \u00c9vang\u00e9lique<\/title>\n<meta name=\"robots\" content=\"index, follow, max-snippet:-1, max-image-preview:large, max-video-preview:-1\" \/>\n<link rel=\"canonical\" href=\"https:\/\/publication-evangelique.com\/?p=16406\" \/>\n<meta property=\"og:locale\" content=\"fr_FR\" \/>\n<meta property=\"og:type\" content=\"article\" \/>\n<meta property=\"og:title\" content=\"Quelques signes avant-coureurs du retour de J\u00e9sus \u2014 5e partie - Publication \u00c9vang\u00e9lique\" \/>\n<meta property=\"og:description\" content=\"Nous continuons \u00e0 regarder les diff\u00e9rents signes pr\u00e9dits par le Seigneur qui s\u2019accompliront avant son retour.\" \/>\n<meta property=\"og:url\" content=\"https:\/\/publication-evangelique.com\/?p=16406\" \/>\n<meta property=\"og:site_name\" content=\"Publication \u00c9vang\u00e9lique\" \/>\n<meta property=\"article:publisher\" content=\"https:\/\/www.facebook.com\/danielpoulin75\" \/>\n<meta property=\"article:author\" content=\"https:\/\/www.facebook.com\/danielpoulin75\" \/>\n<meta property=\"article:published_time\" content=\"2020-07-10T13:02:30+00:00\" \/>\n<meta property=\"og:image\" content=\"https:\/\/publication-evangelique.com\/wp-content\/uploads\/1219.jpg\" \/>\n\t<meta property=\"og:image:width\" content=\"1280\" \/>\n\t<meta property=\"og:image:height\" content=\"854\" \/>\n\t<meta property=\"og:image:type\" content=\"image\/jpeg\" \/>\n<meta name=\"author\" content=\"Daniel Poulin\" \/>\n<meta name=\"twitter:label1\" content=\"\u00c9crit par\" \/>\n\t<meta name=\"twitter:data1\" content=\"Daniel Poulin\" \/>\n\t<meta name=\"twitter:label2\" content=\"Dur\u00e9e de lecture estim\u00e9e\" \/>\n\t<meta name=\"twitter:data2\" content=\"6 minutes\" \/>\n<script type=\"application\/ld+json\" class=\"yoast-schema-graph\">{\"@context\":\"https:\\\/\\\/schema.org\",\"@graph\":[{\"@type\":\"Article\",\"@id\":\"https:\\\/\\\/publication-evangelique.com\\\/?p=16406#article\",\"isPartOf\":{\"@id\":\"https:\\\/\\\/publication-evangelique.com\\\/?p=16406\"},\"author\":{\"name\":\"Daniel Poulin\",\"@id\":\"https:\\\/\\\/publication-evangelique.com\\\/#\\\/schema\\\/person\\\/a7aa86223ca614c8c1a737d18c95460c\"},\"headline\":\"Quelques signes avant-coureurs du retour de J\u00e9sus \u2014 5e partie\",\"datePublished\":\"2020-07-10T13:02:30+00:00\",\"mainEntityOfPage\":{\"@id\":\"https:\\\/\\\/publication-evangelique.com\\\/?p=16406\"},\"wordCount\":1256,\"commentCount\":0,\"publisher\":{\"@id\":\"https:\\\/\\\/publication-evangelique.com\\\/#\\\/schema\\\/person\\\/a7aa86223ca614c8c1a737d18c95460c\"},\"image\":{\"@id\":\"https:\\\/\\\/publication-evangelique.com\\\/?p=16406#primaryimage\"},\"thumbnailUrl\":\"https:\\\/\\\/publication-evangelique.com\\\/wp-content\\\/uploads\\\/1219.jpg\",\"keywords\":[\"retour de J\u00e9sus\",\"signes\"],\"articleSection\":[\"Fin des temps\",\"Retour de J\u00e9sus\",\"retour du Seigneur\"],\"inLanguage\":\"fr-FR\"},{\"@type\":\"WebPage\",\"@id\":\"https:\\\/\\\/publication-evangelique.com\\\/?p=16406\",\"url\":\"https:\\\/\\\/publication-evangelique.com\\\/?p=16406\",\"name\":\"Quelques signes avant-coureurs du retour de J\u00e9sus \u2014 5e partie - Publication \u00c9vang\u00e9lique\",\"isPartOf\":{\"@id\":\"https:\\\/\\\/publication-evangelique.com\\\/#website\"},\"primaryImageOfPage\":{\"@id\":\"https:\\\/\\\/publication-evangelique.com\\\/?p=16406#primaryimage\"},\"image\":{\"@id\":\"https:\\\/\\\/publication-evangelique.com\\\/?p=16406#primaryimage\"},\"thumbnailUrl\":\"https:\\\/\\\/publication-evangelique.com\\\/wp-content\\\/uploads\\\/1219.jpg\",\"datePublished\":\"2020-07-10T13:02:30+00:00\",\"breadcrumb\":{\"@id\":\"https:\\\/\\\/publication-evangelique.com\\\/?p=16406#breadcrumb\"},\"inLanguage\":\"fr-FR\",\"potentialAction\":[{\"@type\":\"ReadAction\",\"target\":[\"https:\\\/\\\/publication-evangelique.com\\\/?p=16406\"]}]},{\"@type\":\"ImageObject\",\"inLanguage\":\"fr-FR\",\"@id\":\"https:\\\/\\\/publication-evangelique.com\\\/?p=16406#primaryimage\",\"url\":\"https:\\\/\\\/publication-evangelique.com\\\/wp-content\\\/uploads\\\/1219.jpg\",\"contentUrl\":\"https:\\\/\\\/publication-evangelique.com\\\/wp-content\\\/uploads\\\/1219.jpg\",\"width\":1280,\"height\":854},{\"@type\":\"BreadcrumbList\",\"@id\":\"https:\\\/\\\/publication-evangelique.com\\\/?p=16406#breadcrumb\",\"itemListElement\":[{\"@type\":\"ListItem\",\"position\":1,\"name\":\"Accueil\",\"item\":\"https:\\\/\\\/publication-evangelique.com\\\/\"},{\"@type\":\"ListItem\",\"position\":2,\"name\":\"Quelques signes avant-coureurs du retour de J\u00e9sus \u2014 5e partie\"}]},{\"@type\":\"WebSite\",\"@id\":\"https:\\\/\\\/publication-evangelique.com\\\/#website\",\"url\":\"https:\\\/\\\/publication-evangelique.com\\\/\",\"name\":\"Daniel Poulin - publication-evangelique.com\",\"description\":\"Daniel Poulin\",\"publisher\":{\"@id\":\"https:\\\/\\\/publication-evangelique.com\\\/#\\\/schema\\\/person\\\/a7aa86223ca614c8c1a737d18c95460c\"},\"potentialAction\":[{\"@type\":\"SearchAction\",\"target\":{\"@type\":\"EntryPoint\",\"urlTemplate\":\"https:\\\/\\\/publication-evangelique.com\\\/?s={search_term_string}\"},\"query-input\":{\"@type\":\"PropertyValueSpecification\",\"valueRequired\":true,\"valueName\":\"search_term_string\"}}],\"inLanguage\":\"fr-FR\"},{\"@type\":[\"Person\",\"Organization\"],\"@id\":\"https:\\\/\\\/publication-evangelique.com\\\/#\\\/schema\\\/person\\\/a7aa86223ca614c8c1a737d18c95460c\",\"name\":\"Daniel Poulin\",\"image\":{\"@type\":\"ImageObject\",\"inLanguage\":\"fr-FR\",\"@id\":\"https:\\\/\\\/publication-evangelique.com\\\/wp-content\\\/uploads\\\/daniel5-1.jpg\",\"url\":\"https:\\\/\\\/publication-evangelique.com\\\/wp-content\\\/uploads\\\/daniel5-1.jpg\",\"contentUrl\":\"https:\\\/\\\/publication-evangelique.com\\\/wp-content\\\/uploads\\\/daniel5-1.jpg\",\"width\":833,\"height\":969,\"caption\":\"Daniel Poulin\"},\"logo\":{\"@id\":\"https:\\\/\\\/publication-evangelique.com\\\/wp-content\\\/uploads\\\/daniel5-1.jpg\"},\"description\":\"Bonjour, ici Daniel Poulin! Je suis un chr\u00e9tien n\u00e9 de nouveau depuis 1980, ayant parcouru un cheminement avec le Seigneur J\u00e9sus-Christ, j'ai construit ce site afin de partager mes connaissances de la parole de Dieu \\\" La Bible \\\" Je travaille aussi au d\u00e9veloppement de la station de radio chr\u00e9tienne fran\u00e7aise \u00e0 Montr\u00e9al, \\\" La Radio Gospel \\\" que vous pouvez voir ici http:\\\/\\\/laradiogospel.ca Je fr\u00e9quente aussi une \u00e9glise, dont je pr\u00eache et j\u2019enseigne la parole de Dieu. La communaut\u00e9 \u00c9vang\u00e9lique de l'Agneau \\\" , voici l'adresse, http:\\\/\\\/communauteevangelique.ca\\\/\",\"sameAs\":[\"https:\\\/\\\/publication-evangelique.com\",\"https:\\\/\\\/www.facebook.com\\\/danielpoulin75\",\"https:\\\/\\\/www.linkedin.com\\\/in\\\/daniel-poulin-64614745\\\/\",\"https:\\\/\\\/x.com\\\/https:\\\/\\\/twitter.com\\\/Daniel_Poulin\",\"https:\\\/\\\/www.youtube.com\\\/user\\\/danielpoulin75\\\/videos\"]}]}<\/script>\n<!-- \/ Yoast SEO plugin. -->","yoast_head_json":{"title":"Quelques signes avant-coureurs du retour de J\u00e9sus \u2014 5e partie - Publication \u00c9vang\u00e9lique","robots":{"index":"index","follow":"follow","max-snippet":"max-snippet:-1","max-image-preview":"max-image-preview:large","max-video-preview":"max-video-preview:-1"},"canonical":"https:\/\/publication-evangelique.com\/?p=16406","og_locale":"fr_FR","og_type":"article","og_title":"Quelques signes avant-coureurs du retour de J\u00e9sus \u2014 5e partie - Publication \u00c9vang\u00e9lique","og_description":"Nous continuons \u00e0 regarder les diff\u00e9rents signes pr\u00e9dits par le Seigneur qui s\u2019accompliront avant son retour.","og_url":"https:\/\/publication-evangelique.com\/?p=16406","og_site_name":"Publication \u00c9vang\u00e9lique","article_publisher":"https:\/\/www.facebook.com\/danielpoulin75","article_author":"https:\/\/www.facebook.com\/danielpoulin75","article_published_time":"2020-07-10T13:02:30+00:00","og_image":[{"width":1280,"height":854,"url":"https:\/\/publication-evangelique.com\/wp-content\/uploads\/1219.jpg","type":"image\/jpeg"}],"author":"Daniel Poulin","twitter_misc":{"\u00c9crit par":"Daniel Poulin","Dur\u00e9e de lecture estim\u00e9e":"6 minutes"},"schema":{"@context":"https:\/\/schema.org","@graph":[{"@type":"Article","@id":"https:\/\/publication-evangelique.com\/?p=16406#article","isPartOf":{"@id":"https:\/\/publication-evangelique.com\/?p=16406"},"author":{"name":"Daniel Poulin","@id":"https:\/\/publication-evangelique.com\/#\/schema\/person\/a7aa86223ca614c8c1a737d18c95460c"},"headline":"Quelques signes avant-coureurs du retour de J\u00e9sus \u2014 5e partie","datePublished":"2020-07-10T13:02:30+00:00","mainEntityOfPage":{"@id":"https:\/\/publication-evangelique.com\/?p=16406"},"wordCount":1256,"commentCount":0,"publisher":{"@id":"https:\/\/publication-evangelique.com\/#\/schema\/person\/a7aa86223ca614c8c1a737d18c95460c"},"image":{"@id":"https:\/\/publication-evangelique.com\/?p=16406#primaryimage"},"thumbnailUrl":"https:\/\/publication-evangelique.com\/wp-content\/uploads\/1219.jpg","keywords":["retour de J\u00e9sus","signes"],"articleSection":["Fin des temps","Retour de J\u00e9sus","retour du Seigneur"],"inLanguage":"fr-FR"},{"@type":"WebPage","@id":"https:\/\/publication-evangelique.com\/?p=16406","url":"https:\/\/publication-evangelique.com\/?p=16406","name":"Quelques signes avant-coureurs du retour de J\u00e9sus \u2014 5e partie - Publication \u00c9vang\u00e9lique","isPartOf":{"@id":"https:\/\/publication-evangelique.com\/#website"},"primaryImageOfPage":{"@id":"https:\/\/publication-evangelique.com\/?p=16406#primaryimage"},"image":{"@id":"https:\/\/publication-evangelique.com\/?p=16406#primaryimage"},"thumbnailUrl":"https:\/\/publication-evangelique.com\/wp-content\/uploads\/1219.jpg","datePublished":"2020-07-10T13:02:30+00:00","breadcrumb":{"@id":"https:\/\/publication-evangelique.com\/?p=16406#breadcrumb"},"inLanguage":"fr-FR","potentialAction":[{"@type":"ReadAction","target":["https:\/\/publication-evangelique.com\/?p=16406"]}]},{"@type":"ImageObject","inLanguage":"fr-FR","@id":"https:\/\/publication-evangelique.com\/?p=16406#primaryimage","url":"https:\/\/publication-evangelique.com\/wp-content\/uploads\/1219.jpg","contentUrl":"https:\/\/publication-evangelique.com\/wp-content\/uploads\/1219.jpg","width":1280,"height":854},{"@type":"BreadcrumbList","@id":"https:\/\/publication-evangelique.com\/?p=16406#breadcrumb","itemListElement":[{"@type":"ListItem","position":1,"name":"Accueil","item":"https:\/\/publication-evangelique.com\/"},{"@type":"ListItem","position":2,"name":"Quelques signes avant-coureurs du retour de J\u00e9sus \u2014 5e partie"}]},{"@type":"WebSite","@id":"https:\/\/publication-evangelique.com\/#website","url":"https:\/\/publication-evangelique.com\/","name":"Daniel Poulin - publication-evangelique.com","description":"Daniel Poulin","publisher":{"@id":"https:\/\/publication-evangelique.com\/#\/schema\/person\/a7aa86223ca614c8c1a737d18c95460c"},"potentialAction":[{"@type":"SearchAction","target":{"@type":"EntryPoint","urlTemplate":"https:\/\/publication-evangelique.com\/?s={search_term_string}"},"query-input":{"@type":"PropertyValueSpecification","valueRequired":true,"valueName":"search_term_string"}}],"inLanguage":"fr-FR"},{"@type":["Person","Organization"],"@id":"https:\/\/publication-evangelique.com\/#\/schema\/person\/a7aa86223ca614c8c1a737d18c95460c","name":"Daniel Poulin","image":{"@type":"ImageObject","inLanguage":"fr-FR","@id":"https:\/\/publication-evangelique.com\/wp-content\/uploads\/daniel5-1.jpg","url":"https:\/\/publication-evangelique.com\/wp-content\/uploads\/daniel5-1.jpg","contentUrl":"https:\/\/publication-evangelique.com\/wp-content\/uploads\/daniel5-1.jpg","width":833,"height":969,"caption":"Daniel Poulin"},"logo":{"@id":"https:\/\/publication-evangelique.com\/wp-content\/uploads\/daniel5-1.jpg"},"description":"Bonjour, ici Daniel Poulin! Je suis un chr\u00e9tien n\u00e9 de nouveau depuis 1980, ayant parcouru un cheminement avec le Seigneur J\u00e9sus-Christ, j'ai construit ce site afin de partager mes connaissances de la parole de Dieu \" La Bible \" Je travaille aussi au d\u00e9veloppement de la station de radio chr\u00e9tienne fran\u00e7aise \u00e0 Montr\u00e9al, \" La Radio Gospel \" que vous pouvez voir ici http:\/\/laradiogospel.ca Je fr\u00e9quente aussi une \u00e9glise, dont je pr\u00eache et j\u2019enseigne la parole de Dieu. La communaut\u00e9 \u00c9vang\u00e9lique de l'Agneau \" , voici l'adresse, http:\/\/communauteevangelique.ca\/","sameAs":["https:\/\/publication-evangelique.com","https:\/\/www.facebook.com\/danielpoulin75","https:\/\/www.linkedin.com\/in\/daniel-poulin-64614745\/","https:\/\/x.com\/https:\/\/twitter.com\/Daniel_Poulin","https:\/\/www.youtube.com\/user\/danielpoulin75\/videos"]}]}},"_links":{"self":[{"href":"https:\/\/publication-evangelique.com\/index.php?rest_route=\/wp\/v2\/posts\/16406","targetHints":{"allow":["GET"]}}],"collection":[{"href":"https:\/\/publication-evangelique.com\/index.php?rest_route=\/wp\/v2\/posts"}],"about":[{"href":"https:\/\/publication-evangelique.com\/index.php?rest_route=\/wp\/v2\/types\/post"}],"author":[{"embeddable":true,"href":"https:\/\/publication-evangelique.com\/index.php?rest_route=\/wp\/v2\/users\/1"}],"replies":[{"embeddable":true,"href":"https:\/\/publication-evangelique.com\/index.php?rest_route=%2Fwp%2Fv2%2Fcomments&post=16406"}],"version-history":[{"count":0,"href":"https:\/\/publication-evangelique.com\/index.php?rest_route=\/wp\/v2\/posts\/16406\/revisions"}],"wp:featuredmedia":[{"embeddable":true,"href":"https:\/\/publication-evangelique.com\/index.php?rest_route=\/wp\/v2\/media\/13016"}],"wp:attachment":[{"href":"https:\/\/publication-evangelique.com\/index.php?rest_route=%2Fwp%2Fv2%2Fmedia&parent=16406"}],"wp:term":[{"taxonomy":"category","embeddable":true,"href":"https:\/\/publication-evangelique.com\/index.php?rest_route=%2Fwp%2Fv2%2Fcategories&post=16406"},{"taxonomy":"post_tag","embeddable":true,"href":"https:\/\/publication-evangelique.com\/index.php?rest_route=%2Fwp%2Fv2%2Ftags&post=16406"}],"curies":[{"name":"wp","href":"https:\/\/api.w.org\/{rel}","templated":true}]}}