{"id":16491,"date":"2020-08-23T10:46:54","date_gmt":"2020-08-23T15:46:54","guid":{"rendered":"http:\/\/publication-evangelique.com\/?p=16491"},"modified":"2020-08-23T10:46:54","modified_gmt":"2020-08-23T15:46:54","slug":"lantechrist-et-la-bete-qui-deviendra-le-gouvernement-mondial","status":"publish","type":"post","link":"https:\/\/publication-evangelique.com\/?p=16491","title":{"rendered":"L\u2019ant\u00e9christ et la b\u00eate qui deviendra le gouvernement mondial."},"content":{"rendered":"<h3>Nous regardons ensemble certains signes qui s\u2019accompliront devant nos yeux.<\/h3>\n<p><audio style= \" width: 480px; \" src= \" https:\/\/publication-evangelique.com\/media\/le_retour_du_seigneur\/24\/20_08_15.mp3 \" preload= \" none \" controls= \" controls \" ><\/audio><br \/>\n<strong>T\u00e9l\u00e9charger &#8211;&gt; <\/strong><a href= \" https:\/\/publication-evangelique.com\/media\/le_retour_du_seigneur\/24\/20_08_15.mp3 \" >MP3<\/a><\/p>\n<p><strong>Comme l\u2019ap\u00f4tre Jean l\u2019\u00e0 aussi enseign\u00e9 au sujet de l\u2019ant\u00e9christ. L\u2019adversaire du Messie.<br \/>\n<a href= \" https:\/\/bible.publication-evangelique.com\/1-jean#2.18 \" rel= \" noopener noreferrer \" target= \" _blank \" >1 Jean\u00a02:18<\/a><\/strong> petits enfants, c\u2019est la derni\u00e8re heure, et comme vous avez appris qu\u2019un ant\u00e9christ vient, il y a maintenant plusieurs ant\u00e9christs\u00a0: par l\u00e0 nous connaissons que c\u2019est la derni\u00e8re heure.<\/p>\n<p><strong>Suite \u00e0 l\u2019apostasie dans l\u2019\u00e9glise, nous verrons arriver cet homme nomm\u00e9 \u00ab l\u2019homme du p\u00e9ch\u00e9 \u00bb.<br \/>\n<a href= \" https:\/\/bible.publication-evangelique.com\/2-thessaloniciens#2.3 \" rel= \" noopener noreferrer \" target= \" _blank \" >2 Thessaloniciens\u00a02:3<\/a><\/strong> que personne ne vous s\u00e9duise d\u2019aucune mani\u00e8re ; car il faut que l\u2019apostasie soit arriv\u00e9e auparavant, et qu\u2019on ait vu para\u00eetre l\u2019homme du p\u00e9ch\u00e9, le fils de la perdition, <!--more--><br \/>\n4 l\u2019adversaire qui s\u2019\u00e9l\u00e8ve au-dessus de tout ce qu\u2019on appelle Dieu ou de ce qu\u2019on adore, jusqu\u2019\u00e0 s\u2019asseoir dans le temple de Dieu, se proclamant lui-m\u00eame Dieu.<\/p>\n<p>Les chr\u00e9tiens apostats provoqueront la venue de cet ant\u00e9christ. \u00ab Lorsque le sel deviendra sans saveur. \u00bb<\/p>\n<p>\u2014\u00a0C\u2019est une personne extr\u00eamement orgueilleuse qui se croira sup\u00e9rieure \u00e0 tous les dieux se proclamera lui-m\u00eame pour dieu. Cela est clairement blasph\u00e9matoire.<br \/>\n\u2014\u00a0Dans l\u2019histoire de l\u2019humanit\u00e9, il y a eu beaucoup de roi, d\u2019empereur, de pharaon et m\u00eame dans les religions, il y a eu des hommes qui se prenaient pour dieu. Mais dans celui-l\u00e0 nous verrons le pire.<\/p>\n<p>Nous voyons que nous parlons d\u2019un personnage qui sera l\u00e0 avant le retour de J\u00e9sus.<br \/>\n<strong>Parce que lui et son royaume seront d\u00e9truits par J\u00e9sus lors de son retour.<br \/>\n<a href= \" https:\/\/bible.publication-evangelique.com\/2-thessaloniciens#2.8 \" rel= \" noopener noreferrer \" target= \" _blank \" >2 Thessaloniciens\u00a02:8<\/a><\/strong> et alors para\u00eetra l\u2019impie, que le Seigneur J\u00e9sus d\u00e9truira par le souffle de sa bouche, et qu\u2019il an\u00e9antira par l\u2019\u00e9clat de son av\u00e8nement.<\/p>\n<p><strong>La puissance de Satan l\u2019accompagnera, pour s\u00e9duire les nations et les dominer.<br \/>\n<a href= \" https:\/\/bible.publication-evangelique.com\/2-thessaloniciens#2.9 \" rel= \" noopener noreferrer \" target= \" _blank \" >2 Thessaloniciens\u00a02:9<\/a><\/strong> L\u2019apparition de cet impie se fera, par la puissance de Satan, avec toutes sortes de miracles, de signes et de prodiges mensongers,<\/p>\n<p><strong>Pareil \u00e0 l\u2019image de la puissance et la gloire des royaumes offerte par le diable. (J\u00e9sus l\u2019a refus\u00e9)<br \/>\n<a href= \" https:\/\/bible.publication-evangelique.com\/luc#4.5 \" rel= \" noopener noreferrer \" target= \" _blank \" >Luc 4:5-7<\/a><\/strong> Le diable, l\u2019ayant \u00e9lev\u00e9, lui montra en un instant tous les royaumes de la terre, 6 et lui dit\u00a0: Je te donnerai toute cette puissance, et la gloire de ces royaumes\u00a0; car elle m\u2019a \u00e9t\u00e9 donn\u00e9e, et je la donne \u00e0 qui je veux. 7 Si donc tu te prosternes devant moi, elle sera toute \u00e0 toi.<\/p>\n<p>La r\u00e9v\u00e9lation de la b\u00eate et de son gouvernement mondial.<br \/>\n<strong>L\u2019ap\u00f4tre Jean a vu une vision, qui s\u2019\u00e9l\u00e8verait de la mer (peuple) une b\u00eate \u00e0 7\u00a0t\u00eates et dix cornes.<br \/>\n<a href= \" https:\/\/bible.publication-evangelique.com\/apocalypse#13.1 \" rel= \" noopener noreferrer \" target= \" _blank \" >Apocalypse\u00a013:1<\/a><\/strong> et il se tint sur le sable de la mer. Puis je vis monter de la mer une b\u00eate qui avait dix cornes et sept t\u00eates, et sur ses cornes dix diad\u00e8mes, et sur ses t\u00eates des noms de blasph\u00e8me.<\/p>\n<p>LSG\u00a0\u2014 B\u00eate sauvage, b\u00eate, animale ; 1) un animal 2) un animal sauvage, une b\u00eate sauvage, une b\u00eate<br \/>\n3) m\u00e9taphore = une brute, un homme bestial, un sauvage, quelqu\u2019un de f\u00e9roce<\/p>\n<p><strong>Pour se donner une explication de ce que repr\u00e9sentent les 7\u00a0t\u00eates\u00a0:<\/strong><br \/>\nLe commentaire biblique Johnson\u00a0\u00ab Peuple du Nouveau Testament \u00bb mentionne les noms des 7\u00a0t\u00eates.<br \/>\n\u2014\u00a0L\u2019\u00c9gypte, l\u2019Assyrie, Babylone, Perse, Gr\u00e8ce, Rome, le 7e\u00a0: Son opinion est que cela se r\u00e9f\u00e8re \u00e0 l\u2019Empire d\u2019Orient ou de Gr\u00e8ce, l\u2019Empire romain d\u2019Orient, qui continua son r\u00e8gne despote apr\u00e8s la chute de Rome. Cet Empire \u00e9tait \u00e9galement un pers\u00e9cuteur. Aucun empereur n\u2019a pers\u00e9cut\u00e9 plus cruellement que Justin.<\/p>\n<p><strong>Dans une vision du proph\u00e8te Daniel, il a eu une vision d\u2019un animal \u00e0 10\u00a0cornes, repr\u00e9sentant l\u2019Empire romain.<br \/>\n<a href= \" https:\/\/bible.publication-evangelique.com\/daniel#7.7 \" rel= \" noopener noreferrer \" target= \" _blank \" >Daniel\u00a07:7<\/a><\/strong> apr\u00e8s cela, je regardai pendant mes visions nocturnes, et voici, il y avait un quatri\u00e8me animal, terrible, \u00e9pouvantable et extraordinairement fort ; il avait de grandes dents de fer, il mangeait, brisait, et il foulait aux pieds ce qui restait ; il \u00e9tait diff\u00e9rent de tous les animaux pr\u00e9c\u00e9dents, et il avait dix cornes.<\/p>\n<p><strong>\u00c0 la fin des temps, cette b\u00eate reviendra.<br \/>\n<a href= \" https:\/\/bible.publication-evangelique.com\/apocalypse#17.8 \" rel= \" noopener noreferrer \" target= \" _blank \" >Apocalypse\u00a017:8<\/a><\/strong> la b\u00eate que tu as vue \u00e9tait, et elle n\u2019est plus. Elle doit monter de l\u2019ab\u00eeme, et aller \u00e0 la perdition. Et les habitants de la terre, ceux dont le nom n\u2019a pas \u00e9t\u00e9 \u00e9crit d\u00e8s la fondation du monde dans le livre de vie, s\u2019\u00e9tonneront en voyant la b\u00eate, parce qu\u2019elle \u00e9tait, et qu\u2019elle n\u2019est plus, et qu\u2019elle !<\/p>\n<p><strong>Le diable lui donnera sa puissance et son autorit\u00e9.<br \/>\n<a href= \" https:\/\/bible.publication-evangelique.com\/apocalypse#13.2 \" rel= \" noopener noreferrer \" target= \" _blank \" >Apocalypse\u00a013:2<\/a><\/strong> la b\u00eate que je vis \u00e9tait semblable \u00e0 un l\u00e9opard ; ses pieds \u00e9taient comme ceux d\u2019un ours, et sa gueule comme une gueule de lion. Le dragon lui donna sa puissance, et son tr\u00f4ne, et une grande autorit\u00e9.<\/p>\n<p><strong>Une de ses t\u00eates recevra une blessure mortelle et sera r\u00e9tablie.<br \/>\n<a href= \" https:\/\/bible.publication-evangelique.com\/apocalypse#13.3 \" rel= \" noopener noreferrer \" target= \" _blank \" >Apocalypse\u00a013:3<\/a><\/strong> et je vis l\u2019une de ses t\u00eates comme bless\u00e9es \u00e0 mort ; mais sa blessure mortelle fut gu\u00e9rie. Et toute la terre \u00e9tait dans l\u2019admiration derri\u00e8re la b\u00eate.<\/p>\n<p><strong>Les gens se tourneront vers des cultes sataniques pour glorifier le diable d\u2019avoir amener cet ant\u00e9christ au lieu de louer, de b\u00e9nir et servir le seul Dieu cr\u00e9ateur de tout.<br \/>\n<a href= \" https:\/\/bible.publication-evangelique.com\/apocalypse#13.4 \" rel= \" noopener noreferrer \" target= \" _blank \" >Apocalypse\u00a013:4<\/a><\/strong> et ils ador\u00e8rent le dragon, parce qu\u2019il avait donn\u00e9 l\u2019autorit\u00e9 \u00e0 la b\u00eate ; ils ador\u00e8rent la b\u00eate, en disant\u00a0: qui est semblable \u00e0 la b\u00eate, et qui peut combattre contre elle ?<\/p>\n<p><strong>Cette puissance mondiale continuera \u00e0 se glorifier pendant les 3 ans 1\/2 de son r\u00e8gne de terreur.<br \/>\n<a href= \" https:\/\/bible.publication-evangelique.com\/apocalypse#13.5 \" rel= \" noopener noreferrer \" target= \" _blank \" >Apocalypse\u00a013:5<\/a><\/strong> et il lui fut donn\u00e9 une bouche qui prof\u00e9rait des paroles arrogantes et des blasph\u00e8mes ; et il lui fut donn\u00e9 le pouvoir d\u2019agir pendant quarante-deux mois.<\/p>\n<p><strong>Ils continueront \u00e0 offenser et blasph\u00e9mer Dieu et tout ce qui appartient \u00e0 Dieu.<br \/>\n<a href= \" https:\/\/bible.publication-evangelique.com\/apocalypse#13.6 \" rel= \" noopener noreferrer \" target= \" _blank \" >Apocalypse\u00a013:6<\/a><\/strong> et elle ouvrit sa bouche pour prof\u00e9rer des blasph\u00e8mes contre Dieu, pour blasph\u00e9mer son nom, et son tabernacle, et ceux qui habitent dans le ciel.<\/p>\n<p><strong>En \u00e9tant dans un contr\u00f4le mondial, cet empire va s\u2019acharner \u00e0 faire la guerre aux chr\u00e9tiens.<br \/>\n<a href= \" https:\/\/bible.publication-evangelique.com\/apocalypse#13.7 \" rel= \" noopener noreferrer \" target= \" _blank \" >Apocalypse\u00a013:7<\/a><\/strong> et il lui fut donn\u00e9 de faire la guerre aux saints, et de les vaincre. Et il lui fut donn\u00e9 autorit\u00e9 sur toute tribu, tout peuple, toute langue, et toute nation.<\/p>\n<p><strong>Tous les gens de la plan\u00e8te s\u2019agenouilleront devant lui. Sauf ceux qui appartiennent \u00e0 Dieu.<br \/>\n<a href= \" https:\/\/bible.publication-evangelique.com\/apocalypse#13.8 \" rel= \" noopener noreferrer \" target= \" _blank \" >Apocalypse\u00a013:8<\/a><\/strong> et tous les habitants de la terre l\u2019adoreront, ceux dont le nom n\u2019a pas \u00e9t\u00e9 \u00e9crit d\u00e8s la fondation du monde dans le livre de vie de l\u2019agneau qui a \u00e9t\u00e9 immol\u00e9.<\/p>\n<p><strong>J\u00e9sus nous dit\u00a0:<br \/>\n<a href= \" https:\/\/bible.publication-evangelique.com\/jean#14.1 \" rel= \" noopener noreferrer \" target= \" _blank \" >Jean 14:1-3<\/a><\/strong> Que votre c\u0153ur ne se trouble point. Croyez en Dieu, et croyez en moi. 2 Il y a plusieurs demeures dans la maison de mon P\u00e8re. Si cela n\u2019\u00e9tait pas, je vous l\u2019aurais dit. Je vais vous pr\u00e9parer une place. 3 Et, lorsque je m\u2019en serai all\u00e9, et que je vous aurai pr\u00e9par\u00e9 une place, je reviendrai, et je vous prendrai avec moi, afin que l\u00e0 o\u00f9 je suis vous y soyez aussi.<\/p>\n<p>&#8212;&#8212;&#8212;&#8212;&#8212;&#8212;<\/p>\n<p>Daniel Poulin<br \/>\n<a title= \" Publication \u00c9vang\u00e9lique \" href= \" https:\/\/publication-evangelique.com \" target= \" _blank \" rel= \" noopener noreferrer \" >https:\/\/publication-evangelique.com<\/a><\/p>\n<p><strong>Adresse de ce blogue :<\/strong> <a href= \" https:\/\/publication-evangelique.com\/?p=16491 \" > https:\/\/publication-evangelique.com\/?p=16491<\/a><\/p>\n<p><strong>De la s\u00e9rie : <\/strong> <a href= \" https:\/\/publication-evangelique.com\/?page_id=16294 \" > Le retour du Seigneur J\u00e9sus-Christ<\/a><\/p>\n","protected":false},"excerpt":{"rendered":"<p>Nous regardons ensemble certains signes qui s\u2019accompliront devant nos yeux. Comme l\u2019ap\u00f4tre Jean l\u2019\u00e0 aussi enseign\u00e9 au sujet de l\u2019ant\u00e9christ. L\u2019adversaire du Messie.<\/p>\n <a class=\"more-link\" href=\"https:\/\/publication-evangelique.com\/?p=16491\"><span class=\"more-msg\">Lire la suite &rarr;<\/span><\/a>","protected":false},"author":1,"featured_media":16492,"comment_status":"open","ping_status":"open","sticky":false,"template":"","format":"standard","meta":{"footnotes":""},"categories":[13,3,862],"tags":[39,875,876],"class_list":["post-16491","post","type-post","status-publish","format-standard","has-post-thumbnail","hentry","category-fin-des-temps","category-accueil","category-retour-du-seigneur","tag-antechrist","tag-bete","tag-gouvernement-mondial"],"yoast_head":"<!-- This site is optimized with the Yoast SEO plugin v27.4 - https:\/\/yoast.com\/product\/yoast-seo-wordpress\/ -->\n<title>L\u2019ant\u00e9christ et la b\u00eate qui deviendra le gouvernement mondial. - Publication \u00c9vang\u00e9lique<\/title>\n<meta name=\"robots\" content=\"index, follow, max-snippet:-1, max-image-preview:large, max-video-preview:-1\" \/>\n<link rel=\"canonical\" href=\"https:\/\/publication-evangelique.com\/?p=16491\" \/>\n<meta property=\"og:locale\" content=\"fr_FR\" \/>\n<meta property=\"og:type\" content=\"article\" \/>\n<meta property=\"og:title\" content=\"L\u2019ant\u00e9christ et la b\u00eate qui deviendra le gouvernement mondial. - Publication \u00c9vang\u00e9lique\" \/>\n<meta property=\"og:description\" content=\"Nous regardons ensemble certains signes qui s\u2019accompliront devant nos yeux. Comme l\u2019ap\u00f4tre Jean l\u2019\u00e0 aussi enseign\u00e9 au sujet de l\u2019ant\u00e9christ. L\u2019adversaire du Messie.\" \/>\n<meta property=\"og:url\" content=\"https:\/\/publication-evangelique.com\/?p=16491\" \/>\n<meta property=\"og:site_name\" content=\"Publication \u00c9vang\u00e9lique\" \/>\n<meta property=\"article:publisher\" content=\"https:\/\/www.facebook.com\/danielpoulin75\" \/>\n<meta property=\"article:author\" content=\"https:\/\/www.facebook.com\/danielpoulin75\" \/>\n<meta property=\"article:published_time\" content=\"2020-08-23T15:46:54+00:00\" \/>\n<meta property=\"og:image\" content=\"https:\/\/publication-evangelique.com\/wp-content\/uploads\/1424.jpg\" \/>\n\t<meta property=\"og:image:width\" content=\"1300\" \/>\n\t<meta property=\"og:image:height\" content=\"1031\" \/>\n\t<meta property=\"og:image:type\" content=\"image\/jpeg\" \/>\n<meta name=\"author\" content=\"Daniel Poulin\" \/>\n<meta name=\"twitter:label1\" content=\"\u00c9crit par\" \/>\n\t<meta name=\"twitter:data1\" content=\"Daniel Poulin\" \/>\n\t<meta name=\"twitter:label2\" content=\"Dur\u00e9e de lecture estim\u00e9e\" \/>\n\t<meta name=\"twitter:data2\" content=\"6 minutes\" \/>\n<script type=\"application\/ld+json\" class=\"yoast-schema-graph\">{\"@context\":\"https:\\\/\\\/schema.org\",\"@graph\":[{\"@type\":\"Article\",\"@id\":\"https:\\\/\\\/publication-evangelique.com\\\/?p=16491#article\",\"isPartOf\":{\"@id\":\"https:\\\/\\\/publication-evangelique.com\\\/?p=16491\"},\"author\":{\"name\":\"Daniel Poulin\",\"@id\":\"https:\\\/\\\/publication-evangelique.com\\\/#\\\/schema\\\/person\\\/a7aa86223ca614c8c1a737d18c95460c\"},\"headline\":\"L\u2019ant\u00e9christ et la b\u00eate qui deviendra le gouvernement mondial.\",\"datePublished\":\"2020-08-23T15:46:54+00:00\",\"mainEntityOfPage\":{\"@id\":\"https:\\\/\\\/publication-evangelique.com\\\/?p=16491\"},\"wordCount\":1267,\"commentCount\":0,\"publisher\":{\"@id\":\"https:\\\/\\\/publication-evangelique.com\\\/#\\\/schema\\\/person\\\/a7aa86223ca614c8c1a737d18c95460c\"},\"image\":{\"@id\":\"https:\\\/\\\/publication-evangelique.com\\\/?p=16491#primaryimage\"},\"thumbnailUrl\":\"https:\\\/\\\/publication-evangelique.com\\\/wp-content\\\/uploads\\\/1424.jpg\",\"keywords\":[\"ant\u00e9christ\",\"b\u00eate\",\"gouvernement mondial\"],\"articleSection\":[\"Fin des temps\",\"Retour de J\u00e9sus\",\"retour du Seigneur\"],\"inLanguage\":\"fr-FR\"},{\"@type\":\"WebPage\",\"@id\":\"https:\\\/\\\/publication-evangelique.com\\\/?p=16491\",\"url\":\"https:\\\/\\\/publication-evangelique.com\\\/?p=16491\",\"name\":\"L\u2019ant\u00e9christ et la b\u00eate qui deviendra le gouvernement mondial. - Publication \u00c9vang\u00e9lique\",\"isPartOf\":{\"@id\":\"https:\\\/\\\/publication-evangelique.com\\\/#website\"},\"primaryImageOfPage\":{\"@id\":\"https:\\\/\\\/publication-evangelique.com\\\/?p=16491#primaryimage\"},\"image\":{\"@id\":\"https:\\\/\\\/publication-evangelique.com\\\/?p=16491#primaryimage\"},\"thumbnailUrl\":\"https:\\\/\\\/publication-evangelique.com\\\/wp-content\\\/uploads\\\/1424.jpg\",\"datePublished\":\"2020-08-23T15:46:54+00:00\",\"breadcrumb\":{\"@id\":\"https:\\\/\\\/publication-evangelique.com\\\/?p=16491#breadcrumb\"},\"inLanguage\":\"fr-FR\",\"potentialAction\":[{\"@type\":\"ReadAction\",\"target\":[\"https:\\\/\\\/publication-evangelique.com\\\/?p=16491\"]}]},{\"@type\":\"ImageObject\",\"inLanguage\":\"fr-FR\",\"@id\":\"https:\\\/\\\/publication-evangelique.com\\\/?p=16491#primaryimage\",\"url\":\"https:\\\/\\\/publication-evangelique.com\\\/wp-content\\\/uploads\\\/1424.jpg\",\"contentUrl\":\"https:\\\/\\\/publication-evangelique.com\\\/wp-content\\\/uploads\\\/1424.jpg\",\"width\":1300,\"height\":1031},{\"@type\":\"BreadcrumbList\",\"@id\":\"https:\\\/\\\/publication-evangelique.com\\\/?p=16491#breadcrumb\",\"itemListElement\":[{\"@type\":\"ListItem\",\"position\":1,\"name\":\"Accueil\",\"item\":\"https:\\\/\\\/publication-evangelique.com\\\/\"},{\"@type\":\"ListItem\",\"position\":2,\"name\":\"L\u2019ant\u00e9christ et la b\u00eate qui deviendra le gouvernement mondial.\"}]},{\"@type\":\"WebSite\",\"@id\":\"https:\\\/\\\/publication-evangelique.com\\\/#website\",\"url\":\"https:\\\/\\\/publication-evangelique.com\\\/\",\"name\":\"Daniel Poulin - publication-evangelique.com\",\"description\":\"Daniel Poulin\",\"publisher\":{\"@id\":\"https:\\\/\\\/publication-evangelique.com\\\/#\\\/schema\\\/person\\\/a7aa86223ca614c8c1a737d18c95460c\"},\"potentialAction\":[{\"@type\":\"SearchAction\",\"target\":{\"@type\":\"EntryPoint\",\"urlTemplate\":\"https:\\\/\\\/publication-evangelique.com\\\/?s={search_term_string}\"},\"query-input\":{\"@type\":\"PropertyValueSpecification\",\"valueRequired\":true,\"valueName\":\"search_term_string\"}}],\"inLanguage\":\"fr-FR\"},{\"@type\":[\"Person\",\"Organization\"],\"@id\":\"https:\\\/\\\/publication-evangelique.com\\\/#\\\/schema\\\/person\\\/a7aa86223ca614c8c1a737d18c95460c\",\"name\":\"Daniel Poulin\",\"image\":{\"@type\":\"ImageObject\",\"inLanguage\":\"fr-FR\",\"@id\":\"https:\\\/\\\/publication-evangelique.com\\\/wp-content\\\/uploads\\\/daniel5-1.jpg\",\"url\":\"https:\\\/\\\/publication-evangelique.com\\\/wp-content\\\/uploads\\\/daniel5-1.jpg\",\"contentUrl\":\"https:\\\/\\\/publication-evangelique.com\\\/wp-content\\\/uploads\\\/daniel5-1.jpg\",\"width\":833,\"height\":969,\"caption\":\"Daniel Poulin\"},\"logo\":{\"@id\":\"https:\\\/\\\/publication-evangelique.com\\\/wp-content\\\/uploads\\\/daniel5-1.jpg\"},\"description\":\"Bonjour, ici Daniel Poulin! Je suis un chr\u00e9tien n\u00e9 de nouveau depuis 1980, ayant parcouru un cheminement avec le Seigneur J\u00e9sus-Christ, j'ai construit ce site afin de partager mes connaissances de la parole de Dieu \\\" La Bible \\\" Je travaille aussi au d\u00e9veloppement de la station de radio chr\u00e9tienne fran\u00e7aise \u00e0 Montr\u00e9al, \\\" La Radio Gospel \\\" que vous pouvez voir ici http:\\\/\\\/laradiogospel.ca Je fr\u00e9quente aussi une \u00e9glise, dont je pr\u00eache et j\u2019enseigne la parole de Dieu. La communaut\u00e9 \u00c9vang\u00e9lique de l'Agneau \\\" , voici l'adresse, http:\\\/\\\/communauteevangelique.ca\\\/\",\"sameAs\":[\"https:\\\/\\\/publication-evangelique.com\",\"https:\\\/\\\/www.facebook.com\\\/danielpoulin75\",\"https:\\\/\\\/www.linkedin.com\\\/in\\\/daniel-poulin-64614745\\\/\",\"https:\\\/\\\/x.com\\\/https:\\\/\\\/twitter.com\\\/Daniel_Poulin\",\"https:\\\/\\\/www.youtube.com\\\/user\\\/danielpoulin75\\\/videos\"]}]}<\/script>\n<!-- \/ Yoast SEO plugin. -->","yoast_head_json":{"title":"L\u2019ant\u00e9christ et la b\u00eate qui deviendra le gouvernement mondial. - Publication \u00c9vang\u00e9lique","robots":{"index":"index","follow":"follow","max-snippet":"max-snippet:-1","max-image-preview":"max-image-preview:large","max-video-preview":"max-video-preview:-1"},"canonical":"https:\/\/publication-evangelique.com\/?p=16491","og_locale":"fr_FR","og_type":"article","og_title":"L\u2019ant\u00e9christ et la b\u00eate qui deviendra le gouvernement mondial. - Publication \u00c9vang\u00e9lique","og_description":"Nous regardons ensemble certains signes qui s\u2019accompliront devant nos yeux. Comme l\u2019ap\u00f4tre Jean l\u2019\u00e0 aussi enseign\u00e9 au sujet de l\u2019ant\u00e9christ. L\u2019adversaire du Messie.","og_url":"https:\/\/publication-evangelique.com\/?p=16491","og_site_name":"Publication \u00c9vang\u00e9lique","article_publisher":"https:\/\/www.facebook.com\/danielpoulin75","article_author":"https:\/\/www.facebook.com\/danielpoulin75","article_published_time":"2020-08-23T15:46:54+00:00","og_image":[{"width":1300,"height":1031,"url":"https:\/\/publication-evangelique.com\/wp-content\/uploads\/1424.jpg","type":"image\/jpeg"}],"author":"Daniel Poulin","twitter_misc":{"\u00c9crit par":"Daniel Poulin","Dur\u00e9e de lecture estim\u00e9e":"6 minutes"},"schema":{"@context":"https:\/\/schema.org","@graph":[{"@type":"Article","@id":"https:\/\/publication-evangelique.com\/?p=16491#article","isPartOf":{"@id":"https:\/\/publication-evangelique.com\/?p=16491"},"author":{"name":"Daniel Poulin","@id":"https:\/\/publication-evangelique.com\/#\/schema\/person\/a7aa86223ca614c8c1a737d18c95460c"},"headline":"L\u2019ant\u00e9christ et la b\u00eate qui deviendra le gouvernement mondial.","datePublished":"2020-08-23T15:46:54+00:00","mainEntityOfPage":{"@id":"https:\/\/publication-evangelique.com\/?p=16491"},"wordCount":1267,"commentCount":0,"publisher":{"@id":"https:\/\/publication-evangelique.com\/#\/schema\/person\/a7aa86223ca614c8c1a737d18c95460c"},"image":{"@id":"https:\/\/publication-evangelique.com\/?p=16491#primaryimage"},"thumbnailUrl":"https:\/\/publication-evangelique.com\/wp-content\/uploads\/1424.jpg","keywords":["ant\u00e9christ","b\u00eate","gouvernement mondial"],"articleSection":["Fin des temps","Retour de J\u00e9sus","retour du Seigneur"],"inLanguage":"fr-FR"},{"@type":"WebPage","@id":"https:\/\/publication-evangelique.com\/?p=16491","url":"https:\/\/publication-evangelique.com\/?p=16491","name":"L\u2019ant\u00e9christ et la b\u00eate qui deviendra le gouvernement mondial. - Publication \u00c9vang\u00e9lique","isPartOf":{"@id":"https:\/\/publication-evangelique.com\/#website"},"primaryImageOfPage":{"@id":"https:\/\/publication-evangelique.com\/?p=16491#primaryimage"},"image":{"@id":"https:\/\/publication-evangelique.com\/?p=16491#primaryimage"},"thumbnailUrl":"https:\/\/publication-evangelique.com\/wp-content\/uploads\/1424.jpg","datePublished":"2020-08-23T15:46:54+00:00","breadcrumb":{"@id":"https:\/\/publication-evangelique.com\/?p=16491#breadcrumb"},"inLanguage":"fr-FR","potentialAction":[{"@type":"ReadAction","target":["https:\/\/publication-evangelique.com\/?p=16491"]}]},{"@type":"ImageObject","inLanguage":"fr-FR","@id":"https:\/\/publication-evangelique.com\/?p=16491#primaryimage","url":"https:\/\/publication-evangelique.com\/wp-content\/uploads\/1424.jpg","contentUrl":"https:\/\/publication-evangelique.com\/wp-content\/uploads\/1424.jpg","width":1300,"height":1031},{"@type":"BreadcrumbList","@id":"https:\/\/publication-evangelique.com\/?p=16491#breadcrumb","itemListElement":[{"@type":"ListItem","position":1,"name":"Accueil","item":"https:\/\/publication-evangelique.com\/"},{"@type":"ListItem","position":2,"name":"L\u2019ant\u00e9christ et la b\u00eate qui deviendra le gouvernement mondial."}]},{"@type":"WebSite","@id":"https:\/\/publication-evangelique.com\/#website","url":"https:\/\/publication-evangelique.com\/","name":"Daniel Poulin - publication-evangelique.com","description":"Daniel Poulin","publisher":{"@id":"https:\/\/publication-evangelique.com\/#\/schema\/person\/a7aa86223ca614c8c1a737d18c95460c"},"potentialAction":[{"@type":"SearchAction","target":{"@type":"EntryPoint","urlTemplate":"https:\/\/publication-evangelique.com\/?s={search_term_string}"},"query-input":{"@type":"PropertyValueSpecification","valueRequired":true,"valueName":"search_term_string"}}],"inLanguage":"fr-FR"},{"@type":["Person","Organization"],"@id":"https:\/\/publication-evangelique.com\/#\/schema\/person\/a7aa86223ca614c8c1a737d18c95460c","name":"Daniel Poulin","image":{"@type":"ImageObject","inLanguage":"fr-FR","@id":"https:\/\/publication-evangelique.com\/wp-content\/uploads\/daniel5-1.jpg","url":"https:\/\/publication-evangelique.com\/wp-content\/uploads\/daniel5-1.jpg","contentUrl":"https:\/\/publication-evangelique.com\/wp-content\/uploads\/daniel5-1.jpg","width":833,"height":969,"caption":"Daniel Poulin"},"logo":{"@id":"https:\/\/publication-evangelique.com\/wp-content\/uploads\/daniel5-1.jpg"},"description":"Bonjour, ici Daniel Poulin! Je suis un chr\u00e9tien n\u00e9 de nouveau depuis 1980, ayant parcouru un cheminement avec le Seigneur J\u00e9sus-Christ, j'ai construit ce site afin de partager mes connaissances de la parole de Dieu \" La Bible \" Je travaille aussi au d\u00e9veloppement de la station de radio chr\u00e9tienne fran\u00e7aise \u00e0 Montr\u00e9al, \" La Radio Gospel \" que vous pouvez voir ici http:\/\/laradiogospel.ca Je fr\u00e9quente aussi une \u00e9glise, dont je pr\u00eache et j\u2019enseigne la parole de Dieu. La communaut\u00e9 \u00c9vang\u00e9lique de l'Agneau \" , voici l'adresse, http:\/\/communauteevangelique.ca\/","sameAs":["https:\/\/publication-evangelique.com","https:\/\/www.facebook.com\/danielpoulin75","https:\/\/www.linkedin.com\/in\/daniel-poulin-64614745\/","https:\/\/x.com\/https:\/\/twitter.com\/Daniel_Poulin","https:\/\/www.youtube.com\/user\/danielpoulin75\/videos"]}]}},"_links":{"self":[{"href":"https:\/\/publication-evangelique.com\/index.php?rest_route=\/wp\/v2\/posts\/16491","targetHints":{"allow":["GET"]}}],"collection":[{"href":"https:\/\/publication-evangelique.com\/index.php?rest_route=\/wp\/v2\/posts"}],"about":[{"href":"https:\/\/publication-evangelique.com\/index.php?rest_route=\/wp\/v2\/types\/post"}],"author":[{"embeddable":true,"href":"https:\/\/publication-evangelique.com\/index.php?rest_route=\/wp\/v2\/users\/1"}],"replies":[{"embeddable":true,"href":"https:\/\/publication-evangelique.com\/index.php?rest_route=%2Fwp%2Fv2%2Fcomments&post=16491"}],"version-history":[{"count":0,"href":"https:\/\/publication-evangelique.com\/index.php?rest_route=\/wp\/v2\/posts\/16491\/revisions"}],"wp:featuredmedia":[{"embeddable":true,"href":"https:\/\/publication-evangelique.com\/index.php?rest_route=\/wp\/v2\/media\/16492"}],"wp:attachment":[{"href":"https:\/\/publication-evangelique.com\/index.php?rest_route=%2Fwp%2Fv2%2Fmedia&parent=16491"}],"wp:term":[{"taxonomy":"category","embeddable":true,"href":"https:\/\/publication-evangelique.com\/index.php?rest_route=%2Fwp%2Fv2%2Fcategories&post=16491"},{"taxonomy":"post_tag","embeddable":true,"href":"https:\/\/publication-evangelique.com\/index.php?rest_route=%2Fwp%2Fv2%2Ftags&post=16491"}],"curies":[{"name":"wp","href":"https:\/\/api.w.org\/{rel}","templated":true}]}}