{"id":16506,"date":"2020-08-31T04:18:55","date_gmt":"2020-08-31T09:18:55","guid":{"rendered":"http:\/\/publication-evangelique.com\/?p=16506"},"modified":"2020-09-07T18:16:02","modified_gmt":"2020-09-07T23:16:02","slug":"le-faux-prophete-lassocie-de-la-bete","status":"publish","type":"post","link":"https:\/\/publication-evangelique.com\/?p=16506","title":{"rendered":"Le faux proph\u00e8te, l\u2019associ\u00e9 de la b\u00eate."},"content":{"rendered":"<h3>Nous avons parl\u00e9 que dans peu de temps nous assisterons \u00e0 l\u2019apparition d\u2019un gouvernement mondial.<\/h3>\n<p><audio style= \" width: 480px; \" src= \" https:\/\/publication-evangelique.com\/media\/le_retour_du_seigneur\/24\/20_08_22.mp3 \" preload= \" none \" controls= \" controls \" ><\/audio><br \/>\n<strong>T\u00e9l\u00e9charger &#8211;&gt; <\/strong><a href= \" https:\/\/publication-evangelique.com\/media\/le_retour_du_seigneur\/24\/20_08_22.mp3 \" >MP3<\/a><\/p>\n<p>La Bible nous annonce qu\u2019il ne travaillera pas seul, un associ\u00e9 religieux fera aussi son apparition pour soutenir et \u00e9lever ce nouveau gouvernement. <\/p>\n<p><strong>L\u2019ap\u00f4tre Jean nous parle d\u2019une seconde b\u00eate qui monte de la terre.<br \/>\n<a href= \" https:\/\/bible.publication-evangelique.com\/apocalypse#13.11 \" rel= \" noopener noreferrer \" target= \" _blank \" >Apocalypse\u00a013:11<\/a><\/strong> puis je vis monter de la terre une autre b\u00eate, qui avait deux cornes semblables \u00e0 celles d\u2019un agneau (messie) et qui parlait comme un dragon. <!--more--><\/p>\n<p><strong>J\u00e9sus avait d\u00e9j\u00e0 enseign\u00e9 que les faux proph\u00e8tes ont l\u2019apparence d\u2019une brebis.<br \/>\n<a href= \" https:\/\/bible.publication-evangelique.com\/matthieu#7.15 \" rel= \" noopener noreferrer \" target= \" _blank \" >Matthieu 7:15-16<\/a><\/strong> Gardez-vous des faux proph\u00e8tes. Ils viennent \u00e0 vous en v\u00eatements de brebis, mais au-dedans ce sont des loups ravisseurs. 16 Vous les reconna\u00eetrez \u00e0 leurs fruits. Cueille-t-on des raisins sur des \u00e9pines, ou des figues sur des chardons ? <\/p>\n<p><strong>Son fruit sera d\u2019appuyer le gouvernement men\u00e9 par Satan et il sera \u00e0 ses c\u00f4t\u00e9s pour le contr\u00f4le mondial.<br \/>\n<a href= \" https:\/\/bible.publication-evangelique.com\/apocalypse#13.12 \" rel= \" noopener noreferrer \" target= \" _blank \" >Apocalypse\u00a013:12<\/a><\/strong> elle exer\u00e7ait toute l\u2019autorit\u00e9 de la premi\u00e8re b\u00eate en sa pr\u00e9sence, et elle faisait que la terre et ses habitants adoraient la premi\u00e8re b\u00eate, dont la blessure mortelle avait \u00e9t\u00e9 gu\u00e9rie.<\/p>\n<p><strong>La Bible appelle ce personnage un faux proph\u00e8te, et il est lui aussi anim\u00e9 de d\u00e9mons comme l\u2019ant\u00e9christ.<br \/>\n<a href= \" https:\/\/bible.publication-evangelique.com\/apocalypse#16.13 \" rel= \" noopener noreferrer \" target= \" _blank \" >Apocalypse 16:13-14<\/a><\/strong> Et je vis sortir de la bouche du dragon, et de la bouche de la b\u00eate, et de la bouche du faux proph\u00e8te, trois esprits impurs, semblables \u00e0 des grenouilles. 14 Car ce sont des esprits de d\u00e9mons, qui font des prodiges, et qui vont vers les rois de toute la terre, afin de les rassembler pour le combat du grand jour du Dieu tout-puissant.<\/p>\n<p><strong>Ce faux proph\u00e8te fera lui aussi des miracles pour s\u00e9duire les nations.<br \/>\n<a href= \" https:\/\/bible.publication-evangelique.com\/apocalypse#13.13 \" rel= \" noopener noreferrer \" target= \" _blank \" >Apocalypse\u00a013:13<\/a><\/strong> elle op\u00e9rait de grands prodiges, m\u00eame jusqu\u2019\u00e0 faire descendre du feu du ciel sur la terre, \u00e0 la vue des hommes.<\/p>\n<p><strong>L\u2019envo\u00fbtement qu\u2019ils produiront am\u00e8nera les gens \u00e0 faire une statue de l\u2019ant\u00e9christ et de lui rendre un culte.<br \/>\n<a href= \" https:\/\/bible.publication-evangelique.com\/apocalypse#13.14 \" rel= \" noopener noreferrer \" target= \" _blank \" >Apocalypse\u00a013:14<\/a><\/strong> et elle s\u00e9duisait les habitants de la terre par les prodiges qu\u2019il lui \u00e9tait donn\u00e9 d\u2019op\u00e9rer en pr\u00e9sence de la b\u00eate, disant aux habitants de la terre de faire une image \u00e0 la b\u00eate qui avait la blessure de l\u2019\u00e9p\u00e9e et qui vivait.<\/p>\n<p><strong>Cette statue sera dot\u00e9e de la facult\u00e9 de la parole (intelligence artificielle), ils imposeront aux mondes entiers le culte obligatoire \u00e0 cette statue parlante sous peine de mort.<br \/>\n<a href= \" https:\/\/bible.publication-evangelique.com\/apocalypse#13.15 \" rel= \" noopener noreferrer \" target= \" _blank \" >Apocalypse\u00a013:15<\/a><\/strong> et il lui fut donn\u00e9 d\u2019animer l\u2019image de la b\u00eate, afin que l\u2019image de la b\u00eate parl\u00e2t, et qu\u2019elle f\u00eet que tous ceux qui n\u2019adoreraient pas l\u2019image de la b\u00eate fussent tu\u00e9s.<\/p>\n<p><strong>Pour assouvir leurs soifs de puissance et de contr\u00f4le, ils imposeront un contr\u00f4le mondial par un marquage sur la main droite ou sur leur front pour faire des transactions financi\u00e8res.<br \/>\n<a href= \" https:\/\/bible.publication-evangelique.com\/apocalypse#13.16 \" rel= \" noopener noreferrer \" target= \" _blank \" >Apocalypse\u00a013:16-17<\/a><\/strong> Et elle fit que tous, petits et grands, riches et pauvres, libres et esclaves, re\u00e7ussent une marque sur leur main droite ou sur leur front, 17 et que personne ne p\u00fbt acheter ni vendre, sans avoir la marque, le nom de la b\u00eate ou le nombre de son nom. <\/p>\n<p><strong>C\u2019est dans ce passage des \u00e9critures qu\u2019on voit le symbole\u00a0666 qui repr\u00e9sente la marque de la b\u00eate.<br \/>\n<a href= \" https:\/\/bible.publication-evangelique.com\/apocalypse#13.18 \" rel= \" noopener noreferrer \" target= \" _blank \" >Apocalypse\u00a013:18<\/a><\/strong> c\u2019est ici la sagesse. Que celui qui a de l\u2019intelligence calcule le nombre de la b\u00eate. Car c\u2019est un nombre d\u2019homme, et son nombre est six cent soixante-six.<\/p>\n<p><strong>La Bible parle aussi de s\u00e9v\u00e8res avertissements pour ceux qui adoreront la b\u00eate ou son image et qui recevront sa marque.<br \/>\nLe jugement sera sans rem\u00e8de, ils seront priv\u00e9s de la gr\u00e2ce de Dieu et ils seront dans l\u2019attente du d\u00e9versement de la col\u00e8re de Dieu dans leur vie pr\u00e9sente et \u00e9ternelle.<br \/>\n<a href= \" https:\/\/bible.publication-evangelique.com\/apocalypse#14.9 \" rel= \" noopener noreferrer \" target= \" _blank \" >Apocalypse 14:9-11<\/a><\/strong> Et un autre, un troisi\u00e8me ange les suivit, en disant d\u2019une voix forte\u00a0: Si quelqu\u2019un adore la b\u00eate et son image, et re\u00e7oit une marque sur son front ou sur sa main, 10 il boira, lui aussi, du vin de la fureur de Dieu, vers\u00e9 sans m\u00e9lange dans la coupe de sa col\u00e8re, et il sera tourment\u00e9 dans le feu et le soufre, devant les saints anges et devant l\u2019agneau. 11 Et la fum\u00e9e de leur tourment monte aux si\u00e8cles des si\u00e8cles ; et ils n\u2019ont de repos ni jour ni nuit, ceux qui adorent la b\u00eate et son image, et quiconque re\u00e7oit la marque de son nom.<\/p>\n<p>Nous pouvons voir un jugement par le feu sera sur eux lors du d\u00e9versement de la premi\u00e8re coupe.<br \/>\n<strong>Le feu de Dieu sera d\u00e9vers\u00e9 sur ceux qui avaient re\u00e7u la marque de la b\u00eate et qui adoreraient son image.<br \/>\nApocalypse 16:2<\/strong> le premier alla, et il versa sa coupe sur la terre. Et un ulc\u00e8re malin et douloureux frappa les hommes qui avaient la marque de la b\u00eate et qui adoraient son image.<\/p>\n<p><strong>Le Seigneur a tout en contr\u00f4le et l\u2019heure du jugement de ces deux b\u00eates est d\u00e9j\u00e0 donn\u00e9e, pour lors de son retour.<br \/>\n<a href= \" https:\/\/bible.publication-evangelique.com\/apocalypse#19.20 \" rel= \" noopener noreferrer \" target= \" _blank \" >Apocalypse 19:20<\/a><\/strong> et la b\u00eate fut prise, et avec elle le faux proph\u00e8te, qui avait fait devant elle les prodiges par lesquels il avait s\u00e9duit ceux qui avaient pris la marque de la b\u00eate et ador\u00e9 son image. Ils furent tous les deux jet\u00e9s vivants dans l\u2019\u00e9tang ardent de feu et de soufre.<\/p>\n<p><strong>Nous devons nous pr\u00e9parer, les chr\u00e9tiens seront pr\u00e9sents lors de leur venue et de leur jugement par Dieu.<br \/>\n<a href= \" https:\/\/bible.publication-evangelique.com\/apocalypse#14.12 \" rel= \" noopener noreferrer \" target= \" _blank \" >Apocalypse\u00a014:12<\/a><\/strong> c\u2019est ici la pers\u00e9v\u00e9rance des saints, qui gardent les commandements de Dieu et la foi de J\u00e9sus.<\/p>\n<p><strong>En tant que peuple de Dieu, la parole de Dieu nous dit que nous ne serons pas \u00e9tonn\u00e9s de voir appara\u00eetre ces deux b\u00eates parce que notre nom est inscrit dans le livre de vie.<br \/>\n<a href= \" https:\/\/bible.publication-evangelique.com\/apocalypse#17.8 \" rel= \" noopener noreferrer \" target= \" _blank \" >Apocalypse\u00a017:8<\/a><\/strong> la b\u00eate que tu as vue \u00e9tait, et elle n\u2019est plus. Elle doit monter de l\u2019ab\u00eeme, et aller \u00e0 la perdition. Et les habitants de la terre, ceux dont le nom n\u2019a pas \u00e9t\u00e9 \u00e9crit d\u00e8s la fondation du monde dans le livre de vie, s\u2019\u00e9tonneront en voyant la b\u00eate, parce qu\u2019elle \u00e9tait, et qu\u2019elle n\u2019est plus, et qu\u2019elle repara\u00eetra.\u00a0<\/p>\n<p><strong>Et nous les inscrits dans le livre, nous ne les adorerons pas.<br \/>\n<a href= \" https:\/\/bible.publication-evangelique.com\/apocalypse#13.8 \" rel= \" noopener noreferrer \" target= \" _blank \" >Apocalypse 13:8<\/a><\/strong> et tous les habitants de la terre l\u2019adoreront, ceux dont le nom n\u2019a pas \u00e9t\u00e9 \u00e9crit d\u00e8s la fondation du monde dans le livre de vie de l\u2019agneau qui a \u00e9t\u00e9 immol\u00e9.<\/p>\n<p><strong>Dans ces m\u00eames versets, il y a une promesse pour ceux qui pers\u00e9v\u00e9reront dans la foi en J\u00e9sus jusqu\u2019\u00e0 la mort.<br \/>\n<a href= \" https:\/\/bible.publication-evangelique.com\/apocalypse#14.13 \" rel= \" noopener noreferrer \" target= \" _blank \" >Apocalypse\u00a014:13<\/a><\/strong> et j\u2019entendis du ciel une voix qui disait\u00a0: \u00c9cris\u00a0: heureux d\u00e8s \u00e0 pr\u00e9sent les morts qui meurent dans le Seigneur ! Oui, dit l\u2019Esprit, afin qu\u2019ils se reposent de leurs travaux, car leurs \u0153uvres les suivent.<\/p>\n<p>&#8212;&#8212;&#8212;&#8212;&#8212;&#8212;<\/p>\n<p>Daniel Poulin<br \/>\n<a title= \" Publication \u00c9vang\u00e9lique \" href= \" https:\/\/publication-evangelique.com \" target= \" _blank \" rel= \" noopener noreferrer \" >https:\/\/publication-evangelique.com<\/a><\/p>\n<p><strong>Adresse de ce blogue :<\/strong> <a href= \" https:\/\/publication-evangelique.com\/?p=16506 \" > https:\/\/publication-evangelique.com\/?p=16506<\/a><\/p>\n<p><strong>De la s\u00e9rie : <\/strong> <a href= \" https:\/\/publication-evangelique.com\/?page_id=16294 \" > Le retour du Seigneur J\u00e9sus-Christ<\/a><\/p>\n","protected":false},"excerpt":{"rendered":"<p>Nous avons parl\u00e9 que dans peu de temps nous assisterons \u00e0 l\u2019apparition d\u2019un gouvernement mondial.<\/p>\n <a class=\"more-link\" href=\"https:\/\/publication-evangelique.com\/?p=16506\"><span class=\"more-msg\">Lire la suite &rarr;<\/span><\/a>","protected":false},"author":1,"featured_media":13082,"comment_status":"open","ping_status":"open","sticky":false,"template":"","format":"standard","meta":{"footnotes":""},"categories":[13,3,862],"tags":[875,877],"class_list":["post-16506","post","type-post","status-publish","format-standard","has-post-thumbnail","hentry","category-fin-des-temps","category-accueil","category-retour-du-seigneur","tag-bete","tag-faux-prophete"],"yoast_head":"<!-- This site is optimized with the Yoast SEO plugin v27.4 - https:\/\/yoast.com\/product\/yoast-seo-wordpress\/ -->\n<title>Le faux proph\u00e8te, l\u2019associ\u00e9 de la b\u00eate. - Publication \u00c9vang\u00e9lique<\/title>\n<meta name=\"robots\" content=\"index, follow, max-snippet:-1, max-image-preview:large, max-video-preview:-1\" \/>\n<link rel=\"canonical\" href=\"https:\/\/publication-evangelique.com\/?p=16506\" \/>\n<meta property=\"og:locale\" content=\"fr_FR\" \/>\n<meta property=\"og:type\" content=\"article\" \/>\n<meta property=\"og:title\" content=\"Le faux proph\u00e8te, l\u2019associ\u00e9 de la b\u00eate. - Publication \u00c9vang\u00e9lique\" \/>\n<meta property=\"og:description\" content=\"Nous avons parl\u00e9 que dans peu de temps nous assisterons \u00e0 l\u2019apparition d\u2019un gouvernement mondial.\" \/>\n<meta property=\"og:url\" content=\"https:\/\/publication-evangelique.com\/?p=16506\" \/>\n<meta property=\"og:site_name\" content=\"Publication \u00c9vang\u00e9lique\" \/>\n<meta property=\"article:publisher\" content=\"https:\/\/www.facebook.com\/danielpoulin75\" \/>\n<meta property=\"article:author\" content=\"https:\/\/www.facebook.com\/danielpoulin75\" \/>\n<meta property=\"article:published_time\" content=\"2020-08-31T09:18:55+00:00\" \/>\n<meta property=\"article:modified_time\" content=\"2020-09-07T23:16:02+00:00\" \/>\n<meta property=\"og:image\" content=\"https:\/\/publication-evangelique.com\/wp-content\/uploads\/1285.jpg\" \/>\n\t<meta property=\"og:image:width\" content=\"1280\" \/>\n\t<meta property=\"og:image:height\" content=\"960\" \/>\n\t<meta property=\"og:image:type\" content=\"image\/jpeg\" \/>\n<meta name=\"author\" content=\"Daniel Poulin\" \/>\n<meta name=\"twitter:label1\" content=\"\u00c9crit par\" \/>\n\t<meta name=\"twitter:data1\" content=\"Daniel Poulin\" \/>\n\t<meta name=\"twitter:label2\" content=\"Dur\u00e9e de lecture estim\u00e9e\" \/>\n\t<meta name=\"twitter:data2\" content=\"6 minutes\" \/>\n<script type=\"application\/ld+json\" class=\"yoast-schema-graph\">{\"@context\":\"https:\\\/\\\/schema.org\",\"@graph\":[{\"@type\":\"Article\",\"@id\":\"https:\\\/\\\/publication-evangelique.com\\\/?p=16506#article\",\"isPartOf\":{\"@id\":\"https:\\\/\\\/publication-evangelique.com\\\/?p=16506\"},\"author\":{\"name\":\"Daniel Poulin\",\"@id\":\"https:\\\/\\\/publication-evangelique.com\\\/#\\\/schema\\\/person\\\/a7aa86223ca614c8c1a737d18c95460c\"},\"headline\":\"Le faux proph\u00e8te, l\u2019associ\u00e9 de la b\u00eate.\",\"datePublished\":\"2020-08-31T09:18:55+00:00\",\"dateModified\":\"2020-09-07T23:16:02+00:00\",\"mainEntityOfPage\":{\"@id\":\"https:\\\/\\\/publication-evangelique.com\\\/?p=16506\"},\"wordCount\":1274,\"commentCount\":0,\"publisher\":{\"@id\":\"https:\\\/\\\/publication-evangelique.com\\\/#\\\/schema\\\/person\\\/a7aa86223ca614c8c1a737d18c95460c\"},\"image\":{\"@id\":\"https:\\\/\\\/publication-evangelique.com\\\/?p=16506#primaryimage\"},\"thumbnailUrl\":\"https:\\\/\\\/publication-evangelique.com\\\/wp-content\\\/uploads\\\/1285.jpg\",\"keywords\":[\"b\u00eate\",\"faux-proph\u00e8te\"],\"articleSection\":[\"Fin des temps\",\"Retour de J\u00e9sus\",\"retour du Seigneur\"],\"inLanguage\":\"fr-FR\"},{\"@type\":\"WebPage\",\"@id\":\"https:\\\/\\\/publication-evangelique.com\\\/?p=16506\",\"url\":\"https:\\\/\\\/publication-evangelique.com\\\/?p=16506\",\"name\":\"Le faux proph\u00e8te, l\u2019associ\u00e9 de la b\u00eate. - Publication \u00c9vang\u00e9lique\",\"isPartOf\":{\"@id\":\"https:\\\/\\\/publication-evangelique.com\\\/#website\"},\"primaryImageOfPage\":{\"@id\":\"https:\\\/\\\/publication-evangelique.com\\\/?p=16506#primaryimage\"},\"image\":{\"@id\":\"https:\\\/\\\/publication-evangelique.com\\\/?p=16506#primaryimage\"},\"thumbnailUrl\":\"https:\\\/\\\/publication-evangelique.com\\\/wp-content\\\/uploads\\\/1285.jpg\",\"datePublished\":\"2020-08-31T09:18:55+00:00\",\"dateModified\":\"2020-09-07T23:16:02+00:00\",\"breadcrumb\":{\"@id\":\"https:\\\/\\\/publication-evangelique.com\\\/?p=16506#breadcrumb\"},\"inLanguage\":\"fr-FR\",\"potentialAction\":[{\"@type\":\"ReadAction\",\"target\":[\"https:\\\/\\\/publication-evangelique.com\\\/?p=16506\"]}]},{\"@type\":\"ImageObject\",\"inLanguage\":\"fr-FR\",\"@id\":\"https:\\\/\\\/publication-evangelique.com\\\/?p=16506#primaryimage\",\"url\":\"https:\\\/\\\/publication-evangelique.com\\\/wp-content\\\/uploads\\\/1285.jpg\",\"contentUrl\":\"https:\\\/\\\/publication-evangelique.com\\\/wp-content\\\/uploads\\\/1285.jpg\",\"width\":1280,\"height\":960},{\"@type\":\"BreadcrumbList\",\"@id\":\"https:\\\/\\\/publication-evangelique.com\\\/?p=16506#breadcrumb\",\"itemListElement\":[{\"@type\":\"ListItem\",\"position\":1,\"name\":\"Accueil\",\"item\":\"https:\\\/\\\/publication-evangelique.com\\\/\"},{\"@type\":\"ListItem\",\"position\":2,\"name\":\"Le faux proph\u00e8te, l\u2019associ\u00e9 de la b\u00eate.\"}]},{\"@type\":\"WebSite\",\"@id\":\"https:\\\/\\\/publication-evangelique.com\\\/#website\",\"url\":\"https:\\\/\\\/publication-evangelique.com\\\/\",\"name\":\"Daniel Poulin - publication-evangelique.com\",\"description\":\"Daniel Poulin\",\"publisher\":{\"@id\":\"https:\\\/\\\/publication-evangelique.com\\\/#\\\/schema\\\/person\\\/a7aa86223ca614c8c1a737d18c95460c\"},\"potentialAction\":[{\"@type\":\"SearchAction\",\"target\":{\"@type\":\"EntryPoint\",\"urlTemplate\":\"https:\\\/\\\/publication-evangelique.com\\\/?s={search_term_string}\"},\"query-input\":{\"@type\":\"PropertyValueSpecification\",\"valueRequired\":true,\"valueName\":\"search_term_string\"}}],\"inLanguage\":\"fr-FR\"},{\"@type\":[\"Person\",\"Organization\"],\"@id\":\"https:\\\/\\\/publication-evangelique.com\\\/#\\\/schema\\\/person\\\/a7aa86223ca614c8c1a737d18c95460c\",\"name\":\"Daniel Poulin\",\"image\":{\"@type\":\"ImageObject\",\"inLanguage\":\"fr-FR\",\"@id\":\"https:\\\/\\\/publication-evangelique.com\\\/wp-content\\\/uploads\\\/daniel5-1.jpg\",\"url\":\"https:\\\/\\\/publication-evangelique.com\\\/wp-content\\\/uploads\\\/daniel5-1.jpg\",\"contentUrl\":\"https:\\\/\\\/publication-evangelique.com\\\/wp-content\\\/uploads\\\/daniel5-1.jpg\",\"width\":833,\"height\":969,\"caption\":\"Daniel Poulin\"},\"logo\":{\"@id\":\"https:\\\/\\\/publication-evangelique.com\\\/wp-content\\\/uploads\\\/daniel5-1.jpg\"},\"description\":\"Bonjour, ici Daniel Poulin! Je suis un chr\u00e9tien n\u00e9 de nouveau depuis 1980, ayant parcouru un cheminement avec le Seigneur J\u00e9sus-Christ, j'ai construit ce site afin de partager mes connaissances de la parole de Dieu \\\" La Bible \\\" Je travaille aussi au d\u00e9veloppement de la station de radio chr\u00e9tienne fran\u00e7aise \u00e0 Montr\u00e9al, \\\" La Radio Gospel \\\" que vous pouvez voir ici http:\\\/\\\/laradiogospel.ca Je fr\u00e9quente aussi une \u00e9glise, dont je pr\u00eache et j\u2019enseigne la parole de Dieu. La communaut\u00e9 \u00c9vang\u00e9lique de l'Agneau \\\" , voici l'adresse, http:\\\/\\\/communauteevangelique.ca\\\/\",\"sameAs\":[\"https:\\\/\\\/publication-evangelique.com\",\"https:\\\/\\\/www.facebook.com\\\/danielpoulin75\",\"https:\\\/\\\/www.linkedin.com\\\/in\\\/daniel-poulin-64614745\\\/\",\"https:\\\/\\\/x.com\\\/https:\\\/\\\/twitter.com\\\/Daniel_Poulin\",\"https:\\\/\\\/www.youtube.com\\\/user\\\/danielpoulin75\\\/videos\"]}]}<\/script>\n<!-- \/ Yoast SEO plugin. -->","yoast_head_json":{"title":"Le faux proph\u00e8te, l\u2019associ\u00e9 de la b\u00eate. - Publication \u00c9vang\u00e9lique","robots":{"index":"index","follow":"follow","max-snippet":"max-snippet:-1","max-image-preview":"max-image-preview:large","max-video-preview":"max-video-preview:-1"},"canonical":"https:\/\/publication-evangelique.com\/?p=16506","og_locale":"fr_FR","og_type":"article","og_title":"Le faux proph\u00e8te, l\u2019associ\u00e9 de la b\u00eate. - Publication \u00c9vang\u00e9lique","og_description":"Nous avons parl\u00e9 que dans peu de temps nous assisterons \u00e0 l\u2019apparition d\u2019un gouvernement mondial.","og_url":"https:\/\/publication-evangelique.com\/?p=16506","og_site_name":"Publication \u00c9vang\u00e9lique","article_publisher":"https:\/\/www.facebook.com\/danielpoulin75","article_author":"https:\/\/www.facebook.com\/danielpoulin75","article_published_time":"2020-08-31T09:18:55+00:00","article_modified_time":"2020-09-07T23:16:02+00:00","og_image":[{"width":1280,"height":960,"url":"https:\/\/publication-evangelique.com\/wp-content\/uploads\/1285.jpg","type":"image\/jpeg"}],"author":"Daniel Poulin","twitter_misc":{"\u00c9crit par":"Daniel Poulin","Dur\u00e9e de lecture estim\u00e9e":"6 minutes"},"schema":{"@context":"https:\/\/schema.org","@graph":[{"@type":"Article","@id":"https:\/\/publication-evangelique.com\/?p=16506#article","isPartOf":{"@id":"https:\/\/publication-evangelique.com\/?p=16506"},"author":{"name":"Daniel Poulin","@id":"https:\/\/publication-evangelique.com\/#\/schema\/person\/a7aa86223ca614c8c1a737d18c95460c"},"headline":"Le faux proph\u00e8te, l\u2019associ\u00e9 de la b\u00eate.","datePublished":"2020-08-31T09:18:55+00:00","dateModified":"2020-09-07T23:16:02+00:00","mainEntityOfPage":{"@id":"https:\/\/publication-evangelique.com\/?p=16506"},"wordCount":1274,"commentCount":0,"publisher":{"@id":"https:\/\/publication-evangelique.com\/#\/schema\/person\/a7aa86223ca614c8c1a737d18c95460c"},"image":{"@id":"https:\/\/publication-evangelique.com\/?p=16506#primaryimage"},"thumbnailUrl":"https:\/\/publication-evangelique.com\/wp-content\/uploads\/1285.jpg","keywords":["b\u00eate","faux-proph\u00e8te"],"articleSection":["Fin des temps","Retour de J\u00e9sus","retour du Seigneur"],"inLanguage":"fr-FR"},{"@type":"WebPage","@id":"https:\/\/publication-evangelique.com\/?p=16506","url":"https:\/\/publication-evangelique.com\/?p=16506","name":"Le faux proph\u00e8te, l\u2019associ\u00e9 de la b\u00eate. - Publication \u00c9vang\u00e9lique","isPartOf":{"@id":"https:\/\/publication-evangelique.com\/#website"},"primaryImageOfPage":{"@id":"https:\/\/publication-evangelique.com\/?p=16506#primaryimage"},"image":{"@id":"https:\/\/publication-evangelique.com\/?p=16506#primaryimage"},"thumbnailUrl":"https:\/\/publication-evangelique.com\/wp-content\/uploads\/1285.jpg","datePublished":"2020-08-31T09:18:55+00:00","dateModified":"2020-09-07T23:16:02+00:00","breadcrumb":{"@id":"https:\/\/publication-evangelique.com\/?p=16506#breadcrumb"},"inLanguage":"fr-FR","potentialAction":[{"@type":"ReadAction","target":["https:\/\/publication-evangelique.com\/?p=16506"]}]},{"@type":"ImageObject","inLanguage":"fr-FR","@id":"https:\/\/publication-evangelique.com\/?p=16506#primaryimage","url":"https:\/\/publication-evangelique.com\/wp-content\/uploads\/1285.jpg","contentUrl":"https:\/\/publication-evangelique.com\/wp-content\/uploads\/1285.jpg","width":1280,"height":960},{"@type":"BreadcrumbList","@id":"https:\/\/publication-evangelique.com\/?p=16506#breadcrumb","itemListElement":[{"@type":"ListItem","position":1,"name":"Accueil","item":"https:\/\/publication-evangelique.com\/"},{"@type":"ListItem","position":2,"name":"Le faux proph\u00e8te, l\u2019associ\u00e9 de la b\u00eate."}]},{"@type":"WebSite","@id":"https:\/\/publication-evangelique.com\/#website","url":"https:\/\/publication-evangelique.com\/","name":"Daniel Poulin - publication-evangelique.com","description":"Daniel Poulin","publisher":{"@id":"https:\/\/publication-evangelique.com\/#\/schema\/person\/a7aa86223ca614c8c1a737d18c95460c"},"potentialAction":[{"@type":"SearchAction","target":{"@type":"EntryPoint","urlTemplate":"https:\/\/publication-evangelique.com\/?s={search_term_string}"},"query-input":{"@type":"PropertyValueSpecification","valueRequired":true,"valueName":"search_term_string"}}],"inLanguage":"fr-FR"},{"@type":["Person","Organization"],"@id":"https:\/\/publication-evangelique.com\/#\/schema\/person\/a7aa86223ca614c8c1a737d18c95460c","name":"Daniel Poulin","image":{"@type":"ImageObject","inLanguage":"fr-FR","@id":"https:\/\/publication-evangelique.com\/wp-content\/uploads\/daniel5-1.jpg","url":"https:\/\/publication-evangelique.com\/wp-content\/uploads\/daniel5-1.jpg","contentUrl":"https:\/\/publication-evangelique.com\/wp-content\/uploads\/daniel5-1.jpg","width":833,"height":969,"caption":"Daniel Poulin"},"logo":{"@id":"https:\/\/publication-evangelique.com\/wp-content\/uploads\/daniel5-1.jpg"},"description":"Bonjour, ici Daniel Poulin! Je suis un chr\u00e9tien n\u00e9 de nouveau depuis 1980, ayant parcouru un cheminement avec le Seigneur J\u00e9sus-Christ, j'ai construit ce site afin de partager mes connaissances de la parole de Dieu \" La Bible \" Je travaille aussi au d\u00e9veloppement de la station de radio chr\u00e9tienne fran\u00e7aise \u00e0 Montr\u00e9al, \" La Radio Gospel \" que vous pouvez voir ici http:\/\/laradiogospel.ca Je fr\u00e9quente aussi une \u00e9glise, dont je pr\u00eache et j\u2019enseigne la parole de Dieu. La communaut\u00e9 \u00c9vang\u00e9lique de l'Agneau \" , voici l'adresse, http:\/\/communauteevangelique.ca\/","sameAs":["https:\/\/publication-evangelique.com","https:\/\/www.facebook.com\/danielpoulin75","https:\/\/www.linkedin.com\/in\/daniel-poulin-64614745\/","https:\/\/x.com\/https:\/\/twitter.com\/Daniel_Poulin","https:\/\/www.youtube.com\/user\/danielpoulin75\/videos"]}]}},"_links":{"self":[{"href":"https:\/\/publication-evangelique.com\/index.php?rest_route=\/wp\/v2\/posts\/16506","targetHints":{"allow":["GET"]}}],"collection":[{"href":"https:\/\/publication-evangelique.com\/index.php?rest_route=\/wp\/v2\/posts"}],"about":[{"href":"https:\/\/publication-evangelique.com\/index.php?rest_route=\/wp\/v2\/types\/post"}],"author":[{"embeddable":true,"href":"https:\/\/publication-evangelique.com\/index.php?rest_route=\/wp\/v2\/users\/1"}],"replies":[{"embeddable":true,"href":"https:\/\/publication-evangelique.com\/index.php?rest_route=%2Fwp%2Fv2%2Fcomments&post=16506"}],"version-history":[{"count":0,"href":"https:\/\/publication-evangelique.com\/index.php?rest_route=\/wp\/v2\/posts\/16506\/revisions"}],"wp:featuredmedia":[{"embeddable":true,"href":"https:\/\/publication-evangelique.com\/index.php?rest_route=\/wp\/v2\/media\/13082"}],"wp:attachment":[{"href":"https:\/\/publication-evangelique.com\/index.php?rest_route=%2Fwp%2Fv2%2Fmedia&parent=16506"}],"wp:term":[{"taxonomy":"category","embeddable":true,"href":"https:\/\/publication-evangelique.com\/index.php?rest_route=%2Fwp%2Fv2%2Fcategories&post=16506"},{"taxonomy":"post_tag","embeddable":true,"href":"https:\/\/publication-evangelique.com\/index.php?rest_route=%2Fwp%2Fv2%2Ftags&post=16506"}],"curies":[{"name":"wp","href":"https:\/\/api.w.org\/{rel}","templated":true}]}}