{"id":16530,"date":"2020-09-12T15:54:24","date_gmt":"2020-09-12T20:54:24","guid":{"rendered":"http:\/\/publication-evangelique.com\/?p=16530"},"modified":"2020-09-12T15:54:24","modified_gmt":"2020-09-12T20:54:24","slug":"les-2-temoins-et-leglise","status":"publish","type":"post","link":"https:\/\/publication-evangelique.com\/?p=16530","title":{"rendered":"Les 2\u00a0t\u00e9moins et l\u2019\u00c9glise."},"content":{"rendered":"<h3>La Bible nous parle des deux t\u00e9moins qui seront des porte-parole de Dieu,&#8230;<\/h3>\n<p><audio style= \" width: 480px; \" src= \" https:\/\/publication-evangelique.com\/media\/le_retour_du_seigneur\/24\/20_09_05.mp3 \" preload= \" none \" controls= \" controls \" ><\/audio><br \/>\n<strong>T\u00e9l\u00e9charger &#8211;&gt; <\/strong><a href= \" https:\/\/publication-evangelique.com\/media\/le_retour_du_seigneur\/24\/20_09_05.mp3 \" >MP3<\/a><\/p>\n<p>&#8211; pr\u00eachant la repentance et l\u2019ob\u00e9issance \u00e0 Dieu pendant la p\u00e9riode du r\u00e8gne de l\u2019ant\u00e9christ de 3 1\/2 ans.<\/p>\n<p><strong>Il y a plusieurs hypoth\u00e8ses sur ces deux personnes. Certains pensent \u00e0 deux anciens proph\u00e8tes de l\u2019Ancien Testament. \u00c9lie et \u00c9noc. Il n\u2019y a aucune base biblique pour affirmer cela. <!--more--><br \/>\nRegardons ce passage.<br \/>\n<a href= \" https:\/\/bible.publication-evangelique.com\/apocalypse#11.3 \" rel= \" noopener noreferrer \" target= \" _blank \" >Apocalypse\u00a011:3-4<\/a><\/strong> je donnerai \u00e0 mes deux t\u00e9moins le pouvoir de proph\u00e9tiser, rev\u00eatus de sacs, pendant mille deux cent soixante jours. 4 Ce sont les deux oliviers et les deux chandeliers qui se tiennent devant le Seigneur de la terre.<\/p>\n<p><strong>Pour comprendre qui sont ces gens, il faut regarder d\u2019autre passage des \u00e9critures.<br \/>\n<a href= \" https:\/\/bible.publication-evangelique.com\/zacharie#4.2 \" rel= \" noopener noreferrer \" target= \" _blank \" >Zacharie 4:2-3<\/a><\/strong> Il me dit\u00a0: Que vois-tu\u00a0? Je r\u00e9pondis\u00a0: Je regarde, et voici, il y a un chandelier tout d\u2019or, surmont\u00e9 d\u2019un vase et portant sept lampes, avec sept conduits pour les lampes qui sont au sommet du chandelier ; 3 et il y a pr\u00e8s de lui deux oliviers, l\u2019un \u00e0 la droite du vase, et l\u2019autre \u00e0 sa gauche.<\/p>\n<p><strong>Voici la r\u00e9v\u00e9lation\u00a0:<br \/>\n<a href= \" https:\/\/bible.publication-evangelique.com\/zacharie#4.11 \" rel= \" noopener noreferrer \" target= \" _blank \" >Zacharie\u00a04:11<\/a><\/strong> je pris la parole et je lui dis\u00a0: que signifient ces deux oliviers, \u00e0 la droite du chandelier et \u00e0 sa gauche ? 1<\/p>\n<p><strong><a href= \" https:\/\/bible.publication-evangelique.com\/zacharie#4.13 \" rel= \" noopener noreferrer \" target= \" _blank \" >Zacharie 4:13-14<\/a> <\/strong> Il me r\u00e9pondit\u00a0: Ne sais-tu pas ce qu\u2019ils signifient\u00a0? Je dis\u00a0: Non, mon seigneur. 14 Et il dit\u00a0: ce sont les deux oints qui se tiennent devant le Seigneur de toute la terre.<\/p>\n<p>Deux personnes ointes pour un minist\u00e8re de se tenir devant Dieu.<\/p>\n<p><strong>Et pour comprendre ce que repr\u00e9sentent les deux chandeliers.<br \/>\n<a href= \" https:\/\/bible.publication-evangelique.com\/apocalypse#1.20 \" rel= \" noopener noreferrer \" target= \" _blank \" >Apocalypse\u00a01:20<\/a><\/strong> le myst\u00e8re des sept \u00e9toiles que tu as vues dans ma main droite, et des sept chandeliers d\u2019or. Les sept \u00e9toiles sont les anges des sept \u00c9glises, et les sept chandeliers sont les sept \u00c9glises.<\/p>\n<p>Parmi les 7\u00a0\u00e9glises. Il y a seulement deux \u00e9glises sur les sept \u00e9glises qui n\u2019ont pas eu de reproche par le Seigneur. Smyrne\u00a0et Philadelphie.<\/p>\n<p><strong>Les deux t\u00e9moins ont \u00e9t\u00e9 envoy\u00e9s par Dieu pour accomplir un puissant minist\u00e8re d\u2019\u00e9vang\u00e9lisation.<br \/>\nIls \u00e9vang\u00e9liseront avec des proph\u00e9ties et des signes, prodigues, et les miracles du Saint-Esprit.<br \/>\n<a href= \" https:\/\/bible.publication-evangelique.com\/apocalypse#11.5 \" rel= \" noopener noreferrer \" target= \" _blank \" >Apocalypse\u00a011:5-6<\/a><\/strong> Si quelqu\u2019un veut leur faire du mal, du feu sort de leur bouche et d\u00e9vore leurs ennemis ; et si quelqu\u2019un veut leur faire du mal, il faut qu\u2019il soit tu\u00e9 de cette mani\u00e8re. 6 Ils ont le pouvoir de fermer le ciel, afin qu\u2019il ne tombe point de pluie pendant les jours de leur proph\u00e9tie ; et ils ont le pouvoir de changer les eaux en sang, et de frapper la terre de toute esp\u00e8ce de plaie, chaque fois qu\u2019ils le voudront.<\/p>\n<p><strong>Lorsque les t\u00e9moins auront fini leurs t\u00e9moignages, L\u2019ant\u00e9christ leur fera la guerre.<br \/>\nCes envoy\u00e9s de Dieu subiront une pers\u00e9cution meurtri\u00e8re.<br \/>\n<a href= \" https:\/\/bible.publication-evangelique.com\/apocalypse#11.7 \" rel= \" noopener noreferrer \" target= \" _blank \" >Apocalypse\u00a011:7-8<\/a><\/strong> Quand ils auront achev\u00e9 leur t\u00e9moignage, la b\u00eate qui monte de l\u2019ab\u00eeme leur fera la guerre, les vaincra, et les tuera. 8 Et leurs cadavres seront sur la place de la grande ville, qui est appel\u00e9e, dans un sens spirituel, Sodome et \u00c9gypte, l\u00e0 m\u00eame o\u00f9 leur Seigneur a \u00e9t\u00e9 crucifi\u00e9.<\/p>\n<p><strong>Toute la plan\u00e8te sera t\u00e9moin de ce massacre, et ils ne les permettront pas de mourir avec dignit\u00e9.<br \/>\n<a href= \" https:\/\/bible.publication-evangelique.com\/apocalypse#11.9 \" rel= \" noopener noreferrer \" target= \" _blank \" >Apocalypse\u00a011:9<\/a><\/strong> des hommes d\u2019entre les peuples, les tribus, les langues, et les nations verront leurs cadavres pendant trois jours et demi, et ils ne permettront pas que leurs cadavres soient mis dans un s\u00e9pulcre. <\/p>\n<p><strong>Les habitants de la terre se r\u00e9jouiront de cette pers\u00e9cution parce que ces proph\u00e8tes tourmentaient les habitants de la terre avec leurs pr\u00e9dications<br \/>\n<a href= \" https:\/\/bible.publication-evangelique.com\/apocalypse#11.10 \" rel= \" noopener noreferrer \" target= \" _blank \" >Apocalypse\u00a011:10<\/a><\/strong> Et \u00e0 cause d\u2019eux les habitants de la terre se r\u00e9jouiront et seront dans l\u2019all\u00e9gresse, et ils s\u2019enverront des pr\u00e9sents les uns aux autres, parce que ces deux proph\u00e8tes ont tourment\u00e9 les habitants de la terre.<\/p>\n<p><strong>Cela nous permet de comprendre la pers\u00e9cution massive contre les chr\u00e9tiens par le gouvernement mondial.<br \/>\n<a href= \" https:\/\/bible.publication-evangelique.com\/apocalypse#13.7 \" rel= \" noopener noreferrer \" target= \" _blank \" >Apocalypse\u00a013:7<\/a><\/strong> Et il lui fut donn\u00e9 de faire la guerre aux saints, et de les vaincre. Et il lui fut donn\u00e9 autorit\u00e9 sur toute tribu, tout peuple, toute langue, et toute nation.<\/p>\n<p><strong>Cette pers\u00e9cution sera jusqu\u2019au retour de J\u00e9sus pour l\u2019enl\u00e8vement de l\u2019\u00e9glise et l\u2019\u00e9tablissement du royaume de Dieu sur la terre.<br \/>\n<a href= \" https:\/\/bible.publication-evangelique.com\/daniel#7.21 \" rel= \" noopener noreferrer \" target= \" _blank \" >Daniel\u00a07:21-22<\/a><\/strong> Je vis cette corne faire la guerre aux saints, et l\u2019emporter sur eux, 22 jusqu\u2019au moment o\u00f9 l\u2019ancien des jours vint donner droit aux saints du Tr\u00e8s-Haut, et le temps arriva o\u00f9 les saints furent en possession du royaume.<\/p>\n<p>Oui il y aura une grande pers\u00e9cution, mais la grande tribulation sera une tr\u00e8s grande opportunit\u00e9 pour l\u2019\u00e9vang\u00e9lisation mondiale et une cueillette d\u2019une grande multitude d\u2019\u00e2mes.<\/p>\n<p><strong>L\u2019apocalypse nous r\u00e9v\u00e8le qu\u2019une multitude de personnes seront lav\u00e9es dans le sang de J\u00e9sus et qu\u2019ils seront mis \u00e0 mort pendant la grande tribulation. Le r\u00e9sultat du minist\u00e8re des deux t\u00e9moins et leurs \u00e9quipes.<br \/>\n<a href= \" https:\/\/bible.publication-evangelique.com\/apocalypse#7.9 \" rel= \" noopener noreferrer \" target= \" _blank \" >Apocalypse 7:9-17<\/a><\/strong> Apr\u00e8s cela, je regardai, et voici, il y avait une grande foule, que personne ne pouvait compter, de toute nation, de toute tribu, de tout peuple, et de toute langue. Ils se tenaient devant le tr\u00f4ne et devant l\u2019agneau, rev\u00eatus de robes blanches, et des palmes dans leurs mains. 10 Et ils criaient d\u2019une voix forte, en disant\u00a0: le salut est \u00e0 notre Dieu qui est assis sur le tr\u00f4ne, et \u00e0 l\u2019agneau. 11 Et tous les anges se tenaient autour du tr\u00f4ne et des vieillards et des quatre \u00eatres vivants ; et ils se prostern\u00e8rent sur leurs faces devant le tr\u00f4ne, et ils ador\u00e8rent Dieu, 12 en disant\u00a0: amen ! La louange, la gloire, la sagesse, l\u2019action de gr\u00e2ces, l\u2019honneur, la puissance, et la force, soient \u00e0 notre Dieu, aux si\u00e8cles des si\u00e8cles ! Amen ! 13 Et l\u2019un des vieillards prit la parole et me dit\u00a0: ceux qui sont rev\u00eatus de robes blanches, qui sont-ils, et d\u2019o\u00f9 sont-ils venus ? 14 Je lui dis\u00a0: mon seigneur, tu le sais. Et il me dit\u00a0: ce sont ceux qui viennent de la grande tribulation ; ils ont lav\u00e9 leurs robes, et ils les ont blanchies dans le sang de l\u2019agneau. 15 C\u2019est pour cela qu\u2019ils sont devant le tr\u00f4ne de Dieu, et le servent jour et nuit dans son temple. Celui qui est assis sur le tr\u00f4ne dressera sa tente sur eux ; 16 ils n\u2019auront plus faim, ils n\u2019auront plus soif, et le soleil ne les frappera point, ni aucune chaleur. 17 Car l\u2019agneau qui est au milieu du tr\u00f4ne les pa\u00eetra et les conduira aux sources des eaux de la vie, et Dieu essuiera toute larme de leurs yeux.<\/p>\n<p><strong>Parmi les gens qui ressusciteront pour le r\u00e8gne de 1000, il y aura des gens qui auront \u00e9t\u00e9 pers\u00e9cut\u00e9s et tu\u00e9s par le gouvernement mondial.<br \/>\n<a href= \" https:\/\/bible.publication-evangelique.com\/apocalypse#20.4 \" rel= \" noopener noreferrer \" target= \" _blank \" >Apocalypse\u00a020:4<\/a><\/strong> et je vis des tr\u00f4nes ; et \u00e0 ceux qui s\u2019y assirent fut donn\u00e9 le pouvoir de juger. Et je vis les \u00e2mes de ceux qui avaient \u00e9t\u00e9 d\u00e9capit\u00e9s \u00e0 cause du t\u00e9moignage de J\u00e9sus et \u00e0 cause de la parole de Dieu, et de ceux qui n\u2019avaient pas ador\u00e9 la b\u00eate ni son image, et qui n\u2019avaient pas re\u00e7u la marque sur leur front et sur leur main. Ils revinrent \u00e0 la vie, et ils r\u00e9gn\u00e8rent avec Christ pendant mille ans.<\/p>\n<p>&#8212;&#8212;&#8212;&#8212;&#8212;&#8212;<\/p>\n<p>Daniel Poulin<br \/>\n<a title= \" Publication \u00c9vang\u00e9lique \" href= \" https:\/\/publication-evangelique.com \" target= \" _blank \" rel= \" noopener noreferrer \" >https:\/\/publication-evangelique.com<\/a><\/p>\n<p><strong>Adresse de ce blogue :<\/strong> <a href= \" https:\/\/publication-evangelique.com\/?p=16516 \" > https:\/\/publication-evangelique.com\/?p=16516<\/a><\/p>\n<p><strong>De la s\u00e9rie : <\/strong> <a href= \" https:\/\/publication-evangelique.com\/?page_id=16294 \" > Le retour du Seigneur J\u00e9sus-Christ<\/a><\/p>\n","protected":false},"excerpt":{"rendered":"<p>La Bible nous parle des deux t\u00e9moins qui seront des porte-parole de Dieu, pr\u00eachant la repentance et l\u2019ob\u00e9issance \u00e0 Dieu pendant la p\u00e9riode du r\u00e8gne de l\u2019ant\u00e9christ de 3 1\/2 ans.<\/p>\n <a class=\"more-link\" href=\"https:\/\/publication-evangelique.com\/?p=16530\"><span class=\"more-msg\">Lire la suite &rarr;<\/span><\/a>","protected":false},"author":1,"featured_media":13115,"comment_status":"open","ping_status":"open","sticky":false,"template":"","format":"standard","meta":{"footnotes":""},"categories":[13,3,862],"tags":[880,313],"class_list":["post-16530","post","type-post","status-publish","format-standard","has-post-thumbnail","hentry","category-fin-des-temps","category-accueil","category-retour-du-seigneur","tag-deux","tag-temoins"],"yoast_head":"<!-- This site is optimized with the Yoast SEO plugin v27.4 - https:\/\/yoast.com\/product\/yoast-seo-wordpress\/ -->\n<title>Les 2\u00a0t\u00e9moins et l\u2019\u00c9glise. - Publication \u00c9vang\u00e9lique<\/title>\n<meta name=\"robots\" content=\"index, follow, max-snippet:-1, max-image-preview:large, max-video-preview:-1\" \/>\n<link rel=\"canonical\" href=\"https:\/\/publication-evangelique.com\/?p=16530\" \/>\n<meta property=\"og:locale\" content=\"fr_FR\" \/>\n<meta property=\"og:type\" content=\"article\" \/>\n<meta property=\"og:title\" content=\"Les 2\u00a0t\u00e9moins et l\u2019\u00c9glise. - Publication \u00c9vang\u00e9lique\" \/>\n<meta property=\"og:description\" content=\"La Bible nous parle des deux t\u00e9moins qui seront des porte-parole de Dieu, pr\u00eachant la repentance et l\u2019ob\u00e9issance \u00e0 Dieu pendant la p\u00e9riode du r\u00e8gne de l\u2019ant\u00e9christ de 3 1\/2 ans.\" \/>\n<meta property=\"og:url\" content=\"https:\/\/publication-evangelique.com\/?p=16530\" \/>\n<meta property=\"og:site_name\" content=\"Publication \u00c9vang\u00e9lique\" \/>\n<meta property=\"article:publisher\" content=\"https:\/\/www.facebook.com\/danielpoulin75\" \/>\n<meta property=\"article:author\" content=\"https:\/\/www.facebook.com\/danielpoulin75\" \/>\n<meta property=\"article:published_time\" content=\"2020-09-12T20:54:24+00:00\" \/>\n<meta property=\"og:image\" content=\"https:\/\/publication-evangelique.com\/wp-content\/uploads\/1319.jpg\" \/>\n\t<meta property=\"og:image:width\" content=\"1280\" \/>\n\t<meta property=\"og:image:height\" content=\"960\" \/>\n\t<meta property=\"og:image:type\" content=\"image\/jpeg\" \/>\n<meta name=\"author\" content=\"Daniel Poulin\" \/>\n<meta name=\"twitter:label1\" content=\"\u00c9crit par\" \/>\n\t<meta name=\"twitter:data1\" content=\"Daniel Poulin\" \/>\n\t<meta name=\"twitter:label2\" content=\"Dur\u00e9e de lecture estim\u00e9e\" \/>\n\t<meta name=\"twitter:data2\" content=\"7 minutes\" \/>\n<script type=\"application\/ld+json\" class=\"yoast-schema-graph\">{\"@context\":\"https:\\\/\\\/schema.org\",\"@graph\":[{\"@type\":\"Article\",\"@id\":\"https:\\\/\\\/publication-evangelique.com\\\/?p=16530#article\",\"isPartOf\":{\"@id\":\"https:\\\/\\\/publication-evangelique.com\\\/?p=16530\"},\"author\":{\"name\":\"Daniel Poulin\",\"@id\":\"https:\\\/\\\/publication-evangelique.com\\\/#\\\/schema\\\/person\\\/a7aa86223ca614c8c1a737d18c95460c\"},\"headline\":\"Les 2\u00a0t\u00e9moins et l\u2019\u00c9glise.\",\"datePublished\":\"2020-09-12T20:54:24+00:00\",\"mainEntityOfPage\":{\"@id\":\"https:\\\/\\\/publication-evangelique.com\\\/?p=16530\"},\"wordCount\":1319,\"commentCount\":0,\"publisher\":{\"@id\":\"https:\\\/\\\/publication-evangelique.com\\\/#\\\/schema\\\/person\\\/a7aa86223ca614c8c1a737d18c95460c\"},\"image\":{\"@id\":\"https:\\\/\\\/publication-evangelique.com\\\/?p=16530#primaryimage\"},\"thumbnailUrl\":\"https:\\\/\\\/publication-evangelique.com\\\/wp-content\\\/uploads\\\/1319.jpg\",\"keywords\":[\"deux\",\"t\u00e9moins\"],\"articleSection\":[\"Fin des temps\",\"Retour de J\u00e9sus\",\"retour du Seigneur\"],\"inLanguage\":\"fr-FR\"},{\"@type\":\"WebPage\",\"@id\":\"https:\\\/\\\/publication-evangelique.com\\\/?p=16530\",\"url\":\"https:\\\/\\\/publication-evangelique.com\\\/?p=16530\",\"name\":\"Les 2\u00a0t\u00e9moins et l\u2019\u00c9glise. - Publication \u00c9vang\u00e9lique\",\"isPartOf\":{\"@id\":\"https:\\\/\\\/publication-evangelique.com\\\/#website\"},\"primaryImageOfPage\":{\"@id\":\"https:\\\/\\\/publication-evangelique.com\\\/?p=16530#primaryimage\"},\"image\":{\"@id\":\"https:\\\/\\\/publication-evangelique.com\\\/?p=16530#primaryimage\"},\"thumbnailUrl\":\"https:\\\/\\\/publication-evangelique.com\\\/wp-content\\\/uploads\\\/1319.jpg\",\"datePublished\":\"2020-09-12T20:54:24+00:00\",\"breadcrumb\":{\"@id\":\"https:\\\/\\\/publication-evangelique.com\\\/?p=16530#breadcrumb\"},\"inLanguage\":\"fr-FR\",\"potentialAction\":[{\"@type\":\"ReadAction\",\"target\":[\"https:\\\/\\\/publication-evangelique.com\\\/?p=16530\"]}]},{\"@type\":\"ImageObject\",\"inLanguage\":\"fr-FR\",\"@id\":\"https:\\\/\\\/publication-evangelique.com\\\/?p=16530#primaryimage\",\"url\":\"https:\\\/\\\/publication-evangelique.com\\\/wp-content\\\/uploads\\\/1319.jpg\",\"contentUrl\":\"https:\\\/\\\/publication-evangelique.com\\\/wp-content\\\/uploads\\\/1319.jpg\",\"width\":1280,\"height\":960},{\"@type\":\"BreadcrumbList\",\"@id\":\"https:\\\/\\\/publication-evangelique.com\\\/?p=16530#breadcrumb\",\"itemListElement\":[{\"@type\":\"ListItem\",\"position\":1,\"name\":\"Accueil\",\"item\":\"https:\\\/\\\/publication-evangelique.com\\\/\"},{\"@type\":\"ListItem\",\"position\":2,\"name\":\"Les 2\u00a0t\u00e9moins et l\u2019\u00c9glise.\"}]},{\"@type\":\"WebSite\",\"@id\":\"https:\\\/\\\/publication-evangelique.com\\\/#website\",\"url\":\"https:\\\/\\\/publication-evangelique.com\\\/\",\"name\":\"Daniel Poulin - publication-evangelique.com\",\"description\":\"Daniel Poulin\",\"publisher\":{\"@id\":\"https:\\\/\\\/publication-evangelique.com\\\/#\\\/schema\\\/person\\\/a7aa86223ca614c8c1a737d18c95460c\"},\"potentialAction\":[{\"@type\":\"SearchAction\",\"target\":{\"@type\":\"EntryPoint\",\"urlTemplate\":\"https:\\\/\\\/publication-evangelique.com\\\/?s={search_term_string}\"},\"query-input\":{\"@type\":\"PropertyValueSpecification\",\"valueRequired\":true,\"valueName\":\"search_term_string\"}}],\"inLanguage\":\"fr-FR\"},{\"@type\":[\"Person\",\"Organization\"],\"@id\":\"https:\\\/\\\/publication-evangelique.com\\\/#\\\/schema\\\/person\\\/a7aa86223ca614c8c1a737d18c95460c\",\"name\":\"Daniel Poulin\",\"image\":{\"@type\":\"ImageObject\",\"inLanguage\":\"fr-FR\",\"@id\":\"https:\\\/\\\/publication-evangelique.com\\\/wp-content\\\/uploads\\\/daniel5-1.jpg\",\"url\":\"https:\\\/\\\/publication-evangelique.com\\\/wp-content\\\/uploads\\\/daniel5-1.jpg\",\"contentUrl\":\"https:\\\/\\\/publication-evangelique.com\\\/wp-content\\\/uploads\\\/daniel5-1.jpg\",\"width\":833,\"height\":969,\"caption\":\"Daniel Poulin\"},\"logo\":{\"@id\":\"https:\\\/\\\/publication-evangelique.com\\\/wp-content\\\/uploads\\\/daniel5-1.jpg\"},\"description\":\"Bonjour, ici Daniel Poulin! Je suis un chr\u00e9tien n\u00e9 de nouveau depuis 1980, ayant parcouru un cheminement avec le Seigneur J\u00e9sus-Christ, j'ai construit ce site afin de partager mes connaissances de la parole de Dieu \\\" La Bible \\\" Je travaille aussi au d\u00e9veloppement de la station de radio chr\u00e9tienne fran\u00e7aise \u00e0 Montr\u00e9al, \\\" La Radio Gospel \\\" que vous pouvez voir ici http:\\\/\\\/laradiogospel.ca Je fr\u00e9quente aussi une \u00e9glise, dont je pr\u00eache et j\u2019enseigne la parole de Dieu. La communaut\u00e9 \u00c9vang\u00e9lique de l'Agneau \\\" , voici l'adresse, http:\\\/\\\/communauteevangelique.ca\\\/\",\"sameAs\":[\"https:\\\/\\\/publication-evangelique.com\",\"https:\\\/\\\/www.facebook.com\\\/danielpoulin75\",\"https:\\\/\\\/www.linkedin.com\\\/in\\\/daniel-poulin-64614745\\\/\",\"https:\\\/\\\/x.com\\\/https:\\\/\\\/twitter.com\\\/Daniel_Poulin\",\"https:\\\/\\\/www.youtube.com\\\/user\\\/danielpoulin75\\\/videos\"]}]}<\/script>\n<!-- \/ Yoast SEO plugin. -->","yoast_head_json":{"title":"Les 2\u00a0t\u00e9moins et l\u2019\u00c9glise. - Publication \u00c9vang\u00e9lique","robots":{"index":"index","follow":"follow","max-snippet":"max-snippet:-1","max-image-preview":"max-image-preview:large","max-video-preview":"max-video-preview:-1"},"canonical":"https:\/\/publication-evangelique.com\/?p=16530","og_locale":"fr_FR","og_type":"article","og_title":"Les 2\u00a0t\u00e9moins et l\u2019\u00c9glise. - Publication \u00c9vang\u00e9lique","og_description":"La Bible nous parle des deux t\u00e9moins qui seront des porte-parole de Dieu, pr\u00eachant la repentance et l\u2019ob\u00e9issance \u00e0 Dieu pendant la p\u00e9riode du r\u00e8gne de l\u2019ant\u00e9christ de 3 1\/2 ans.","og_url":"https:\/\/publication-evangelique.com\/?p=16530","og_site_name":"Publication \u00c9vang\u00e9lique","article_publisher":"https:\/\/www.facebook.com\/danielpoulin75","article_author":"https:\/\/www.facebook.com\/danielpoulin75","article_published_time":"2020-09-12T20:54:24+00:00","og_image":[{"width":1280,"height":960,"url":"https:\/\/publication-evangelique.com\/wp-content\/uploads\/1319.jpg","type":"image\/jpeg"}],"author":"Daniel Poulin","twitter_misc":{"\u00c9crit par":"Daniel Poulin","Dur\u00e9e de lecture estim\u00e9e":"7 minutes"},"schema":{"@context":"https:\/\/schema.org","@graph":[{"@type":"Article","@id":"https:\/\/publication-evangelique.com\/?p=16530#article","isPartOf":{"@id":"https:\/\/publication-evangelique.com\/?p=16530"},"author":{"name":"Daniel Poulin","@id":"https:\/\/publication-evangelique.com\/#\/schema\/person\/a7aa86223ca614c8c1a737d18c95460c"},"headline":"Les 2\u00a0t\u00e9moins et l\u2019\u00c9glise.","datePublished":"2020-09-12T20:54:24+00:00","mainEntityOfPage":{"@id":"https:\/\/publication-evangelique.com\/?p=16530"},"wordCount":1319,"commentCount":0,"publisher":{"@id":"https:\/\/publication-evangelique.com\/#\/schema\/person\/a7aa86223ca614c8c1a737d18c95460c"},"image":{"@id":"https:\/\/publication-evangelique.com\/?p=16530#primaryimage"},"thumbnailUrl":"https:\/\/publication-evangelique.com\/wp-content\/uploads\/1319.jpg","keywords":["deux","t\u00e9moins"],"articleSection":["Fin des temps","Retour de J\u00e9sus","retour du Seigneur"],"inLanguage":"fr-FR"},{"@type":"WebPage","@id":"https:\/\/publication-evangelique.com\/?p=16530","url":"https:\/\/publication-evangelique.com\/?p=16530","name":"Les 2\u00a0t\u00e9moins et l\u2019\u00c9glise. - Publication \u00c9vang\u00e9lique","isPartOf":{"@id":"https:\/\/publication-evangelique.com\/#website"},"primaryImageOfPage":{"@id":"https:\/\/publication-evangelique.com\/?p=16530#primaryimage"},"image":{"@id":"https:\/\/publication-evangelique.com\/?p=16530#primaryimage"},"thumbnailUrl":"https:\/\/publication-evangelique.com\/wp-content\/uploads\/1319.jpg","datePublished":"2020-09-12T20:54:24+00:00","breadcrumb":{"@id":"https:\/\/publication-evangelique.com\/?p=16530#breadcrumb"},"inLanguage":"fr-FR","potentialAction":[{"@type":"ReadAction","target":["https:\/\/publication-evangelique.com\/?p=16530"]}]},{"@type":"ImageObject","inLanguage":"fr-FR","@id":"https:\/\/publication-evangelique.com\/?p=16530#primaryimage","url":"https:\/\/publication-evangelique.com\/wp-content\/uploads\/1319.jpg","contentUrl":"https:\/\/publication-evangelique.com\/wp-content\/uploads\/1319.jpg","width":1280,"height":960},{"@type":"BreadcrumbList","@id":"https:\/\/publication-evangelique.com\/?p=16530#breadcrumb","itemListElement":[{"@type":"ListItem","position":1,"name":"Accueil","item":"https:\/\/publication-evangelique.com\/"},{"@type":"ListItem","position":2,"name":"Les 2\u00a0t\u00e9moins et l\u2019\u00c9glise."}]},{"@type":"WebSite","@id":"https:\/\/publication-evangelique.com\/#website","url":"https:\/\/publication-evangelique.com\/","name":"Daniel Poulin - publication-evangelique.com","description":"Daniel Poulin","publisher":{"@id":"https:\/\/publication-evangelique.com\/#\/schema\/person\/a7aa86223ca614c8c1a737d18c95460c"},"potentialAction":[{"@type":"SearchAction","target":{"@type":"EntryPoint","urlTemplate":"https:\/\/publication-evangelique.com\/?s={search_term_string}"},"query-input":{"@type":"PropertyValueSpecification","valueRequired":true,"valueName":"search_term_string"}}],"inLanguage":"fr-FR"},{"@type":["Person","Organization"],"@id":"https:\/\/publication-evangelique.com\/#\/schema\/person\/a7aa86223ca614c8c1a737d18c95460c","name":"Daniel Poulin","image":{"@type":"ImageObject","inLanguage":"fr-FR","@id":"https:\/\/publication-evangelique.com\/wp-content\/uploads\/daniel5-1.jpg","url":"https:\/\/publication-evangelique.com\/wp-content\/uploads\/daniel5-1.jpg","contentUrl":"https:\/\/publication-evangelique.com\/wp-content\/uploads\/daniel5-1.jpg","width":833,"height":969,"caption":"Daniel Poulin"},"logo":{"@id":"https:\/\/publication-evangelique.com\/wp-content\/uploads\/daniel5-1.jpg"},"description":"Bonjour, ici Daniel Poulin! Je suis un chr\u00e9tien n\u00e9 de nouveau depuis 1980, ayant parcouru un cheminement avec le Seigneur J\u00e9sus-Christ, j'ai construit ce site afin de partager mes connaissances de la parole de Dieu \" La Bible \" Je travaille aussi au d\u00e9veloppement de la station de radio chr\u00e9tienne fran\u00e7aise \u00e0 Montr\u00e9al, \" La Radio Gospel \" que vous pouvez voir ici http:\/\/laradiogospel.ca Je fr\u00e9quente aussi une \u00e9glise, dont je pr\u00eache et j\u2019enseigne la parole de Dieu. La communaut\u00e9 \u00c9vang\u00e9lique de l'Agneau \" , voici l'adresse, http:\/\/communauteevangelique.ca\/","sameAs":["https:\/\/publication-evangelique.com","https:\/\/www.facebook.com\/danielpoulin75","https:\/\/www.linkedin.com\/in\/daniel-poulin-64614745\/","https:\/\/x.com\/https:\/\/twitter.com\/Daniel_Poulin","https:\/\/www.youtube.com\/user\/danielpoulin75\/videos"]}]}},"_links":{"self":[{"href":"https:\/\/publication-evangelique.com\/index.php?rest_route=\/wp\/v2\/posts\/16530","targetHints":{"allow":["GET"]}}],"collection":[{"href":"https:\/\/publication-evangelique.com\/index.php?rest_route=\/wp\/v2\/posts"}],"about":[{"href":"https:\/\/publication-evangelique.com\/index.php?rest_route=\/wp\/v2\/types\/post"}],"author":[{"embeddable":true,"href":"https:\/\/publication-evangelique.com\/index.php?rest_route=\/wp\/v2\/users\/1"}],"replies":[{"embeddable":true,"href":"https:\/\/publication-evangelique.com\/index.php?rest_route=%2Fwp%2Fv2%2Fcomments&post=16530"}],"version-history":[{"count":0,"href":"https:\/\/publication-evangelique.com\/index.php?rest_route=\/wp\/v2\/posts\/16530\/revisions"}],"wp:featuredmedia":[{"embeddable":true,"href":"https:\/\/publication-evangelique.com\/index.php?rest_route=\/wp\/v2\/media\/13115"}],"wp:attachment":[{"href":"https:\/\/publication-evangelique.com\/index.php?rest_route=%2Fwp%2Fv2%2Fmedia&parent=16530"}],"wp:term":[{"taxonomy":"category","embeddable":true,"href":"https:\/\/publication-evangelique.com\/index.php?rest_route=%2Fwp%2Fv2%2Fcategories&post=16530"},{"taxonomy":"post_tag","embeddable":true,"href":"https:\/\/publication-evangelique.com\/index.php?rest_route=%2Fwp%2Fv2%2Ftags&post=16530"}],"curies":[{"name":"wp","href":"https:\/\/api.w.org\/{rel}","templated":true}]}}