{"id":16667,"date":"2020-11-07T21:43:37","date_gmt":"2020-11-08T02:43:37","guid":{"rendered":"http:\/\/publication-evangelique.com\/?p=16667"},"modified":"2020-11-09T05:58:35","modified_gmt":"2020-11-09T10:58:35","slug":"regne-de-christ-et-de-leglise-pour-des-milliers-annees","status":"publish","type":"post","link":"https:\/\/publication-evangelique.com\/?p=16667","title":{"rendered":"R\u00e8gne de Christ et de l\u2019\u00e9glise pour des milliers ann\u00e9es"},"content":{"rendered":"<h3>Lors de son retour, J\u00e9sus mettra ses pieds physiquement sur le mont des Oliviers \u00e0 J\u00e9rusalem.<\/h3>\n<p><audio style= \" width: 480px; \" src= \" https:\/\/publication-evangelique.com\/media\/le_retour_du_seigneur\/24\/20_10_31.mp3 \" preload= \" none \" controls= \" controls \" ><\/audio><br \/>\n<strong>T\u00e9l\u00e9charger &#8211;&gt; <\/strong><a href= \" https:\/\/publication-evangelique.com\/media\/le_retour_du_seigneur\/24\/20_10_31.mp3 \" >MP3<\/a><\/p>\n<p><strong>J\u00e9sus revient avec les sauv\u00e9s et remettra les pieds sur cette terre.<br \/>\n<a href= \" https:\/\/bible.publication-evangelique.com\/zacharie#14.4 \" rel= \" noopener noreferrer \" target= \" _blank \" >Zacharie 14:4-5<\/a><\/strong> L\u2019\u00c9ternel para\u00eetra, et il combattra ces nations, Comme il combat au jour de la bataille. 4 Ses pieds se poseront en ce jour sur la montagne des oliviers, 5\u2026 Et l\u2019\u00c9ternel, mon Dieu, viendra, et tous ses saints avec lui. <!--more--><\/p>\n<p><strong>Cette montagne est la m\u00eame montagne que J\u00e9sus est mont\u00e9 au ciel devant ses disciples.<br \/>\n<a href= \" https:\/\/bible.publication-evangelique.com\/actes#1.11 \" rel= \" noopener noreferrer \" target= \" _blank \" >Actes 1:11-12<\/a><\/strong> et dirent\u00a0: Hommes Galil\u00e9ens, pourquoi vous arr\u00eatez-vous \u00e0 regarder au ciel\u00a0? Ce J\u00e9sus, qui a \u00e9t\u00e9 enlev\u00e9 au ciel du milieu de vous, viendra de la m\u00eame mani\u00e8re que vous l\u2019avez vu allant au ciel. 12 Alors ils retourn\u00e8rent \u00e0 J\u00e9rusalem, de la montagne appel\u00e9e des oliviers, qui est pr\u00e8s de J\u00e9rusalem, \u00e0 la distance d\u2019un chemin de sabbat.<\/p>\n<p><strong>Son retour avec ses saints \u00e9tait d\u00e9j\u00e0 proph\u00e9tis\u00e9 depuis le d\u00e9but de la cr\u00e9ation par \u00c9noch!<br \/>\n<a href= \" https:\/\/bible.publication-evangelique.com\/jude#14 \" rel= \" noopener noreferrer \" target= \" _blank \" >Jude\u00a014-15<\/a><\/strong> C\u2019est aussi pour eux qu\u2019Enoch, le septi\u00e8me depuis Adam, a proph\u00e9tis\u00e9 en ces termes\u00a0: Voici, le Seigneur est venu avec ses saintes myriades, 15 pour exercer un jugement contre tous, et pour faire rendre compte \u00e0 tous les impies parmi eux de tous les actes d\u2019impi\u00e9t\u00e9 qu\u2019ils ont commis et de toutes les paroles injurieuses qu\u2019ont prof\u00e9r\u00e9es contre lui des p\u00e9cheurs impies.<\/p>\n<p>Le Seigneur deviendra le Seigneur de toute la terre, ce sera le d\u00e9but du r\u00e8gne du Seigneur pour des milliers d\u2019ann\u00e9es.<br \/>\n<strong>Par la suite, il n\u2019y aura plus aucun autre nom d\u2019un dieu quelconque sur la terre.<br \/>\n<a href= \" https:\/\/bible.publication-evangelique.com\/zacharie#14.9 \" rel= \" noopener noreferrer \" target= \" _blank \" >Zacharie\u00a014:9<\/a><\/strong> L\u2019\u00c9ternel sera roi de toute la terre ; en ce jour-l\u00e0, l\u2019\u00c9ternel sera le seul \u00c9ternel, et son nom sera le seul nom. <\/p>\n<p><strong>J\u00e9rusalem deviendra la ville royale, la capitale mondiale du Seigneur.<br \/>\n<a href= \" https:\/\/bible.publication-evangelique.com\/zacharie#14.10 \" rel= \" noopener noreferrer \" target= \" _blank \" >Zacharie 14:10-11<\/a><\/strong> Tout le pays deviendra comme la plaine, de Gu\u00e9ba \u00e0 Rimmon, Au midi de J\u00e9rusalem\u00a0; et J\u00e9rusalem sera \u00e9lev\u00e9e et restera \u00e0 sa place, depuis la porte de Benjamin jusqu\u2019au lieu de la premi\u00e8re porte, jusqu\u2019\u00e0 la porte des angles, et depuis la tour de Hananeel jusqu\u2019aux pressoirs du roi. 11 On habitera dans son sein, et il n\u2019y aura plus d\u2019interdit ; J\u00e9rusalem sera en s\u00e9curit\u00e9.<\/p>\n<p><strong>Pendant cette p\u00e9riode sur la terre, Satan et ses d\u00e9mons seront encha\u00een\u00e9s et enferm\u00e9s dans une prison durant le r\u00e8gne complet des milliers\u00a0d\u2019ann\u00e9es du Seigneur.<br \/>\n<a href= \" https:\/\/bible.publication-evangelique.com\/apocalypse#20.1 \" rel= \" noopener noreferrer \" target= \" _blank \" >Apocalypse 20:1-3<\/a><\/strong> Puis je vis descendre du ciel un ange, qui avait la clef de l\u2019ab\u00eeme et une grande cha\u00eene dans sa main. 2 Il saisit le dragon, le serpent ancien, qui est le diable et Satan, et il le lia pour mille ans. 3 Il le jeta dans l\u2019ab\u00eeme, ferma et scella l\u2019entr\u00e9e au-dessus de lui, afin qu\u2019il ne s\u00e9duis\u00eet plus les nations, jusqu\u2019\u00e0 ce que les mille ans fussent accomplis. Apr\u00e8s cela, il faut qu\u2019il soit d\u00e9li\u00e9 pour un peu de temps.<\/p>\n<p><strong>Le diable n\u2019est pas le tout puissant, son r\u00e8gne terrestre ach\u00e8ve, n\u2019oublions pas que l\u2019arm\u00e9e de Satan a d\u00e9j\u00e0 \u00e9t\u00e9 vaincue par J\u00e9sus \u00e0 la croix.<br \/>\n<a href= \" https:\/\/bible.publication-evangelique.com\/colossiens#2.15 \" rel= \" noopener noreferrer \" target= \" _blank \" >Colossiens\u00a02:15<\/a><\/strong> il (J\u00e9sus) a d\u00e9pouill\u00e9 les dominations et les autorit\u00e9s, et les a livr\u00e9es publiquement en spectacle, en triomphant d\u2019elles par la croix.<\/p>\n<p><strong>L\u2019arm\u00e9e des t\u00e9n\u00e8bres a aussi \u00e9t\u00e9 vaincue par les anges de Dieu et le diable et ses d\u00e9mons ont \u00e9t\u00e9 pr\u00e9cipit\u00e9s du ciel vers la terre.<br \/>\n<a href= \" https:\/\/bible.publication-evangelique.com\/apocalypse#12.7 \" rel= \" noopener noreferrer \" target= \" _blank \" >Apocalypse 12:7-9<\/a><\/strong> Et il y eut guerre dans le ciel. Michel et ses anges combattirent contre le dragon. Et le dragon et ses anges combattirent, 8 mais ils ne furent pas les plus forts, et leur place ne fut plus trouv\u00e9e dans le ciel. 9 Et il fut pr\u00e9cipit\u00e9, le grand dragon, le serpent ancien, appel\u00e9 le diable et Satan, celui qui s\u00e9duit toute la terre, il fut pr\u00e9cipit\u00e9 sur la terre, et ses anges furent pr\u00e9cipit\u00e9s avec lui.<\/p>\n<p>Ce n\u2019\u00e9tait qu\u2019une question de temps pour que le diable se fasse d\u00e9gommer de cette terre pour laisser la place au Roi des rois et le Seigneur des seigneurs.<\/p>\n<p><strong>Le ciel acclamera le Seigneur parce qu\u2019il a saisi son r\u00e8gne par sa grande puissance.<br \/>\n<a href= \" https:\/\/bible.publication-evangelique.com\/apocalypse#11.17 \" rel= \" noopener noreferrer \" target= \" _blank \" >Apocalypse\u00a011:17<\/a> <\/strong>en disant\u00a0: Nous te rendons gr\u00e2ces, Seigneur Dieu tout-puissant, qui est, et qui \u00e9tait, de ce que tu as saisi ta grande puissance et pris possession de ton r\u00e8gne.<\/p>\n<p><strong>J\u00e9sus prendra possession de son r\u00e8gne sur cette terre et il pa\u00eetra les nations avec une verge de fer.<br \/>\n<a href= \" https:\/\/bible.publication-evangelique.com\/psaumes#2.9 \" rel= \" noopener noreferrer \" target= \" _blank \" >Psaumes 2:9<\/a><\/strong> tu les briseras avec une verge de fer, tu les briseras comme le vase d\u2019un potier.<\/p>\n<p><strong>Tous ceux qui ressusciteront seront avec J\u00e9sus, pa\u00eetront aussi les nations avec la m\u00eame autorit\u00e9 que le Seigneur.<br \/>\n<a href= \" https:\/\/bible.publication-evangelique.com\/apocalypse#2.26 \" rel= \" noopener noreferrer \" target= \" _blank \" >Apocalypse 2:26-27<\/a><\/strong> A celui qui vaincra, et qui gardera jusqu\u2019\u00e0 la fin mes \u0153uvres, je donnerai autorit\u00e9 sur les nations. 27 Il les pa\u00eetra avec une verge de fer, comme on brise les vases d\u2019argile, ainsi que moi-m\u00eame j\u2019en ai re\u00e7u le pouvoir de mon P\u00e8re.<\/p>\n<p><strong>Nous avons re\u00e7u plusieurs promesses tels que nous r\u00e9gnerons avec le Seigneur.<br \/>\n<a href= \" https:\/\/bible.publication-evangelique.com\/romains#5.17 \" rel= \" noopener noreferrer \" target= \" _blank \" >Romains\u00a05:17<\/a><\/strong> si par l\u2019offense d\u2019un seul la mort a r\u00e9gn\u00e9 par lui seul, \u00e0 plus forte raison ceux qui re\u00e7oivent l\u2019abondance de la gr\u00e2ce et du don de la justice r\u00e9gneront-ils dans la vie par J\u00e9sus-Christ lui seul.<\/p>\n<p><strong>Un autre verset dans l\u2019apocalypse confirme que J\u00e9sus a fait de nous, des sacrificateurs et nous r\u00e9gnerons sur la terre.<br \/>\n<a href= \" https:\/\/bible.publication-evangelique.com\/apocalypse#5.10 \" rel= \" noopener noreferrer \" target= \" _blank \" >Apocalypse\u00a05:10<\/a><\/strong> tu as fait d\u2019eux un royaume et des sacrificateurs pour notre Dieu, et ils r\u00e9gneront sur la terre.<\/p>\n<p><strong>Nous voyons aussi dans l\u2019apocalypse une vision proph\u00e9tique que les ressuscit\u00e9s recevront des tr\u00f4nes et aussi le pouvoir de juger.<br \/>\n<a href= \" https:\/\/bible.publication-evangelique.com\/apocalypse#20.4 \" rel= \" noopener noreferrer \" target= \" _blank \" >Apocalypse 20:4-6<\/a> <\/strong> Et je vis des tr\u00f4nes\u00a0; et \u00e0 ceux qui s\u2019y assirent fut donn\u00e9 le pouvoir de juger. Et je vis les \u00e2mes de ceux qui avaient \u00e9t\u00e9 d\u00e9capit\u00e9s \u00e0 cause du t\u00e9moignage de J\u00e9sus et \u00e0 cause de la parole de Dieu, et de ceux qui n\u2019avaient pas ador\u00e9 la b\u00eate ni son image, et qui n\u2019avaient pas re\u00e7u la marque sur leur front et sur leur main. Ils revinrent \u00e0 la vie, et ils r\u00e9gn\u00e8rent avec Christ pendant mille ans. 5 Les autres morts ne revinrent point \u00e0 la vie jusqu\u2019\u00e0 ce que les mille ans fussent accomplis. C\u2019est la premi\u00e8re r\u00e9surrection. 6 Heureux et saints ceux qui ont part \u00e0 la premi\u00e8re r\u00e9surrection ! La seconde mort n\u2019a point de pouvoir sur eux ; mais ils seront sacrificateurs de Dieu et de Christ, et ils r\u00e9gneront avec lui pendant mille ans.<\/p>\n<p><strong>Dieu nous annonce que les saints jugeront le monde et les anges.<br \/>\n<a href= \" https:\/\/bible.publication-evangelique.com\/1-corinthiens#6.2 \" rel= \" noopener noreferrer \" target= \" _blank \" >1 Corinthiens 6:2-3<\/a> <\/strong> Ne savez-vous pas que les saints jugeront le monde\u00a0? Et si c\u2019est par vous que le monde est jug\u00e9, \u00eates-vous indignes de rendre les moindres jugements ? 3 Ne savez-vous pas que nous jugerons les anges ? Et nous ne jugerions pas, \u00e0 plus forte raison, les choses de cette vie ?<\/p>\n<p>Le Seigneur red\u00e9marrera la vie sur cette terre pour des milliers d\u2019ann\u00e9es, et maintenant il invite les gens avant qu\u2019il soit trop tard. Te joindras-tu au Seigneur J\u00e9sus-Christ?<\/p>\n<p>&#8212;&#8212;&#8212;&#8212;&#8212;&#8212;<\/p>\n<p>Daniel Poulin<br \/>\n<a title= \" Publication \u00c9vang\u00e9lique \" href= \" https:\/\/publication-evangelique.com \" target= \" _blank \" rel= \" noopener noreferrer \" >https:\/\/publication-evangelique.com<\/a><\/p>\n<p><strong>Adresse de ce blogue :<\/strong> <a href= \" https:\/\/publication-evangelique.com\/?p=16667 \" > https:\/\/publication-evangelique.com\/?p=16667<\/a><\/p>\n<p><strong>De la s\u00e9rie : <\/strong> <a href= \" https:\/\/publication-evangelique.com\/?page_id=16294 \" > Le retour du Seigneur J\u00e9sus-Christ<\/a><\/p>\n","protected":false},"excerpt":{"rendered":"<p>Lors de son retour, J\u00e9sus mettra ses pieds physiquement sur le mont des Oliviers \u00e0 J\u00e9rusalem. J\u00e9sus revient avec les sauv\u00e9s et remettra les pieds sur cette terre.<\/p>\n <a class=\"more-link\" href=\"https:\/\/publication-evangelique.com\/?p=16667\"><span class=\"more-msg\">Lire la suite &rarr;<\/span><\/a>","protected":false},"author":1,"featured_media":13096,"comment_status":"open","ping_status":"open","sticky":false,"template":"","format":"standard","meta":{"footnotes":""},"categories":[13,3,862],"tags":[75,125,266],"class_list":["post-16667","post","type-post","status-publish","format-standard","has-post-thumbnail","hentry","category-fin-des-temps","category-accueil","category-retour-du-seigneur","tag-christ","tag-eglise","tag-regne"],"yoast_head":"<!-- This site is optimized with the Yoast SEO plugin v27.4 - https:\/\/yoast.com\/product\/yoast-seo-wordpress\/ -->\n<title>R\u00e8gne de Christ et de l\u2019\u00e9glise pour des milliers ann\u00e9es - Publication \u00c9vang\u00e9lique<\/title>\n<meta name=\"robots\" content=\"index, follow, max-snippet:-1, max-image-preview:large, max-video-preview:-1\" \/>\n<link rel=\"canonical\" href=\"https:\/\/publication-evangelique.com\/?p=16667\" \/>\n<meta property=\"og:locale\" content=\"fr_FR\" \/>\n<meta property=\"og:type\" content=\"article\" \/>\n<meta property=\"og:title\" content=\"R\u00e8gne de Christ et de l\u2019\u00e9glise pour des milliers ann\u00e9es - Publication \u00c9vang\u00e9lique\" \/>\n<meta property=\"og:description\" content=\"Lors de son retour, J\u00e9sus mettra ses pieds physiquement sur le mont des Oliviers \u00e0 J\u00e9rusalem. J\u00e9sus revient avec les sauv\u00e9s et remettra les pieds sur cette terre.\" \/>\n<meta property=\"og:url\" content=\"https:\/\/publication-evangelique.com\/?p=16667\" \/>\n<meta property=\"og:site_name\" content=\"Publication \u00c9vang\u00e9lique\" \/>\n<meta property=\"article:publisher\" content=\"https:\/\/www.facebook.com\/danielpoulin75\" \/>\n<meta property=\"article:author\" content=\"https:\/\/www.facebook.com\/danielpoulin75\" \/>\n<meta property=\"article:published_time\" content=\"2020-11-08T02:43:37+00:00\" \/>\n<meta property=\"article:modified_time\" content=\"2020-11-09T10:58:35+00:00\" \/>\n<meta property=\"og:image\" content=\"https:\/\/publication-evangelique.com\/wp-content\/uploads\/1299.jpg\" \/>\n\t<meta property=\"og:image:width\" content=\"1280\" \/>\n\t<meta property=\"og:image:height\" content=\"966\" \/>\n\t<meta property=\"og:image:type\" content=\"image\/jpeg\" \/>\n<meta name=\"author\" content=\"Daniel Poulin\" \/>\n<meta name=\"twitter:label1\" content=\"\u00c9crit par\" \/>\n\t<meta name=\"twitter:data1\" content=\"Daniel Poulin\" \/>\n\t<meta name=\"twitter:label2\" content=\"Dur\u00e9e de lecture estim\u00e9e\" \/>\n\t<meta name=\"twitter:data2\" content=\"7 minutes\" \/>\n<script type=\"application\/ld+json\" class=\"yoast-schema-graph\">{\"@context\":\"https:\\\/\\\/schema.org\",\"@graph\":[{\"@type\":\"Article\",\"@id\":\"https:\\\/\\\/publication-evangelique.com\\\/?p=16667#article\",\"isPartOf\":{\"@id\":\"https:\\\/\\\/publication-evangelique.com\\\/?p=16667\"},\"author\":{\"name\":\"Daniel Poulin\",\"@id\":\"https:\\\/\\\/publication-evangelique.com\\\/#\\\/schema\\\/person\\\/a7aa86223ca614c8c1a737d18c95460c\"},\"headline\":\"R\u00e8gne de Christ et de l\u2019\u00e9glise pour des milliers ann\u00e9es\",\"datePublished\":\"2020-11-08T02:43:37+00:00\",\"dateModified\":\"2020-11-09T10:58:35+00:00\",\"mainEntityOfPage\":{\"@id\":\"https:\\\/\\\/publication-evangelique.com\\\/?p=16667\"},\"wordCount\":1326,\"commentCount\":0,\"publisher\":{\"@id\":\"https:\\\/\\\/publication-evangelique.com\\\/#\\\/schema\\\/person\\\/a7aa86223ca614c8c1a737d18c95460c\"},\"image\":{\"@id\":\"https:\\\/\\\/publication-evangelique.com\\\/?p=16667#primaryimage\"},\"thumbnailUrl\":\"https:\\\/\\\/publication-evangelique.com\\\/wp-content\\\/uploads\\\/1299.jpg\",\"keywords\":[\"christ\",\"\u00e9glise\",\"r\u00e8gne\"],\"articleSection\":[\"Fin des temps\",\"Retour de J\u00e9sus\",\"retour du Seigneur\"],\"inLanguage\":\"fr-FR\"},{\"@type\":\"WebPage\",\"@id\":\"https:\\\/\\\/publication-evangelique.com\\\/?p=16667\",\"url\":\"https:\\\/\\\/publication-evangelique.com\\\/?p=16667\",\"name\":\"R\u00e8gne de Christ et de l\u2019\u00e9glise pour des milliers ann\u00e9es - Publication \u00c9vang\u00e9lique\",\"isPartOf\":{\"@id\":\"https:\\\/\\\/publication-evangelique.com\\\/#website\"},\"primaryImageOfPage\":{\"@id\":\"https:\\\/\\\/publication-evangelique.com\\\/?p=16667#primaryimage\"},\"image\":{\"@id\":\"https:\\\/\\\/publication-evangelique.com\\\/?p=16667#primaryimage\"},\"thumbnailUrl\":\"https:\\\/\\\/publication-evangelique.com\\\/wp-content\\\/uploads\\\/1299.jpg\",\"datePublished\":\"2020-11-08T02:43:37+00:00\",\"dateModified\":\"2020-11-09T10:58:35+00:00\",\"breadcrumb\":{\"@id\":\"https:\\\/\\\/publication-evangelique.com\\\/?p=16667#breadcrumb\"},\"inLanguage\":\"fr-FR\",\"potentialAction\":[{\"@type\":\"ReadAction\",\"target\":[\"https:\\\/\\\/publication-evangelique.com\\\/?p=16667\"]}]},{\"@type\":\"ImageObject\",\"inLanguage\":\"fr-FR\",\"@id\":\"https:\\\/\\\/publication-evangelique.com\\\/?p=16667#primaryimage\",\"url\":\"https:\\\/\\\/publication-evangelique.com\\\/wp-content\\\/uploads\\\/1299.jpg\",\"contentUrl\":\"https:\\\/\\\/publication-evangelique.com\\\/wp-content\\\/uploads\\\/1299.jpg\",\"width\":1280,\"height\":966},{\"@type\":\"BreadcrumbList\",\"@id\":\"https:\\\/\\\/publication-evangelique.com\\\/?p=16667#breadcrumb\",\"itemListElement\":[{\"@type\":\"ListItem\",\"position\":1,\"name\":\"Accueil\",\"item\":\"https:\\\/\\\/publication-evangelique.com\\\/\"},{\"@type\":\"ListItem\",\"position\":2,\"name\":\"R\u00e8gne de Christ et de l\u2019\u00e9glise pour des milliers ann\u00e9es\"}]},{\"@type\":\"WebSite\",\"@id\":\"https:\\\/\\\/publication-evangelique.com\\\/#website\",\"url\":\"https:\\\/\\\/publication-evangelique.com\\\/\",\"name\":\"Daniel Poulin - publication-evangelique.com\",\"description\":\"Daniel Poulin\",\"publisher\":{\"@id\":\"https:\\\/\\\/publication-evangelique.com\\\/#\\\/schema\\\/person\\\/a7aa86223ca614c8c1a737d18c95460c\"},\"potentialAction\":[{\"@type\":\"SearchAction\",\"target\":{\"@type\":\"EntryPoint\",\"urlTemplate\":\"https:\\\/\\\/publication-evangelique.com\\\/?s={search_term_string}\"},\"query-input\":{\"@type\":\"PropertyValueSpecification\",\"valueRequired\":true,\"valueName\":\"search_term_string\"}}],\"inLanguage\":\"fr-FR\"},{\"@type\":[\"Person\",\"Organization\"],\"@id\":\"https:\\\/\\\/publication-evangelique.com\\\/#\\\/schema\\\/person\\\/a7aa86223ca614c8c1a737d18c95460c\",\"name\":\"Daniel Poulin\",\"image\":{\"@type\":\"ImageObject\",\"inLanguage\":\"fr-FR\",\"@id\":\"https:\\\/\\\/publication-evangelique.com\\\/wp-content\\\/uploads\\\/daniel5-1.jpg\",\"url\":\"https:\\\/\\\/publication-evangelique.com\\\/wp-content\\\/uploads\\\/daniel5-1.jpg\",\"contentUrl\":\"https:\\\/\\\/publication-evangelique.com\\\/wp-content\\\/uploads\\\/daniel5-1.jpg\",\"width\":833,\"height\":969,\"caption\":\"Daniel Poulin\"},\"logo\":{\"@id\":\"https:\\\/\\\/publication-evangelique.com\\\/wp-content\\\/uploads\\\/daniel5-1.jpg\"},\"description\":\"Bonjour, ici Daniel Poulin! Je suis un chr\u00e9tien n\u00e9 de nouveau depuis 1980, ayant parcouru un cheminement avec le Seigneur J\u00e9sus-Christ, j'ai construit ce site afin de partager mes connaissances de la parole de Dieu \\\" La Bible \\\" Je travaille aussi au d\u00e9veloppement de la station de radio chr\u00e9tienne fran\u00e7aise \u00e0 Montr\u00e9al, \\\" La Radio Gospel \\\" que vous pouvez voir ici http:\\\/\\\/laradiogospel.ca Je fr\u00e9quente aussi une \u00e9glise, dont je pr\u00eache et j\u2019enseigne la parole de Dieu. La communaut\u00e9 \u00c9vang\u00e9lique de l'Agneau \\\" , voici l'adresse, http:\\\/\\\/communauteevangelique.ca\\\/\",\"sameAs\":[\"https:\\\/\\\/publication-evangelique.com\",\"https:\\\/\\\/www.facebook.com\\\/danielpoulin75\",\"https:\\\/\\\/www.linkedin.com\\\/in\\\/daniel-poulin-64614745\\\/\",\"https:\\\/\\\/x.com\\\/https:\\\/\\\/twitter.com\\\/Daniel_Poulin\",\"https:\\\/\\\/www.youtube.com\\\/user\\\/danielpoulin75\\\/videos\"]}]}<\/script>\n<!-- \/ Yoast SEO plugin. -->","yoast_head_json":{"title":"R\u00e8gne de Christ et de l\u2019\u00e9glise pour des milliers ann\u00e9es - Publication \u00c9vang\u00e9lique","robots":{"index":"index","follow":"follow","max-snippet":"max-snippet:-1","max-image-preview":"max-image-preview:large","max-video-preview":"max-video-preview:-1"},"canonical":"https:\/\/publication-evangelique.com\/?p=16667","og_locale":"fr_FR","og_type":"article","og_title":"R\u00e8gne de Christ et de l\u2019\u00e9glise pour des milliers ann\u00e9es - Publication \u00c9vang\u00e9lique","og_description":"Lors de son retour, J\u00e9sus mettra ses pieds physiquement sur le mont des Oliviers \u00e0 J\u00e9rusalem. J\u00e9sus revient avec les sauv\u00e9s et remettra les pieds sur cette terre.","og_url":"https:\/\/publication-evangelique.com\/?p=16667","og_site_name":"Publication \u00c9vang\u00e9lique","article_publisher":"https:\/\/www.facebook.com\/danielpoulin75","article_author":"https:\/\/www.facebook.com\/danielpoulin75","article_published_time":"2020-11-08T02:43:37+00:00","article_modified_time":"2020-11-09T10:58:35+00:00","og_image":[{"width":1280,"height":966,"url":"https:\/\/publication-evangelique.com\/wp-content\/uploads\/1299.jpg","type":"image\/jpeg"}],"author":"Daniel Poulin","twitter_misc":{"\u00c9crit par":"Daniel Poulin","Dur\u00e9e de lecture estim\u00e9e":"7 minutes"},"schema":{"@context":"https:\/\/schema.org","@graph":[{"@type":"Article","@id":"https:\/\/publication-evangelique.com\/?p=16667#article","isPartOf":{"@id":"https:\/\/publication-evangelique.com\/?p=16667"},"author":{"name":"Daniel Poulin","@id":"https:\/\/publication-evangelique.com\/#\/schema\/person\/a7aa86223ca614c8c1a737d18c95460c"},"headline":"R\u00e8gne de Christ et de l\u2019\u00e9glise pour des milliers ann\u00e9es","datePublished":"2020-11-08T02:43:37+00:00","dateModified":"2020-11-09T10:58:35+00:00","mainEntityOfPage":{"@id":"https:\/\/publication-evangelique.com\/?p=16667"},"wordCount":1326,"commentCount":0,"publisher":{"@id":"https:\/\/publication-evangelique.com\/#\/schema\/person\/a7aa86223ca614c8c1a737d18c95460c"},"image":{"@id":"https:\/\/publication-evangelique.com\/?p=16667#primaryimage"},"thumbnailUrl":"https:\/\/publication-evangelique.com\/wp-content\/uploads\/1299.jpg","keywords":["christ","\u00e9glise","r\u00e8gne"],"articleSection":["Fin des temps","Retour de J\u00e9sus","retour du Seigneur"],"inLanguage":"fr-FR"},{"@type":"WebPage","@id":"https:\/\/publication-evangelique.com\/?p=16667","url":"https:\/\/publication-evangelique.com\/?p=16667","name":"R\u00e8gne de Christ et de l\u2019\u00e9glise pour des milliers ann\u00e9es - Publication \u00c9vang\u00e9lique","isPartOf":{"@id":"https:\/\/publication-evangelique.com\/#website"},"primaryImageOfPage":{"@id":"https:\/\/publication-evangelique.com\/?p=16667#primaryimage"},"image":{"@id":"https:\/\/publication-evangelique.com\/?p=16667#primaryimage"},"thumbnailUrl":"https:\/\/publication-evangelique.com\/wp-content\/uploads\/1299.jpg","datePublished":"2020-11-08T02:43:37+00:00","dateModified":"2020-11-09T10:58:35+00:00","breadcrumb":{"@id":"https:\/\/publication-evangelique.com\/?p=16667#breadcrumb"},"inLanguage":"fr-FR","potentialAction":[{"@type":"ReadAction","target":["https:\/\/publication-evangelique.com\/?p=16667"]}]},{"@type":"ImageObject","inLanguage":"fr-FR","@id":"https:\/\/publication-evangelique.com\/?p=16667#primaryimage","url":"https:\/\/publication-evangelique.com\/wp-content\/uploads\/1299.jpg","contentUrl":"https:\/\/publication-evangelique.com\/wp-content\/uploads\/1299.jpg","width":1280,"height":966},{"@type":"BreadcrumbList","@id":"https:\/\/publication-evangelique.com\/?p=16667#breadcrumb","itemListElement":[{"@type":"ListItem","position":1,"name":"Accueil","item":"https:\/\/publication-evangelique.com\/"},{"@type":"ListItem","position":2,"name":"R\u00e8gne de Christ et de l\u2019\u00e9glise pour des milliers ann\u00e9es"}]},{"@type":"WebSite","@id":"https:\/\/publication-evangelique.com\/#website","url":"https:\/\/publication-evangelique.com\/","name":"Daniel Poulin - publication-evangelique.com","description":"Daniel Poulin","publisher":{"@id":"https:\/\/publication-evangelique.com\/#\/schema\/person\/a7aa86223ca614c8c1a737d18c95460c"},"potentialAction":[{"@type":"SearchAction","target":{"@type":"EntryPoint","urlTemplate":"https:\/\/publication-evangelique.com\/?s={search_term_string}"},"query-input":{"@type":"PropertyValueSpecification","valueRequired":true,"valueName":"search_term_string"}}],"inLanguage":"fr-FR"},{"@type":["Person","Organization"],"@id":"https:\/\/publication-evangelique.com\/#\/schema\/person\/a7aa86223ca614c8c1a737d18c95460c","name":"Daniel Poulin","image":{"@type":"ImageObject","inLanguage":"fr-FR","@id":"https:\/\/publication-evangelique.com\/wp-content\/uploads\/daniel5-1.jpg","url":"https:\/\/publication-evangelique.com\/wp-content\/uploads\/daniel5-1.jpg","contentUrl":"https:\/\/publication-evangelique.com\/wp-content\/uploads\/daniel5-1.jpg","width":833,"height":969,"caption":"Daniel Poulin"},"logo":{"@id":"https:\/\/publication-evangelique.com\/wp-content\/uploads\/daniel5-1.jpg"},"description":"Bonjour, ici Daniel Poulin! Je suis un chr\u00e9tien n\u00e9 de nouveau depuis 1980, ayant parcouru un cheminement avec le Seigneur J\u00e9sus-Christ, j'ai construit ce site afin de partager mes connaissances de la parole de Dieu \" La Bible \" Je travaille aussi au d\u00e9veloppement de la station de radio chr\u00e9tienne fran\u00e7aise \u00e0 Montr\u00e9al, \" La Radio Gospel \" que vous pouvez voir ici http:\/\/laradiogospel.ca Je fr\u00e9quente aussi une \u00e9glise, dont je pr\u00eache et j\u2019enseigne la parole de Dieu. La communaut\u00e9 \u00c9vang\u00e9lique de l'Agneau \" , voici l'adresse, http:\/\/communauteevangelique.ca\/","sameAs":["https:\/\/publication-evangelique.com","https:\/\/www.facebook.com\/danielpoulin75","https:\/\/www.linkedin.com\/in\/daniel-poulin-64614745\/","https:\/\/x.com\/https:\/\/twitter.com\/Daniel_Poulin","https:\/\/www.youtube.com\/user\/danielpoulin75\/videos"]}]}},"_links":{"self":[{"href":"https:\/\/publication-evangelique.com\/index.php?rest_route=\/wp\/v2\/posts\/16667","targetHints":{"allow":["GET"]}}],"collection":[{"href":"https:\/\/publication-evangelique.com\/index.php?rest_route=\/wp\/v2\/posts"}],"about":[{"href":"https:\/\/publication-evangelique.com\/index.php?rest_route=\/wp\/v2\/types\/post"}],"author":[{"embeddable":true,"href":"https:\/\/publication-evangelique.com\/index.php?rest_route=\/wp\/v2\/users\/1"}],"replies":[{"embeddable":true,"href":"https:\/\/publication-evangelique.com\/index.php?rest_route=%2Fwp%2Fv2%2Fcomments&post=16667"}],"version-history":[{"count":0,"href":"https:\/\/publication-evangelique.com\/index.php?rest_route=\/wp\/v2\/posts\/16667\/revisions"}],"wp:featuredmedia":[{"embeddable":true,"href":"https:\/\/publication-evangelique.com\/index.php?rest_route=\/wp\/v2\/media\/13096"}],"wp:attachment":[{"href":"https:\/\/publication-evangelique.com\/index.php?rest_route=%2Fwp%2Fv2%2Fmedia&parent=16667"}],"wp:term":[{"taxonomy":"category","embeddable":true,"href":"https:\/\/publication-evangelique.com\/index.php?rest_route=%2Fwp%2Fv2%2Fcategories&post=16667"},{"taxonomy":"post_tag","embeddable":true,"href":"https:\/\/publication-evangelique.com\/index.php?rest_route=%2Fwp%2Fv2%2Ftags&post=16667"}],"curies":[{"name":"wp","href":"https:\/\/api.w.org\/{rel}","templated":true}]}}