{"id":16705,"date":"2020-11-30T20:13:23","date_gmt":"2020-12-01T01:13:23","guid":{"rendered":"http:\/\/publication-evangelique.com\/?p=16705"},"modified":"2020-12-05T14:14:46","modified_gmt":"2020-12-05T19:14:46","slug":"la-fin-des-mille-ans-ce-sera-la-fin-du-monde-present","status":"publish","type":"post","link":"https:\/\/publication-evangelique.com\/?p=16705","title":{"rendered":"\u00c0 la fin des mille ans, ce sera la fin du monde pr\u00e9sent."},"content":{"rendered":"<h3>Suite \u00e0 notre super bon temps avec le Seigneur sur cette terre, le diable fera encore ses ravages.<\/h3>\n<p><audio style= \" width: 480px; \" src= \" https:\/\/publication-evangelique.com\/media\/le_retour_du_seigneur\/24\/20_11_28.mp3 \" preload= \" none \" controls= \" controls \" ><\/audio><br \/>\n<strong>T\u00e9l\u00e9charger &#8211;&gt; <\/strong><a href= \" https:\/\/publication-evangelique.com\/media\/le_retour_du_seigneur\/24\/20_11_28.mp3 \" >MP3<\/a><\/p>\n<p><strong>Satan sera rel\u00e2ch\u00e9 de sa prison et incitera les nations \u00e0 la r\u00e9volte contre Dieu.<br \/>\n<a href= \" https:\/\/bible.publication-evangelique.com\/apocalypse#20.7 \" rel= \" noopener noreferrer \" target= \" _blank \" >Apocalypse\u00a020:7<\/a><\/strong> quand les mille ans seront accomplis, Satan sera rel\u00e2ch\u00e9 de sa prison. <\/p>\n<p><strong>Le diable s\u00e9duira les nations, il pensera encore dans une tentative d\u00e9sesp\u00e9r\u00e9e, pouvoir renvers\u00e9 le gouvernement de J\u00e9sus. <!--more--><br \/>\n<a href= \" https:\/\/bible.publication-evangelique.com\/apocalypse#20.8 \" rel= \" noopener noreferrer \" target= \" _blank \" >Apocalypse\u00a020:8<\/a><\/strong> et il sortira pour s\u00e9duire les nations qui sont aux quatre coins de la terre, Gog et Magog, afin de les rassembler pour la guerre; leur nombre est comme le sable de la mer. <\/p>\n<p><strong>Ils monteront pour combattre la ville sainte, mais le feu du jugement de Dieu d\u00e9truira tous les humains s\u00e9duits.<br \/>\n<a href= \" https:\/\/bible.publication-evangelique.com\/apocalypse#20.9 \" rel= \" noopener noreferrer \" target= \" _blank \" >Apocalypse\u00a020:9<\/a><\/strong> et ils mont\u00e8rent sur la surface de la Terre, et ils investirent le camp des saints et la ville bien\u2013aim\u00e9e. Mais un feu descendit du ciel, et les d\u00e9vora. <\/p>\n<p><strong>Le diable sera saisi et pour son jugement final, il sera jet\u00e9 dans l\u2019\u00e9tang de feu et de souffre pour une condamnation \u00e9ternelle.<br \/>\n<a href= \" https:\/\/bible.publication-evangelique.com\/apocalypse#20.10 \" rel= \" noopener noreferrer \" target= \" _blank \" >Apocalypse\u00a020:10<\/a><\/strong> et le diable, qui les s\u00e9duisait, fut jet\u00e9 dans l\u2019\u00e9tang de feu et de soufre, o\u00f9 sont la b\u00eate et le faux proph\u00e8te. Et ils seront tourment\u00e9s jour et nuit, aux si\u00e8cles des si\u00e8cles.<\/p>\n<p><strong>Suite au jugement du diable et des habitants terrestre, cette cr\u00e9ation sera d\u00e9truite et dispara\u00eetra \u00e0 tout jamais.<br \/>\n<a href= \" https:\/\/bible.publication-evangelique.com\/apocalypse#20.11 \" rel= \" noopener noreferrer \" target= \" _blank \" >Apocalypse\u00a020:11<\/a><\/strong> puis je vis un grand tr\u00f4ne blanc, et celui qui \u00e9tait assis dessus. La terre et le ciel s\u2019enfuirent devant sa face, et il ne fut plus trouv\u00e9 de place pour eux.<\/p>\n<p><strong>La Bible pr\u00e9disait qu\u2019il y aurait une fin pour cette cr\u00e9ation pendant le jour du Seigneur.<br \/>\n<a href= \" https:\/\/bible.publication-evangelique.com\/2-pierre#3.10 \" rel= \" noopener noreferrer \" target= \" _blank \" >2 Pierre\u00a03:10<\/a><\/strong> le jour du Seigneur viendra comme un voleur ; en ce jour (son r\u00e8gne), les cieux passeront avec fracas, les \u00e9l\u00e9ments embras\u00e9s se dissoudront, et la terre avec les \u0153uvres qu\u2019elle renferme sera consum\u00e9e.<\/p>\n<p><strong>Le m\u00eame Seigneur qui a tout cr\u00e9\u00e9 d\u00e9truira sa cr\u00e9ation.<br \/>\n<a href= \" https:\/\/bible.publication-evangelique.com\/hebreux#1.10 \" rel= \" noopener noreferrer \" target= \" _blank \" >H\u00e9breux 1:10-12<\/a><\/strong> Et encore\u00a0: Toi, Seigneur, tu as au commencement fond\u00e9 la terre, Et les cieux sont l\u2019ouvrage de tes mains\u00a0; 11 Ils p\u00e9riront, mais tu subsistes ; ils vieilliront tous comme un v\u00eatement, 12 tu les rouleras comme un manteau et ils seront chang\u00e9s ; mais toi, tu restes le m\u00eame, et tes ann\u00e9es ne finiront point.<\/p>\n<p><strong>Cette cr\u00e9ation devait demeurer jusqu\u2019\u00e0 tout ce qui a \u00e9t\u00e9 annonc\u00e9 s\u2019accomplisse.<br \/>\n<a href= \" https:\/\/bible.publication-evangelique.com\/matthieu#5.18 \" rel= \" noopener noreferrer \" target= \" _blank \" >Matthieu\u00a05:18<\/a><\/strong>, car, je vous le dis en v\u00e9rit\u00e9, tant que le ciel et la terre ne passeront point, il ne dispara\u00eetra pas de la loi un seul iota ou un seul trait de lettre, jusqu\u2019\u00e0 ce que tout soit arriv\u00e9.<\/p>\n<p><strong>Ensuite la Bible a pr\u00e9dit qu\u2019il y aura une deuxi\u00e8me r\u00e9surrection des morts sur l\u2019ordre de J\u00e9sus.<br \/>\n<a href= \" https:\/\/bible.publication-evangelique.com\/jean#5.28 \" rel= \" noopener noreferrer \" target= \" _blank \" >Jean 5:28-29<\/a><\/strong> Ne vous \u00e9tonnez pas de cela\u00a0; car l\u2019heure vient o\u00f9 tous ceux qui sont dans les s\u00e9pulcres entendront sa voix, 29 et en sortiront. Ceux qui auront fait le bien ressusciteront pour la vie, mais ceux qui auront fait le mal ressusciteront pour le jugement.<\/p>\n<p><strong>Tout les morts qui ne faisaient pas partie de ceux qui ont \u00e9t\u00e9 ressuscit\u00e9s \u00e0 la premi\u00e8re r\u00e9surrection, ressusciteront et seront jug\u00e9s par Dieu selon leurs \u0153uvres.<br \/>\n<a href= \" https:\/\/bible.publication-evangelique.com\/apocalypse#20.12 \" rel= \" noopener noreferrer \" target= \" _blank \" >Apocalypse 20:12-13<\/a><\/strong> Et je vis les morts, les grands et les petits, qui se tenaient devant le tr\u00f4ne. Des livres furent ouverts. Et un autre livre fut ouvert, celui qui est le livre de vie. Et les morts furent jug\u00e9s selon leurs \u0153uvres, d\u2019apr\u00e8s ce qui \u00e9tait \u00e9crit dans ces livres. 13 La mer rendit les morts qui \u00e9taient en elle, la mort et le s\u00e9jour des morts rendirent les morts qui \u00e9taient en eux ; et chacun fut jug\u00e9 selon ses \u0153uvres. <\/p>\n<p><strong>Beaucoup pensaient \u00e9chapper ce jour et maintenant tous seront entre les mains du Dieu vivant.<br \/>\n<a href= \" https:\/\/bible.publication-evangelique.com\/hebreux#10.31 \" rel= \" noopener noreferrer \" target= \" _blank \" >H\u00e9breux\u00a010:31<\/a><\/strong> c\u2019est une chose terrible que de tomber entre les mains du Dieu vivant.<\/p>\n<p><strong>Dieu d\u00e9truira le lieu appel\u00e9 le s\u00e9jour des morts et Il d\u00e9truira aussi la mort. Leur destruction se fera dans l\u2019\u00e9tang de feu.<br \/>\n<a href= \" https:\/\/bible.publication-evangelique.com\/apocalypse#20.14 \" rel= \" noopener noreferrer \" target= \" _blank \" >Apocalypse\u00a020:14<\/a><\/strong> et la mort et le s\u00e9jour des morts furent jet\u00e9s dans l\u2019\u00e9tang de feu. C\u2019est la seconde mort, l\u2019\u00e9tang de feu. <\/p>\n<p><strong>Paul avait proph\u00e9tis\u00e9 que le dernier ennemi d\u00e9truit serait la mort. Apr\u00e8s le jugement dernier et la mort d\u00e9truite, il n\u2019y aura plus jamais personne qui mourra.<br \/>\n<a href= \" https:\/\/bible.publication-evangelique.com\/1-corinthiens#15.26 \" rel= \" noopener noreferrer \" target= \" _blank \" >1 Corinthiens\u00a015:26<\/a><\/strong> le dernier ennemi qui sera d\u00e9truit, c\u2019est la mort.<\/p>\n<p><strong>Le jugement sera pour tous ceux qui ne seront pas inscrits dans le livre de vie, ils seront jet\u00e9s dans l\u2019\u00e9tang de feu<br \/>\n<a href= \" https:\/\/bible.publication-evangelique.com\/apocalypse#20.15 \" rel= \" noopener noreferrer \" target= \" _blank \" >Apocalypse\u00a020:15<\/a><\/strong> quiconque ne fut pas trouv\u00e9 \u00e9crit dans le livre de vie fut jet\u00e9 dans l\u2019\u00e9tang de feu.<\/p>\n<p><strong>Ce lieu de tourment avait \u00e9t\u00e9 cr\u00e9\u00e9 originalement pour le jugement \u00e9ternel du diable et ses anges. Et pourtant des humains seront jet\u00e9s l\u00e0 eux aussi.<br \/>\n<a href= \" https:\/\/bible.publication-evangelique.com\/matthieu#25.41 \" rel= \" noopener noreferrer \" target= \" _blank \" >Matthieu\u00a025:41<\/a><\/strong> ensuite il dira \u00e0 ceux qui seront \u00e0 sa gauche\u00a0: Retirez-vous de moi, maudits ; allez dans le feu \u00e9ternel qui a \u00e9t\u00e9 pr\u00e9par\u00e9 pour le diable et pour ses anges.<\/p>\n<p><strong>Ce sera un ch\u00e2timent \u00e9ternel. Les non repentants dispara\u00eetront \u00e0 tout jamais.<br \/>\n<a href= \" https:\/\/bible.publication-evangelique.com\/matthieu#25.46 \" rel= \" noopener noreferrer \" target= \" _blank \" >Matthieu\u00a025:46<\/a><\/strong> et ceux-ci iront au ch\u00e2timent \u00e9ternel, mais les justes \u00e0 la vie \u00e9ternelle.<\/p>\n<p><strong>La Bible est pleine d\u2019avertissements au sujet de ce lieu terrible qui attend les p\u00e9cheurs non repentants, afin que les gens soient \u00e9pargn\u00e9s du jugement dans ce lieu de tourment..<br \/>\n<a href= \" https:\/\/bible.publication-evangelique.com\/matthieu#13.40 \" rel= \" noopener noreferrer \" target= \" _blank \" >Mathieu 13:40-42<\/a><\/strong> Or, comme on arrache l\u2019ivraie et qu\u2019on la jette au feu, il en sera de m\u00eame \u00e0 la fin du monde. 41 Le Fils de l\u2019homme enverra ses anges, qui arracheront de son royaume tous les scandales et ceux qui commettent l\u2019iniquit\u00e9\u00a0: 42 et ils les jetteront dans la fournaise ardente, o\u00f9 il y aura des pleurs et des grincements de dents.<\/p>\n<p>Dieu appelle encore aujourd\u2019hui ceux qui n\u2019ont pas encore accept\u00e9 J\u00e9sus comme leur sauveur et Seigneur. Il est encore temps!<\/p>\n<p>&#8212;&#8212;&#8212;&#8212;&#8212;&#8212;<\/p>\n<p>Daniel Poulin<br \/>\n<a title= \" Publication \u00c9vang\u00e9lique \" href= \" https:\/\/publication-evangelique.com \" target= \" _blank \" rel= \" noopener noreferrer \" >https:\/\/publication-evangelique.com<\/a><\/p>\n<p><strong>Adresse de ce blogue :<\/strong> <a href= \" https:\/\/publication-evangelique.com\/?p=16705 \" > https:\/\/publication-evangelique.com\/?p=16705<\/a><\/p>\n<p><strong>De la s\u00e9rie : <\/strong> <a href= \" https:\/\/publication-evangelique.com\/?page_id=16294 \" > Le retour du Seigneur J\u00e9sus-Christ<\/a><\/p>\n","protected":false},"excerpt":{"rendered":"<p>Suite \u00e0 notre super bon temps avec le Seigneur sur cette terre, le diable fera encore ses ravages. Satan sera rel\u00e2ch\u00e9 de sa prison et incitera les nations \u00e0 la r\u00e9volte contre Dieu.<\/p>\n <a class=\"more-link\" href=\"https:\/\/publication-evangelique.com\/?p=16705\"><span class=\"more-msg\">Lire la suite &rarr;<\/span><\/a>","protected":false},"author":1,"featured_media":13041,"comment_status":"open","ping_status":"open","sticky":false,"template":"","format":"standard","meta":{"footnotes":""},"categories":[13,3,862],"tags":[154,208,212],"class_list":["post-16705","post","type-post","status-publish","format-standard","has-post-thumbnail","hentry","category-fin-des-temps","category-accueil","category-retour-du-seigneur","tag-fin","tag-mille-ans","tag-monde"],"yoast_head":"<!-- This site is optimized with the Yoast SEO plugin v27.4 - https:\/\/yoast.com\/product\/yoast-seo-wordpress\/ -->\n<title>\u00c0 la fin des mille ans, ce sera la fin du monde pr\u00e9sent. - Publication \u00c9vang\u00e9lique<\/title>\n<meta name=\"robots\" content=\"index, follow, max-snippet:-1, max-image-preview:large, max-video-preview:-1\" \/>\n<link rel=\"canonical\" href=\"https:\/\/publication-evangelique.com\/?p=16705\" \/>\n<meta property=\"og:locale\" content=\"fr_FR\" \/>\n<meta property=\"og:type\" content=\"article\" \/>\n<meta property=\"og:title\" content=\"\u00c0 la fin des mille ans, ce sera la fin du monde pr\u00e9sent. - Publication \u00c9vang\u00e9lique\" \/>\n<meta property=\"og:description\" content=\"Suite \u00e0 notre super bon temps avec le Seigneur sur cette terre, le diable fera encore ses ravages. Satan sera rel\u00e2ch\u00e9 de sa prison et incitera les nations \u00e0 la r\u00e9volte contre Dieu.\" \/>\n<meta property=\"og:url\" content=\"https:\/\/publication-evangelique.com\/?p=16705\" \/>\n<meta property=\"og:site_name\" content=\"Publication \u00c9vang\u00e9lique\" \/>\n<meta property=\"article:publisher\" content=\"https:\/\/www.facebook.com\/danielpoulin75\" \/>\n<meta property=\"article:author\" content=\"https:\/\/www.facebook.com\/danielpoulin75\" \/>\n<meta property=\"article:published_time\" content=\"2020-12-01T01:13:23+00:00\" \/>\n<meta property=\"article:modified_time\" content=\"2020-12-05T19:14:46+00:00\" \/>\n<meta property=\"og:image\" content=\"https:\/\/publication-evangelique.com\/wp-content\/uploads\/1244.jpg\" \/>\n\t<meta property=\"og:image:width\" content=\"1280\" \/>\n\t<meta property=\"og:image:height\" content=\"800\" \/>\n\t<meta property=\"og:image:type\" content=\"image\/jpeg\" \/>\n<meta name=\"author\" content=\"Daniel Poulin\" \/>\n<meta name=\"twitter:label1\" content=\"\u00c9crit par\" \/>\n\t<meta name=\"twitter:data1\" content=\"Daniel Poulin\" \/>\n\t<meta name=\"twitter:label2\" content=\"Dur\u00e9e de lecture estim\u00e9e\" \/>\n\t<meta name=\"twitter:data2\" content=\"5 minutes\" \/>\n<script type=\"application\/ld+json\" class=\"yoast-schema-graph\">{\"@context\":\"https:\\\/\\\/schema.org\",\"@graph\":[{\"@type\":\"Article\",\"@id\":\"https:\\\/\\\/publication-evangelique.com\\\/?p=16705#article\",\"isPartOf\":{\"@id\":\"https:\\\/\\\/publication-evangelique.com\\\/?p=16705\"},\"author\":{\"name\":\"Daniel Poulin\",\"@id\":\"https:\\\/\\\/publication-evangelique.com\\\/#\\\/schema\\\/person\\\/a7aa86223ca614c8c1a737d18c95460c\"},\"headline\":\"\u00c0 la fin des mille ans, ce sera la fin du monde pr\u00e9sent.\",\"datePublished\":\"2020-12-01T01:13:23+00:00\",\"dateModified\":\"2020-12-05T19:14:46+00:00\",\"mainEntityOfPage\":{\"@id\":\"https:\\\/\\\/publication-evangelique.com\\\/?p=16705\"},\"wordCount\":1079,\"commentCount\":0,\"publisher\":{\"@id\":\"https:\\\/\\\/publication-evangelique.com\\\/#\\\/schema\\\/person\\\/a7aa86223ca614c8c1a737d18c95460c\"},\"image\":{\"@id\":\"https:\\\/\\\/publication-evangelique.com\\\/?p=16705#primaryimage\"},\"thumbnailUrl\":\"https:\\\/\\\/publication-evangelique.com\\\/wp-content\\\/uploads\\\/1244.jpg\",\"keywords\":[\"fin\",\"mille ans\",\"monde\"],\"articleSection\":[\"Fin des temps\",\"Retour de J\u00e9sus\",\"retour du Seigneur\"],\"inLanguage\":\"fr-FR\"},{\"@type\":\"WebPage\",\"@id\":\"https:\\\/\\\/publication-evangelique.com\\\/?p=16705\",\"url\":\"https:\\\/\\\/publication-evangelique.com\\\/?p=16705\",\"name\":\"\u00c0 la fin des mille ans, ce sera la fin du monde pr\u00e9sent. - Publication \u00c9vang\u00e9lique\",\"isPartOf\":{\"@id\":\"https:\\\/\\\/publication-evangelique.com\\\/#website\"},\"primaryImageOfPage\":{\"@id\":\"https:\\\/\\\/publication-evangelique.com\\\/?p=16705#primaryimage\"},\"image\":{\"@id\":\"https:\\\/\\\/publication-evangelique.com\\\/?p=16705#primaryimage\"},\"thumbnailUrl\":\"https:\\\/\\\/publication-evangelique.com\\\/wp-content\\\/uploads\\\/1244.jpg\",\"datePublished\":\"2020-12-01T01:13:23+00:00\",\"dateModified\":\"2020-12-05T19:14:46+00:00\",\"breadcrumb\":{\"@id\":\"https:\\\/\\\/publication-evangelique.com\\\/?p=16705#breadcrumb\"},\"inLanguage\":\"fr-FR\",\"potentialAction\":[{\"@type\":\"ReadAction\",\"target\":[\"https:\\\/\\\/publication-evangelique.com\\\/?p=16705\"]}]},{\"@type\":\"ImageObject\",\"inLanguage\":\"fr-FR\",\"@id\":\"https:\\\/\\\/publication-evangelique.com\\\/?p=16705#primaryimage\",\"url\":\"https:\\\/\\\/publication-evangelique.com\\\/wp-content\\\/uploads\\\/1244.jpg\",\"contentUrl\":\"https:\\\/\\\/publication-evangelique.com\\\/wp-content\\\/uploads\\\/1244.jpg\",\"width\":1280,\"height\":800},{\"@type\":\"BreadcrumbList\",\"@id\":\"https:\\\/\\\/publication-evangelique.com\\\/?p=16705#breadcrumb\",\"itemListElement\":[{\"@type\":\"ListItem\",\"position\":1,\"name\":\"Accueil\",\"item\":\"https:\\\/\\\/publication-evangelique.com\\\/\"},{\"@type\":\"ListItem\",\"position\":2,\"name\":\"\u00c0 la fin des mille ans, ce sera la fin du monde pr\u00e9sent.\"}]},{\"@type\":\"WebSite\",\"@id\":\"https:\\\/\\\/publication-evangelique.com\\\/#website\",\"url\":\"https:\\\/\\\/publication-evangelique.com\\\/\",\"name\":\"Daniel Poulin - publication-evangelique.com\",\"description\":\"Daniel Poulin\",\"publisher\":{\"@id\":\"https:\\\/\\\/publication-evangelique.com\\\/#\\\/schema\\\/person\\\/a7aa86223ca614c8c1a737d18c95460c\"},\"potentialAction\":[{\"@type\":\"SearchAction\",\"target\":{\"@type\":\"EntryPoint\",\"urlTemplate\":\"https:\\\/\\\/publication-evangelique.com\\\/?s={search_term_string}\"},\"query-input\":{\"@type\":\"PropertyValueSpecification\",\"valueRequired\":true,\"valueName\":\"search_term_string\"}}],\"inLanguage\":\"fr-FR\"},{\"@type\":[\"Person\",\"Organization\"],\"@id\":\"https:\\\/\\\/publication-evangelique.com\\\/#\\\/schema\\\/person\\\/a7aa86223ca614c8c1a737d18c95460c\",\"name\":\"Daniel Poulin\",\"image\":{\"@type\":\"ImageObject\",\"inLanguage\":\"fr-FR\",\"@id\":\"https:\\\/\\\/publication-evangelique.com\\\/wp-content\\\/uploads\\\/daniel5-1.jpg\",\"url\":\"https:\\\/\\\/publication-evangelique.com\\\/wp-content\\\/uploads\\\/daniel5-1.jpg\",\"contentUrl\":\"https:\\\/\\\/publication-evangelique.com\\\/wp-content\\\/uploads\\\/daniel5-1.jpg\",\"width\":833,\"height\":969,\"caption\":\"Daniel Poulin\"},\"logo\":{\"@id\":\"https:\\\/\\\/publication-evangelique.com\\\/wp-content\\\/uploads\\\/daniel5-1.jpg\"},\"description\":\"Bonjour, ici Daniel Poulin! Je suis un chr\u00e9tien n\u00e9 de nouveau depuis 1980, ayant parcouru un cheminement avec le Seigneur J\u00e9sus-Christ, j'ai construit ce site afin de partager mes connaissances de la parole de Dieu \\\" La Bible \\\" Je travaille aussi au d\u00e9veloppement de la station de radio chr\u00e9tienne fran\u00e7aise \u00e0 Montr\u00e9al, \\\" La Radio Gospel \\\" que vous pouvez voir ici http:\\\/\\\/laradiogospel.ca Je fr\u00e9quente aussi une \u00e9glise, dont je pr\u00eache et j\u2019enseigne la parole de Dieu. La communaut\u00e9 \u00c9vang\u00e9lique de l'Agneau \\\" , voici l'adresse, http:\\\/\\\/communauteevangelique.ca\\\/\",\"sameAs\":[\"https:\\\/\\\/publication-evangelique.com\",\"https:\\\/\\\/www.facebook.com\\\/danielpoulin75\",\"https:\\\/\\\/www.linkedin.com\\\/in\\\/daniel-poulin-64614745\\\/\",\"https:\\\/\\\/x.com\\\/https:\\\/\\\/twitter.com\\\/Daniel_Poulin\",\"https:\\\/\\\/www.youtube.com\\\/user\\\/danielpoulin75\\\/videos\"]}]}<\/script>\n<!-- \/ Yoast SEO plugin. -->","yoast_head_json":{"title":"\u00c0 la fin des mille ans, ce sera la fin du monde pr\u00e9sent. - Publication \u00c9vang\u00e9lique","robots":{"index":"index","follow":"follow","max-snippet":"max-snippet:-1","max-image-preview":"max-image-preview:large","max-video-preview":"max-video-preview:-1"},"canonical":"https:\/\/publication-evangelique.com\/?p=16705","og_locale":"fr_FR","og_type":"article","og_title":"\u00c0 la fin des mille ans, ce sera la fin du monde pr\u00e9sent. - Publication \u00c9vang\u00e9lique","og_description":"Suite \u00e0 notre super bon temps avec le Seigneur sur cette terre, le diable fera encore ses ravages. Satan sera rel\u00e2ch\u00e9 de sa prison et incitera les nations \u00e0 la r\u00e9volte contre Dieu.","og_url":"https:\/\/publication-evangelique.com\/?p=16705","og_site_name":"Publication \u00c9vang\u00e9lique","article_publisher":"https:\/\/www.facebook.com\/danielpoulin75","article_author":"https:\/\/www.facebook.com\/danielpoulin75","article_published_time":"2020-12-01T01:13:23+00:00","article_modified_time":"2020-12-05T19:14:46+00:00","og_image":[{"width":1280,"height":800,"url":"https:\/\/publication-evangelique.com\/wp-content\/uploads\/1244.jpg","type":"image\/jpeg"}],"author":"Daniel Poulin","twitter_misc":{"\u00c9crit par":"Daniel Poulin","Dur\u00e9e de lecture estim\u00e9e":"5 minutes"},"schema":{"@context":"https:\/\/schema.org","@graph":[{"@type":"Article","@id":"https:\/\/publication-evangelique.com\/?p=16705#article","isPartOf":{"@id":"https:\/\/publication-evangelique.com\/?p=16705"},"author":{"name":"Daniel Poulin","@id":"https:\/\/publication-evangelique.com\/#\/schema\/person\/a7aa86223ca614c8c1a737d18c95460c"},"headline":"\u00c0 la fin des mille ans, ce sera la fin du monde pr\u00e9sent.","datePublished":"2020-12-01T01:13:23+00:00","dateModified":"2020-12-05T19:14:46+00:00","mainEntityOfPage":{"@id":"https:\/\/publication-evangelique.com\/?p=16705"},"wordCount":1079,"commentCount":0,"publisher":{"@id":"https:\/\/publication-evangelique.com\/#\/schema\/person\/a7aa86223ca614c8c1a737d18c95460c"},"image":{"@id":"https:\/\/publication-evangelique.com\/?p=16705#primaryimage"},"thumbnailUrl":"https:\/\/publication-evangelique.com\/wp-content\/uploads\/1244.jpg","keywords":["fin","mille ans","monde"],"articleSection":["Fin des temps","Retour de J\u00e9sus","retour du Seigneur"],"inLanguage":"fr-FR"},{"@type":"WebPage","@id":"https:\/\/publication-evangelique.com\/?p=16705","url":"https:\/\/publication-evangelique.com\/?p=16705","name":"\u00c0 la fin des mille ans, ce sera la fin du monde pr\u00e9sent. - Publication \u00c9vang\u00e9lique","isPartOf":{"@id":"https:\/\/publication-evangelique.com\/#website"},"primaryImageOfPage":{"@id":"https:\/\/publication-evangelique.com\/?p=16705#primaryimage"},"image":{"@id":"https:\/\/publication-evangelique.com\/?p=16705#primaryimage"},"thumbnailUrl":"https:\/\/publication-evangelique.com\/wp-content\/uploads\/1244.jpg","datePublished":"2020-12-01T01:13:23+00:00","dateModified":"2020-12-05T19:14:46+00:00","breadcrumb":{"@id":"https:\/\/publication-evangelique.com\/?p=16705#breadcrumb"},"inLanguage":"fr-FR","potentialAction":[{"@type":"ReadAction","target":["https:\/\/publication-evangelique.com\/?p=16705"]}]},{"@type":"ImageObject","inLanguage":"fr-FR","@id":"https:\/\/publication-evangelique.com\/?p=16705#primaryimage","url":"https:\/\/publication-evangelique.com\/wp-content\/uploads\/1244.jpg","contentUrl":"https:\/\/publication-evangelique.com\/wp-content\/uploads\/1244.jpg","width":1280,"height":800},{"@type":"BreadcrumbList","@id":"https:\/\/publication-evangelique.com\/?p=16705#breadcrumb","itemListElement":[{"@type":"ListItem","position":1,"name":"Accueil","item":"https:\/\/publication-evangelique.com\/"},{"@type":"ListItem","position":2,"name":"\u00c0 la fin des mille ans, ce sera la fin du monde pr\u00e9sent."}]},{"@type":"WebSite","@id":"https:\/\/publication-evangelique.com\/#website","url":"https:\/\/publication-evangelique.com\/","name":"Daniel Poulin - publication-evangelique.com","description":"Daniel Poulin","publisher":{"@id":"https:\/\/publication-evangelique.com\/#\/schema\/person\/a7aa86223ca614c8c1a737d18c95460c"},"potentialAction":[{"@type":"SearchAction","target":{"@type":"EntryPoint","urlTemplate":"https:\/\/publication-evangelique.com\/?s={search_term_string}"},"query-input":{"@type":"PropertyValueSpecification","valueRequired":true,"valueName":"search_term_string"}}],"inLanguage":"fr-FR"},{"@type":["Person","Organization"],"@id":"https:\/\/publication-evangelique.com\/#\/schema\/person\/a7aa86223ca614c8c1a737d18c95460c","name":"Daniel Poulin","image":{"@type":"ImageObject","inLanguage":"fr-FR","@id":"https:\/\/publication-evangelique.com\/wp-content\/uploads\/daniel5-1.jpg","url":"https:\/\/publication-evangelique.com\/wp-content\/uploads\/daniel5-1.jpg","contentUrl":"https:\/\/publication-evangelique.com\/wp-content\/uploads\/daniel5-1.jpg","width":833,"height":969,"caption":"Daniel Poulin"},"logo":{"@id":"https:\/\/publication-evangelique.com\/wp-content\/uploads\/daniel5-1.jpg"},"description":"Bonjour, ici Daniel Poulin! Je suis un chr\u00e9tien n\u00e9 de nouveau depuis 1980, ayant parcouru un cheminement avec le Seigneur J\u00e9sus-Christ, j'ai construit ce site afin de partager mes connaissances de la parole de Dieu \" La Bible \" Je travaille aussi au d\u00e9veloppement de la station de radio chr\u00e9tienne fran\u00e7aise \u00e0 Montr\u00e9al, \" La Radio Gospel \" que vous pouvez voir ici http:\/\/laradiogospel.ca Je fr\u00e9quente aussi une \u00e9glise, dont je pr\u00eache et j\u2019enseigne la parole de Dieu. La communaut\u00e9 \u00c9vang\u00e9lique de l'Agneau \" , voici l'adresse, http:\/\/communauteevangelique.ca\/","sameAs":["https:\/\/publication-evangelique.com","https:\/\/www.facebook.com\/danielpoulin75","https:\/\/www.linkedin.com\/in\/daniel-poulin-64614745\/","https:\/\/x.com\/https:\/\/twitter.com\/Daniel_Poulin","https:\/\/www.youtube.com\/user\/danielpoulin75\/videos"]}]}},"_links":{"self":[{"href":"https:\/\/publication-evangelique.com\/index.php?rest_route=\/wp\/v2\/posts\/16705","targetHints":{"allow":["GET"]}}],"collection":[{"href":"https:\/\/publication-evangelique.com\/index.php?rest_route=\/wp\/v2\/posts"}],"about":[{"href":"https:\/\/publication-evangelique.com\/index.php?rest_route=\/wp\/v2\/types\/post"}],"author":[{"embeddable":true,"href":"https:\/\/publication-evangelique.com\/index.php?rest_route=\/wp\/v2\/users\/1"}],"replies":[{"embeddable":true,"href":"https:\/\/publication-evangelique.com\/index.php?rest_route=%2Fwp%2Fv2%2Fcomments&post=16705"}],"version-history":[{"count":0,"href":"https:\/\/publication-evangelique.com\/index.php?rest_route=\/wp\/v2\/posts\/16705\/revisions"}],"wp:featuredmedia":[{"embeddable":true,"href":"https:\/\/publication-evangelique.com\/index.php?rest_route=\/wp\/v2\/media\/13041"}],"wp:attachment":[{"href":"https:\/\/publication-evangelique.com\/index.php?rest_route=%2Fwp%2Fv2%2Fmedia&parent=16705"}],"wp:term":[{"taxonomy":"category","embeddable":true,"href":"https:\/\/publication-evangelique.com\/index.php?rest_route=%2Fwp%2Fv2%2Fcategories&post=16705"},{"taxonomy":"post_tag","embeddable":true,"href":"https:\/\/publication-evangelique.com\/index.php?rest_route=%2Fwp%2Fv2%2Ftags&post=16705"}],"curies":[{"name":"wp","href":"https:\/\/api.w.org\/{rel}","templated":true}]}}