{"id":19257,"date":"2024-04-23T05:41:04","date_gmt":"2024-04-23T10:41:04","guid":{"rendered":"https:\/\/publication-evangelique.com\/?p=19257"},"modified":"2024-05-26T08:44:42","modified_gmt":"2024-05-26T13:44:42","slug":"la-paque-biblique-une-fete-eternelle","status":"publish","type":"post","link":"https:\/\/publication-evangelique.com\/?p=19257","title":{"rendered":"La p\u00e2que biblique, une f\u00eate \u00e9ternelle."},"content":{"rendered":"<h3>La f\u00eate de p\u00e2que est une tr\u00e8s grande f\u00eate pour les juifs et pour les chr\u00e9tiens.<\/h3>\n<p><audio style=\"width: 480px;\" src=\" https:\/\/publication-evangelique.com\/media\/preche\/24\/24_04_20.mp3 \" preload=\" none \" controls=\"controls\"><\/audio><br \/>\n<strong>T\u00e9l\u00e9charger &#8211;&gt; <\/strong><a href=\" https:\/\/publication-evangelique.com\/media\/preche\/24\/24_04_20.mp3 \">MP3<\/a><\/p>\n<p>Elle devait \u00eatre c\u00e9l\u00e9br\u00e9e \u00e0 la date pr\u00e9cise, donn\u00e9e par Dieu. Cette f\u00eate avait un sens proph\u00e9tique.<\/p>\n<p><strong>Cette f\u00eate se d\u00e9roulait au premier mois de l\u2019ann\u00e9e du calendrier lunaire, d\u00e9sign\u00e9 par Yahv\u00e9.<br \/>\n<a href=\"https:\/\/bible.publication-evangelique.com\/exode#12.1\" target=\"_blank\" rel=\"noopener\">Exode 12:1-2<\/a><\/strong> L\u2019\u00c9ternel dit \u00e0 Mo\u00efse et \u00e0 Aaron dans le pays d\u2019\u00c9gypte : 2 ce mois-ci sera pour vous le premier des mois ; il sera pour vous le premier des mois de l\u2019ann\u00e9e. <!--more--><\/p>\n<p><strong>Il est appel\u00e9 le mois des \u00e9pis.<br \/>\n<a href=\"https:\/\/bible.publication-evangelique.com\/deuteronome#16.1.\" target=\"_blank\" rel=\"noopener\">Deut\u00e9ronome 16:1<\/a><\/strong> Observe le mois des \u00e9pis, et c\u00e9l\u00e8bre la P\u00e2que en l\u2019honneur de l\u2019\u00c9ternel, ton Dieu ; car c\u2019est dans le mois des \u00e9pis que l\u2019\u00c9ternel, ton Dieu, t\u2019a fait sortir d\u2019\u00c9gypte, pendant la nuit.<\/p>\n<p><strong>Le premier mois de l\u2019ann\u00e9e du calendrier lunaire est aussi appel\u00e9 le mois de Nisan.<br \/>\n<a href=\"https:\/\/bible.publication-evangelique.com\/esther#3.7\" target=\"_blank\" rel=\"noopener\">Esther 3:7<\/a><\/strong> Au premier mois, qui est le mois de Nisan, la douzi\u00e8me ann\u00e9e du roi Assu\u00e9rus, on jeta le pur, c\u2019est-\u00e0-dire le sort, devant Haman, pour chaque jour et pour chaque mois, jusqu\u2019au douzi\u00e8me mois, qui est le mois d\u2019Adar.<\/p>\n<p>Cette f\u00eate a d\u00e9but\u00e9 lorsque le peuple juif est sorti de l&rsquo;esclavage en \u00c9gypte lors de la dixi\u00e8me plaie.<\/p>\n<p><strong>Toutes les personnes qui croyaient Dieu devaient s\u2019acheter un agneau et appliquer \u00e0 la lettre ce que Mo\u00efse expliquait. La cons\u00e9quence \u00e9tait terrible pour ceux qui se sont moqu\u00e9s des paroles de Dieu.<br \/>\n<a href=\"https:\/\/bible.publication-evangelique.com\/exode#12.3\" target=\"_blank\" rel=\"noopener\">Exode 12:3-4<\/a><\/strong> Parlez \u00e0 toute l\u2019assembl\u00e9e d\u2019Isra\u00ebl, et dites : Le dixi\u00e8me jour de ce mois, on prendra un agneau pour chaque famille, un agneau pour chaque maison. 4 Si la maison est trop peu nombreuse pour un agneau, on le prendra avec son plus proche voisin, selon le nombre des personnes ; vous compterez pour cet agneau d\u2019apr\u00e8s ce que chacun peut manger.<\/p>\n<p><strong>Il fallait que l\u2019agneau soit sans d\u00e9faut.<br \/>\n<a href=\"https:\/\/bible.publication-evangelique.com\/exode#12.5\" target=\"_blank\" rel=\"noopener\">Exode 12:5<\/a><\/strong> Ce sera un agneau sans d\u00e9faut, m\u00e2le, \u00e2g\u00e9 d\u2019un an ; vous pourrez prendre un agneau ou un chevreau.<\/p>\n<p><strong>Il devait \u00eatre cuit et mang\u00e9 le 14 du mois des \u00e9pis ou de Nisan (1er mois de l\u2019ann\u00e9e juive).<br \/>\n<a href=\"https:\/\/bible.publication-evangelique.com\/exode#12.6\" target=\"_blank\" rel=\"noopener\">Exode 12:6<\/a><\/strong> Vous le garderez jusqu\u2019au quatorzi\u00e8me jour de ce mois ; et toute l\u2019assembl\u00e9e d\u2019Isra\u00ebl l\u2019immolera entre les deux soirs.<\/p>\n<p><strong>Toutes les maisons devaient mettre du sang de l\u2019agneau sur le cadrage de la porte.<br \/>\n<a href=\"https:\/\/bible.publication-evangelique.com\/exode#12.7\" target=\"_blank\" rel=\"noopener\">Exode 12:7<\/a><\/strong> On prendra de son sang, et on en mettra sur les deux poteaux et sur le linteau de la porte des maisons o\u00f9 on le mangera.<\/p>\n<p><strong>Il devait \u00eatre mang\u00e9 pendant un moment pr\u00e9cis.<br \/>\n<a href=\"https:\/\/bible.publication-evangelique.com\/exode#12.8\" target=\"_blank\" rel=\"noopener\">Exode 12:8<\/a><\/strong> Cette m\u00eame nuit, on en mangera la chair, r\u00f4tie au feu ; on la mangera avec des pains sans levain et des herbes am\u00e8res.<\/p>\n<p><strong>Il devait \u00eatre pris en entier, servi de la fa\u00e7on que Dieu a dit.<br \/>\n<a href=\"https:\/\/bible.publication-evangelique.com\/exode#12.9\" target=\"_blank\" rel=\"noopener\">Exode 12:9-10<\/a><\/strong> Vous ne le mangerez point \u00e0 demi cuit et bouilli dans l\u2019eau ; mais il sera r\u00f4ti au feu, avec la t\u00eate, les jambes et l\u2019int\u00e9rieur. 10 Vous n\u2019en laisserez rien jusqu\u2019au matin ; et, s\u2019il en reste quelque chose le matin, vous le br\u00fblerez au feu.<\/p>\n<p><strong>Tous devaient se d\u00e9p\u00eacher de le manger, \u00eatre habill\u00e9, pr\u00eat \u00e0 partir.<br \/>\n<a href=\"https:\/\/bible.publication-evangelique.com\/exode#12.11\" target=\"_blank\" rel=\"noopener\">Exode 12:11<\/a><\/strong> Quand vous le mangerez, vous aurez vos reins ceints, vos souliers aux pieds, et votre b\u00e2ton \u00e0 la main ; et vous le mangerez \u00e0 la h\u00e2te. C\u2019est la P\u00e2que de l\u2019\u00c9ternel.<\/p>\n<p><strong>Dans cette journ\u00e9e-l\u00e0, pr\u00eat, pas pr\u00eat, l\u2019ange de la mort passera en tuant les premiers-n\u00e9s de chaque famille qui n\u2019\u00e9tait pas prot\u00e9g\u00e9e par le sang de l\u2019agneau.<br \/>\n<a href=\"https:\/\/bible.publication-evangelique.com\/exode#12.12\" target=\"_blank\" rel=\"noopener\">Exode 12:12-13<\/a><\/strong> Cette nuit-l\u00e0, je passerai dans le pays d\u2019\u00c9gypte, et je frapperai tous les premiers-n\u00e9s du pays d\u2019\u00c9gypte, depuis les hommes jusqu\u2019aux animaux, et j\u2019exercerai des jugements contre tous les dieux de l\u2019\u00c9gypte. Je suis l\u2019\u00c9ternel. 13 Le sang vous servira de signe sur les maisons o\u00f9 vous serez ; je verrai le sang, et je passerai par-dessus vous, et il n\u2019y aura point de plaie qui vous d\u00e9truise, quand je frapperai le pays d\u2019\u00c9gypte.<\/p>\n<p><strong>Strong p\u00e2que (Pessah)<\/strong> = \u00ab passer outre, \u00e9pargner \u00bb<\/p>\n<p><strong>Cette f\u00eate devait \u00eatre f\u00eat\u00e9e en permanence pour en conserver le souvenir.<br \/>\n<a href=\"https:\/\/bible.publication-evangelique.com\/exode#12.14\" target=\"_blank\" rel=\"noopener\">Exode 12:14<\/a><\/strong> Vous conserverez le souvenir de ce jour, et vous le c\u00e9l\u00e9brerez par une f\u00eate en l\u2019honneur de l\u2019\u00c9ternel ; Vous le c\u00e9l\u00e9brerez comme une loi perp\u00e9tuelle pour vos descendants.<\/p>\n<p><strong>LA DATE PR\u00c9CISE DE LA SORTIE D\u2019\u00c9GYPTE DE CETTE F\u00caTE AVAIT UN MESSAGE PROPH\u00c9TIQUE \u00c0 PROPOS DU MESSIE.<\/strong><\/p>\n<p><strong>J\u00e9sus a \u00e9t\u00e9 pr\u00e9sent\u00e9 comme \u00e9tant l\u2019Agneau de Dieu, venu pour \u00f4ter le p\u00e9ch\u00e9 du monde.<br \/>\n<a href=\"https:\/\/bible.publication-evangelique.com\/jean#1.29\" target=\"_blank\" rel=\"noopener\">Jean 1:29<\/a><\/strong> Le lendemain, il vit J\u00e9sus venant \u00e0 lui, et il dit : Voici l\u2019Agneau de Dieu, qui \u00f4te le p\u00e9ch\u00e9 du monde.<\/p>\n<p><strong>Il fallait que le Messie soit sans d\u00e9faut (sans p\u00e9ch\u00e9).<br \/>\n<a href=\"https:\/\/bible.publication-evangelique.com\/1-pierre#1.18\" target=\"_blank\" rel=\"noopener\">1 Pierre 1:19<\/a><\/strong> Mais par le sang pr\u00e9cieux de Christ, comme d\u2019un agneau sans d\u00e9faut et sans tache,<\/p>\n<p>L\u2019agneau devait \u00eatre cuit, mang\u00e9 et son sang mit sur les portes le 14 de Nisan.<br \/>\nLa date exacte de la mort de J\u00e9sus et de son sang qui a \u00e9t\u00e9 vers\u00e9.<br \/>\nLa journ\u00e9e pr\u00e9cise de la derni\u00e8re fois que J\u00e9sus mangeait la p\u00e2que avec ses disciples, c\u2019\u00e9tait dans la nuit avant le 14 de Nissan. La journ\u00e9e m\u00eame de la c\u00e9l\u00e9bration de la P\u00e2que ou J\u00e9sus est mort le 14.<\/p>\n<p>Toutes les maisons devaient mettre du sang de l\u2019agneau sur le cadrage de la porte afin d\u2019\u00eatre \u00e9pargn\u00e9es du jugement.<br \/>\nNous aussi, nous devons tous nous abriter sous le sang du Messie Yeshoua \u00ab J\u00e9sus \u00bb pour \u00eatre sauv\u00e9s.<\/p>\n<p>Il devait \u00eatre mang\u00e9 pendant un moment pr\u00e9cis.<br \/>\nCeux qui viendront trop tard pour essayer de profiter du pardon par le sang de J\u00e9sus, ils vont \u00eatre refus\u00e9s.<\/p>\n<p>Il devait \u00eatre pris en entier, servi de la fa\u00e7on que Dieu a dit.<br \/>\nLes gens doivent prendre en entier ce que Dieu a r\u00e9v\u00e9l\u00e9 dans la nouvelle alliance pour le salut, sinon c\u2019est inutile.<\/p>\n<p><strong>Nous voyons une vision des sauv\u00e9s dans l\u2019Apocalypse. Ils sont sauv\u00e9s par le sang de l\u2019Agneau.<br \/>\n<a href=\"https:\/\/bible.publication-evangelique.com\/apocalypse#7.13\" target=\"_blank\" rel=\"noopener\">Apocalypse 7:13-14<\/a><\/strong> Et l\u2019un des vieillards prit la parole et me dit : Ceux qui sont rev\u00eatus de robes blanches, qui sont-ils, et d\u2019o\u00f9 sont-ils venus ? 14 Je lui dis : mon seigneur, tu le sais. Et il me dit : ce sont ceux qui viennent de la grande tribulation ; ils ont lav\u00e9 leurs robes, et ils les ont blanchies dans le sang de l\u2019agneau.<\/p>\n<p>Tous devaient se d\u00e9p\u00eacher \u00e0 le manger, \u00eatre habill\u00e9, pr\u00eat \u00e0 partir.<br \/>\nDe m\u00eame ceux qui vivent avec l\u2019esp\u00e9rance de la vie \u00e9ternelle, doivent en tout temps \u00eatre pr\u00eats \u00e0 partir pour rencontrer Dieu.<\/p>\n<p>Dieu a fix\u00e9 un jour o\u00f9 il jugera le monde, tous ceux qui ne sont pas couverts du sang du Messie.<\/p>\n<p><strong>Le Nouveau Testament nous enseigne \u00e0 c\u00e9l\u00e9brer encore cette f\u00eate en l\u2019honneur de notre sauveur.<br \/>\n<a href=\"https:\/\/bible.publication-evangelique.com\/1-corinthiens#5.7\" target=\"_blank\" rel=\"noopener\">1 Corinthiens 5:7-8<\/a><\/strong> Faites dispara\u00eetre le vieux levain, afin que vous soyez une p\u00e2te nouvelle, puisque vous \u00eates sans levain, car Christ, notre P\u00e2que, a \u00e9t\u00e9 immol\u00e9. 8 C\u00e9l\u00e9brons donc la f\u00eate, non avec du vieux levain, non avec un levain de malice et de m\u00e9chancet\u00e9, mais avec les pains sans levain de la puret\u00e9 et de la v\u00e9rit\u00e9.<\/p>\n<p>&#8212;&#8212;&#8212;&#8212;&#8212;&#8212;<\/p>\n<p>Daniel Poulin<br \/>\n<a title=\" Publication \u00c9vang\u00e9lique \" href=\"https:\/\/publication-evangelique.com\" target=\" _blank \" rel=\"noopener noreferrer\">https:\/\/publication-evangelique.com<\/a><\/p>\n<p><strong>Adresse de ce blogue :<\/strong> <a href=\" https:\/\/publication-evangelique.com\/?p=19257 \"> https:\/\/publication-evangelique.com\/?p=19257<\/a><\/p>\n","protected":false},"excerpt":{"rendered":"<p>La f\u00eate de p\u00e2que est une tr\u00e8s grande f\u00eate pour les juifs et pour les chr\u00e9tiens. Elle devait \u00eatre c\u00e9l\u00e9br\u00e9e \u00e0 la date pr\u00e9cise, donn\u00e9e par Dieu. Cette f\u00eate avait un sens proph\u00e9tique.<\/p>\n <a class=\"more-link\" href=\"https:\/\/publication-evangelique.com\/?p=19257\"><span class=\"more-msg\">Lire la suite &rarr;<\/span><\/a>","protected":false},"author":1,"featured_media":13132,"comment_status":"closed","ping_status":"closed","sticky":false,"template":"","format":"standard","meta":{"footnotes":""},"categories":[12],"tags":[139,149,661],"class_list":["post-19257","post","type-post","status-publish","format-standard","has-post-thumbnail","hentry","category-fetes","tag-eternelle","tag-fete","tag-paque"],"yoast_head":"<!-- This site is optimized with the Yoast SEO plugin v27.4 - https:\/\/yoast.com\/product\/yoast-seo-wordpress\/ -->\n<title>La p\u00e2que biblique, une f\u00eate \u00e9ternelle. - Publication \u00c9vang\u00e9lique<\/title>\n<meta name=\"robots\" content=\"index, follow, max-snippet:-1, max-image-preview:large, max-video-preview:-1\" \/>\n<link rel=\"canonical\" href=\"https:\/\/publication-evangelique.com\/?p=19257\" \/>\n<meta property=\"og:locale\" content=\"fr_FR\" \/>\n<meta property=\"og:type\" content=\"article\" \/>\n<meta property=\"og:title\" content=\"La p\u00e2que biblique, une f\u00eate \u00e9ternelle. - Publication \u00c9vang\u00e9lique\" \/>\n<meta property=\"og:description\" content=\"La f\u00eate de p\u00e2que est une tr\u00e8s grande f\u00eate pour les juifs et pour les chr\u00e9tiens. Elle devait \u00eatre c\u00e9l\u00e9br\u00e9e \u00e0 la date pr\u00e9cise, donn\u00e9e par Dieu. Cette f\u00eate avait un sens proph\u00e9tique.\" \/>\n<meta property=\"og:url\" content=\"https:\/\/publication-evangelique.com\/?p=19257\" \/>\n<meta property=\"og:site_name\" content=\"Publication \u00c9vang\u00e9lique\" \/>\n<meta property=\"article:publisher\" content=\"https:\/\/www.facebook.com\/danielpoulin75\" \/>\n<meta property=\"article:author\" content=\"https:\/\/www.facebook.com\/danielpoulin75\" \/>\n<meta property=\"article:published_time\" content=\"2024-04-23T10:41:04+00:00\" \/>\n<meta property=\"article:modified_time\" content=\"2024-05-26T13:44:42+00:00\" \/>\n<meta property=\"og:image\" content=\"https:\/\/publication-evangelique.com\/wp-content\/uploads\/1336.jpg\" \/>\n\t<meta property=\"og:image:width\" content=\"1280\" \/>\n\t<meta property=\"og:image:height\" content=\"851\" \/>\n\t<meta property=\"og:image:type\" content=\"image\/jpeg\" \/>\n<meta name=\"author\" content=\"Daniel Poulin\" \/>\n<meta name=\"twitter:label1\" content=\"\u00c9crit par\" \/>\n\t<meta name=\"twitter:data1\" content=\"Daniel Poulin\" \/>\n\t<meta name=\"twitter:label2\" content=\"Dur\u00e9e de lecture estim\u00e9e\" \/>\n\t<meta name=\"twitter:data2\" content=\"7 minutes\" \/>\n<script type=\"application\/ld+json\" class=\"yoast-schema-graph\">{\"@context\":\"https:\\\/\\\/schema.org\",\"@graph\":[{\"@type\":\"Article\",\"@id\":\"https:\\\/\\\/publication-evangelique.com\\\/?p=19257#article\",\"isPartOf\":{\"@id\":\"https:\\\/\\\/publication-evangelique.com\\\/?p=19257\"},\"author\":{\"name\":\"Daniel Poulin\",\"@id\":\"https:\\\/\\\/publication-evangelique.com\\\/#\\\/schema\\\/person\\\/a7aa86223ca614c8c1a737d18c95460c\"},\"headline\":\"La p\u00e2que biblique, une f\u00eate \u00e9ternelle.\",\"datePublished\":\"2024-04-23T10:41:04+00:00\",\"dateModified\":\"2024-05-26T13:44:42+00:00\",\"mainEntityOfPage\":{\"@id\":\"https:\\\/\\\/publication-evangelique.com\\\/?p=19257\"},\"wordCount\":1340,\"publisher\":{\"@id\":\"https:\\\/\\\/publication-evangelique.com\\\/#\\\/schema\\\/person\\\/a7aa86223ca614c8c1a737d18c95460c\"},\"image\":{\"@id\":\"https:\\\/\\\/publication-evangelique.com\\\/?p=19257#primaryimage\"},\"thumbnailUrl\":\"https:\\\/\\\/publication-evangelique.com\\\/wp-content\\\/uploads\\\/1336.jpg\",\"keywords\":[\"\u00e9ternelle\",\"f\u00eate\",\"p\u00e2que\"],\"articleSection\":[\"F\u00eates\"],\"inLanguage\":\"fr-FR\"},{\"@type\":\"WebPage\",\"@id\":\"https:\\\/\\\/publication-evangelique.com\\\/?p=19257\",\"url\":\"https:\\\/\\\/publication-evangelique.com\\\/?p=19257\",\"name\":\"La p\u00e2que biblique, une f\u00eate \u00e9ternelle. - Publication \u00c9vang\u00e9lique\",\"isPartOf\":{\"@id\":\"https:\\\/\\\/publication-evangelique.com\\\/#website\"},\"primaryImageOfPage\":{\"@id\":\"https:\\\/\\\/publication-evangelique.com\\\/?p=19257#primaryimage\"},\"image\":{\"@id\":\"https:\\\/\\\/publication-evangelique.com\\\/?p=19257#primaryimage\"},\"thumbnailUrl\":\"https:\\\/\\\/publication-evangelique.com\\\/wp-content\\\/uploads\\\/1336.jpg\",\"datePublished\":\"2024-04-23T10:41:04+00:00\",\"dateModified\":\"2024-05-26T13:44:42+00:00\",\"breadcrumb\":{\"@id\":\"https:\\\/\\\/publication-evangelique.com\\\/?p=19257#breadcrumb\"},\"inLanguage\":\"fr-FR\",\"potentialAction\":[{\"@type\":\"ReadAction\",\"target\":[\"https:\\\/\\\/publication-evangelique.com\\\/?p=19257\"]}]},{\"@type\":\"ImageObject\",\"inLanguage\":\"fr-FR\",\"@id\":\"https:\\\/\\\/publication-evangelique.com\\\/?p=19257#primaryimage\",\"url\":\"https:\\\/\\\/publication-evangelique.com\\\/wp-content\\\/uploads\\\/1336.jpg\",\"contentUrl\":\"https:\\\/\\\/publication-evangelique.com\\\/wp-content\\\/uploads\\\/1336.jpg\",\"width\":1280,\"height\":851},{\"@type\":\"BreadcrumbList\",\"@id\":\"https:\\\/\\\/publication-evangelique.com\\\/?p=19257#breadcrumb\",\"itemListElement\":[{\"@type\":\"ListItem\",\"position\":1,\"name\":\"Accueil\",\"item\":\"https:\\\/\\\/publication-evangelique.com\\\/\"},{\"@type\":\"ListItem\",\"position\":2,\"name\":\"La p\u00e2que biblique, une f\u00eate \u00e9ternelle.\"}]},{\"@type\":\"WebSite\",\"@id\":\"https:\\\/\\\/publication-evangelique.com\\\/#website\",\"url\":\"https:\\\/\\\/publication-evangelique.com\\\/\",\"name\":\"Daniel Poulin - publication-evangelique.com\",\"description\":\"Daniel Poulin\",\"publisher\":{\"@id\":\"https:\\\/\\\/publication-evangelique.com\\\/#\\\/schema\\\/person\\\/a7aa86223ca614c8c1a737d18c95460c\"},\"potentialAction\":[{\"@type\":\"SearchAction\",\"target\":{\"@type\":\"EntryPoint\",\"urlTemplate\":\"https:\\\/\\\/publication-evangelique.com\\\/?s={search_term_string}\"},\"query-input\":{\"@type\":\"PropertyValueSpecification\",\"valueRequired\":true,\"valueName\":\"search_term_string\"}}],\"inLanguage\":\"fr-FR\"},{\"@type\":[\"Person\",\"Organization\"],\"@id\":\"https:\\\/\\\/publication-evangelique.com\\\/#\\\/schema\\\/person\\\/a7aa86223ca614c8c1a737d18c95460c\",\"name\":\"Daniel Poulin\",\"image\":{\"@type\":\"ImageObject\",\"inLanguage\":\"fr-FR\",\"@id\":\"https:\\\/\\\/publication-evangelique.com\\\/wp-content\\\/uploads\\\/daniel5-1.jpg\",\"url\":\"https:\\\/\\\/publication-evangelique.com\\\/wp-content\\\/uploads\\\/daniel5-1.jpg\",\"contentUrl\":\"https:\\\/\\\/publication-evangelique.com\\\/wp-content\\\/uploads\\\/daniel5-1.jpg\",\"width\":833,\"height\":969,\"caption\":\"Daniel Poulin\"},\"logo\":{\"@id\":\"https:\\\/\\\/publication-evangelique.com\\\/wp-content\\\/uploads\\\/daniel5-1.jpg\"},\"description\":\"Bonjour, ici Daniel Poulin! Je suis un chr\u00e9tien n\u00e9 de nouveau depuis 1980, ayant parcouru un cheminement avec le Seigneur J\u00e9sus-Christ, j'ai construit ce site afin de partager mes connaissances de la parole de Dieu \\\" La Bible \\\" Je travaille aussi au d\u00e9veloppement de la station de radio chr\u00e9tienne fran\u00e7aise \u00e0 Montr\u00e9al, \\\" La Radio Gospel \\\" que vous pouvez voir ici http:\\\/\\\/laradiogospel.ca Je fr\u00e9quente aussi une \u00e9glise, dont je pr\u00eache et j\u2019enseigne la parole de Dieu. La communaut\u00e9 \u00c9vang\u00e9lique de l'Agneau \\\" , voici l'adresse, http:\\\/\\\/communauteevangelique.ca\\\/\",\"sameAs\":[\"https:\\\/\\\/publication-evangelique.com\",\"https:\\\/\\\/www.facebook.com\\\/danielpoulin75\",\"https:\\\/\\\/www.linkedin.com\\\/in\\\/daniel-poulin-64614745\\\/\",\"https:\\\/\\\/x.com\\\/https:\\\/\\\/twitter.com\\\/Daniel_Poulin\",\"https:\\\/\\\/www.youtube.com\\\/user\\\/danielpoulin75\\\/videos\"]}]}<\/script>\n<!-- \/ Yoast SEO plugin. -->","yoast_head_json":{"title":"La p\u00e2que biblique, une f\u00eate \u00e9ternelle. - Publication \u00c9vang\u00e9lique","robots":{"index":"index","follow":"follow","max-snippet":"max-snippet:-1","max-image-preview":"max-image-preview:large","max-video-preview":"max-video-preview:-1"},"canonical":"https:\/\/publication-evangelique.com\/?p=19257","og_locale":"fr_FR","og_type":"article","og_title":"La p\u00e2que biblique, une f\u00eate \u00e9ternelle. - Publication \u00c9vang\u00e9lique","og_description":"La f\u00eate de p\u00e2que est une tr\u00e8s grande f\u00eate pour les juifs et pour les chr\u00e9tiens. Elle devait \u00eatre c\u00e9l\u00e9br\u00e9e \u00e0 la date pr\u00e9cise, donn\u00e9e par Dieu. Cette f\u00eate avait un sens proph\u00e9tique.","og_url":"https:\/\/publication-evangelique.com\/?p=19257","og_site_name":"Publication \u00c9vang\u00e9lique","article_publisher":"https:\/\/www.facebook.com\/danielpoulin75","article_author":"https:\/\/www.facebook.com\/danielpoulin75","article_published_time":"2024-04-23T10:41:04+00:00","article_modified_time":"2024-05-26T13:44:42+00:00","og_image":[{"width":1280,"height":851,"url":"https:\/\/publication-evangelique.com\/wp-content\/uploads\/1336.jpg","type":"image\/jpeg"}],"author":"Daniel Poulin","twitter_misc":{"\u00c9crit par":"Daniel Poulin","Dur\u00e9e de lecture estim\u00e9e":"7 minutes"},"schema":{"@context":"https:\/\/schema.org","@graph":[{"@type":"Article","@id":"https:\/\/publication-evangelique.com\/?p=19257#article","isPartOf":{"@id":"https:\/\/publication-evangelique.com\/?p=19257"},"author":{"name":"Daniel Poulin","@id":"https:\/\/publication-evangelique.com\/#\/schema\/person\/a7aa86223ca614c8c1a737d18c95460c"},"headline":"La p\u00e2que biblique, une f\u00eate \u00e9ternelle.","datePublished":"2024-04-23T10:41:04+00:00","dateModified":"2024-05-26T13:44:42+00:00","mainEntityOfPage":{"@id":"https:\/\/publication-evangelique.com\/?p=19257"},"wordCount":1340,"publisher":{"@id":"https:\/\/publication-evangelique.com\/#\/schema\/person\/a7aa86223ca614c8c1a737d18c95460c"},"image":{"@id":"https:\/\/publication-evangelique.com\/?p=19257#primaryimage"},"thumbnailUrl":"https:\/\/publication-evangelique.com\/wp-content\/uploads\/1336.jpg","keywords":["\u00e9ternelle","f\u00eate","p\u00e2que"],"articleSection":["F\u00eates"],"inLanguage":"fr-FR"},{"@type":"WebPage","@id":"https:\/\/publication-evangelique.com\/?p=19257","url":"https:\/\/publication-evangelique.com\/?p=19257","name":"La p\u00e2que biblique, une f\u00eate \u00e9ternelle. - Publication \u00c9vang\u00e9lique","isPartOf":{"@id":"https:\/\/publication-evangelique.com\/#website"},"primaryImageOfPage":{"@id":"https:\/\/publication-evangelique.com\/?p=19257#primaryimage"},"image":{"@id":"https:\/\/publication-evangelique.com\/?p=19257#primaryimage"},"thumbnailUrl":"https:\/\/publication-evangelique.com\/wp-content\/uploads\/1336.jpg","datePublished":"2024-04-23T10:41:04+00:00","dateModified":"2024-05-26T13:44:42+00:00","breadcrumb":{"@id":"https:\/\/publication-evangelique.com\/?p=19257#breadcrumb"},"inLanguage":"fr-FR","potentialAction":[{"@type":"ReadAction","target":["https:\/\/publication-evangelique.com\/?p=19257"]}]},{"@type":"ImageObject","inLanguage":"fr-FR","@id":"https:\/\/publication-evangelique.com\/?p=19257#primaryimage","url":"https:\/\/publication-evangelique.com\/wp-content\/uploads\/1336.jpg","contentUrl":"https:\/\/publication-evangelique.com\/wp-content\/uploads\/1336.jpg","width":1280,"height":851},{"@type":"BreadcrumbList","@id":"https:\/\/publication-evangelique.com\/?p=19257#breadcrumb","itemListElement":[{"@type":"ListItem","position":1,"name":"Accueil","item":"https:\/\/publication-evangelique.com\/"},{"@type":"ListItem","position":2,"name":"La p\u00e2que biblique, une f\u00eate \u00e9ternelle."}]},{"@type":"WebSite","@id":"https:\/\/publication-evangelique.com\/#website","url":"https:\/\/publication-evangelique.com\/","name":"Daniel Poulin - publication-evangelique.com","description":"Daniel Poulin","publisher":{"@id":"https:\/\/publication-evangelique.com\/#\/schema\/person\/a7aa86223ca614c8c1a737d18c95460c"},"potentialAction":[{"@type":"SearchAction","target":{"@type":"EntryPoint","urlTemplate":"https:\/\/publication-evangelique.com\/?s={search_term_string}"},"query-input":{"@type":"PropertyValueSpecification","valueRequired":true,"valueName":"search_term_string"}}],"inLanguage":"fr-FR"},{"@type":["Person","Organization"],"@id":"https:\/\/publication-evangelique.com\/#\/schema\/person\/a7aa86223ca614c8c1a737d18c95460c","name":"Daniel Poulin","image":{"@type":"ImageObject","inLanguage":"fr-FR","@id":"https:\/\/publication-evangelique.com\/wp-content\/uploads\/daniel5-1.jpg","url":"https:\/\/publication-evangelique.com\/wp-content\/uploads\/daniel5-1.jpg","contentUrl":"https:\/\/publication-evangelique.com\/wp-content\/uploads\/daniel5-1.jpg","width":833,"height":969,"caption":"Daniel Poulin"},"logo":{"@id":"https:\/\/publication-evangelique.com\/wp-content\/uploads\/daniel5-1.jpg"},"description":"Bonjour, ici Daniel Poulin! Je suis un chr\u00e9tien n\u00e9 de nouveau depuis 1980, ayant parcouru un cheminement avec le Seigneur J\u00e9sus-Christ, j'ai construit ce site afin de partager mes connaissances de la parole de Dieu \" La Bible \" Je travaille aussi au d\u00e9veloppement de la station de radio chr\u00e9tienne fran\u00e7aise \u00e0 Montr\u00e9al, \" La Radio Gospel \" que vous pouvez voir ici http:\/\/laradiogospel.ca Je fr\u00e9quente aussi une \u00e9glise, dont je pr\u00eache et j\u2019enseigne la parole de Dieu. La communaut\u00e9 \u00c9vang\u00e9lique de l'Agneau \" , voici l'adresse, http:\/\/communauteevangelique.ca\/","sameAs":["https:\/\/publication-evangelique.com","https:\/\/www.facebook.com\/danielpoulin75","https:\/\/www.linkedin.com\/in\/daniel-poulin-64614745\/","https:\/\/x.com\/https:\/\/twitter.com\/Daniel_Poulin","https:\/\/www.youtube.com\/user\/danielpoulin75\/videos"]}]}},"_links":{"self":[{"href":"https:\/\/publication-evangelique.com\/index.php?rest_route=\/wp\/v2\/posts\/19257","targetHints":{"allow":["GET"]}}],"collection":[{"href":"https:\/\/publication-evangelique.com\/index.php?rest_route=\/wp\/v2\/posts"}],"about":[{"href":"https:\/\/publication-evangelique.com\/index.php?rest_route=\/wp\/v2\/types\/post"}],"author":[{"embeddable":true,"href":"https:\/\/publication-evangelique.com\/index.php?rest_route=\/wp\/v2\/users\/1"}],"replies":[{"embeddable":true,"href":"https:\/\/publication-evangelique.com\/index.php?rest_route=%2Fwp%2Fv2%2Fcomments&post=19257"}],"version-history":[{"count":0,"href":"https:\/\/publication-evangelique.com\/index.php?rest_route=\/wp\/v2\/posts\/19257\/revisions"}],"wp:featuredmedia":[{"embeddable":true,"href":"https:\/\/publication-evangelique.com\/index.php?rest_route=\/wp\/v2\/media\/13132"}],"wp:attachment":[{"href":"https:\/\/publication-evangelique.com\/index.php?rest_route=%2Fwp%2Fv2%2Fmedia&parent=19257"}],"wp:term":[{"taxonomy":"category","embeddable":true,"href":"https:\/\/publication-evangelique.com\/index.php?rest_route=%2Fwp%2Fv2%2Fcategories&post=19257"},{"taxonomy":"post_tag","embeddable":true,"href":"https:\/\/publication-evangelique.com\/index.php?rest_route=%2Fwp%2Fv2%2Ftags&post=19257"}],"curies":[{"name":"wp","href":"https:\/\/api.w.org\/{rel}","templated":true}]}}