{"id":19666,"date":"2025-02-23T10:16:08","date_gmt":"2025-02-23T15:16:08","guid":{"rendered":"https:\/\/publication-evangelique.com\/?p=19666"},"modified":"2025-02-23T10:16:08","modified_gmt":"2025-02-23T15:16:08","slug":"priez-par-le-saint-esprit","status":"publish","type":"post","link":"https:\/\/publication-evangelique.com\/?p=19666","title":{"rendered":"Priez par le Saint-Esprit."},"content":{"rendered":"<h3>Aujourd\u2019hui nous allons voir une diff\u00e9rente fa\u00e7on de prier par le Saint-Esprit.<\/h3>\n<p><audio controls= \" controls \" preload= \" none \" style= \" width:480px; \" src= \" https:\/\/publication-evangelique.com\/media\/intercesseurs\/24\/25_02_19.mp3 \" ><\/audio><br \/>\n<strong>T\u00e9l\u00e9charger &#8211;&gt; <\/strong><a href= \" https:\/\/publication-evangelique.com\/media\/intercesseurs\/24\/25_02_19.mp3 \" >MP3<\/a><\/p>\n<p>Nous avons vu la semaine pass\u00e9e que dans la pri\u00e8re, c\u2019est le moyen que nous allons chercher la puissance pour avancer.<br \/>\nC\u2019est dans la pri\u00e8re que nous devons nous tourner si nous voulons avoir les forces pour passer \u00e0 travers des faiblesses de notre chair.<br \/>\nPlus que nous sommes dans la pri\u00e8re, plus que nous serons fortifi\u00e9es par son Esprit.<\/p>\n<p>Aujourd\u2019hui nous allons voir une diff\u00e9rente fa\u00e7on de prier par le Saint-Esprit.<br \/>\nLe sujet que nous allons toucher porte souvent \u00e0 confusion. Et m\u00eame parfois des divisions.<br \/>\nPour ceux qui ont d\u00e9j\u00e0 des id\u00e9es pr\u00e9con\u00e7ues, je sugg\u00e8re que vous \u00e9coutiez et qu\u2019apr\u00e8s vous ferez le point. <!--more--><\/p>\n<p>Une chose que j\u2019ai apprise dans ma vie chr\u00e9tienne, si je veux grandir, je dois \u00eatre pr\u00eat au changement.<br \/>\nC\u2019est d\u2019\u00eatre ouvert \u00e0 ce que Dieu a \u00e9crit dans sa parole. <\/p>\n<p>Les dons spirituels (ou manifestation de l\u2019Esprit) ne sont pas l\u00e0 pour \u00e9valuer notre degr\u00e9 de spiritualit\u00e9.<br \/>\nIl y a parfois de nouveaux convertis qui peuvent manifester certains dons, chez d\u2019autres personnes il se manifeste apr\u00e8s plusieurs ann\u00e9es.<\/p>\n<p><strong>L\u2019important c\u2019est de savoir qu\u2019ils sont l\u00e0 et de commencer \u00e0 les demander.<br \/>\n<a href=\"https:\/\/bible.publication-evangelique.com\/1-corinthiens#12.31\" target=\"_blank\">1 Corinthiens 12:31<\/a><\/strong> Aspirez aux dons les meilleurs. <\/p>\n<p>Les dons spirituels sont des capacit\u00e9s qui viennent de L\u2019Esprit de Dieu, pour accomplir quelque chose.<\/p>\n<p><strong>Il existe plusieurs manifestations de l\u2019Esprit \u00e0 travers du croyant, Dieu nous dit dans sa parole de rechercher les dons pour \u00e9difier l\u2019\u00e9glise. (Pour qu\u2019elle s\u2019accro\u00eetre)<br \/>\n<a href=\"https:\/\/bible.publication-evangelique.com\/1-corinthiens#14.12\" target=\"_blank\">1 Corinthiens 14:12<\/a><\/strong> De m\u00eame vous, puisque vous aspirez aux dons spirituels, que ce soit pour l\u2019\u00e9dification de l\u2019\u00e9glise que vous cherchiez \u00e0 en poss\u00e9der abondamment.<\/p>\n<p>Il y a plusieurs dons de l\u2019Esprit \u00e9crit dans la parole de Dieu et bien qu\u2019il y semble y avoir diff\u00e9rent ordre de grandeur ou d\u2019importance, Ils sont tous importants et les plus petits de ces dons ne doivent pas \u00eatre n\u00e9glig\u00e9s.<\/p>\n<p><strong>Le plus petit de ces dons de l\u2019Esprit est plus grand et peut faire infiniment plus de choses que notre plus grande force charnelle.<br \/>\n<a href=\"https:\/\/bible.publication-evangelique.com\/1-corinthiens#12.28\" target=\"_blank\">1 Corinthiens 12:28-30<\/a><\/strong> Et Dieu a \u00e9tabli dans l\u2019\u00e9glise premi\u00e8rement des ap\u00f4tres, secondement des proph\u00e8tes, troisi\u00e8mement des docteurs, ensuite ceux qui ont le don des miracles, puis ceux qui ont les dons de gu\u00e9rir, de secourir, de gouverner, de parler diverses langues. 29 Tous sont-ils ap\u00f4tres ? Tous sont-ils proph\u00e8tes ? Tous sont-ils docteurs ?) Tous ont-ils le don des miracles ? 30 Tous ont-ils le don des gu\u00e9risons ? Tous parlent-ils en langues ? Tous interpr\u00e8tent-ils ? <\/p>\n<p><strong>Le don que nous allons voir ce soir est un don qui en g\u00e9n\u00e9ral est pour parler \u00e0 Dieu.<br \/>\nNous ne toucherons pas dans cette \u00e9tude tous ce qui concerne ce don, sauf la partie qui s\u2019applique au niveau de la pri\u00e8re.<br \/>\n<a href=\"https:\/\/bible.publication-evangelique.com\/1-corinthiens#14.2\" target=\"_blank\">1 Corinthiens 14:2<\/a><\/strong> En effet, celui qui parle en langue ne parle pas aux hommes, mais \u00e0 Dieu, car personne ne le comprend, et c\u2019est en esprit qu\u2019il dit des myst\u00e8res.<\/p>\n<p>Ce don spirituel nous permet de parler \u00e0 Dieu, d\u2019une mani\u00e8re qui d\u00e9passe notre compr\u00e9hension.<br \/>\nPaul nous a dits que pouss\u00e9 par l\u2019Esprit nous pouvons prier de 2 fa\u00e7ons.<\/p>\n<p><strong>La pri\u00e8re par l\u2019Esprit, pour faire des pri\u00e8res avec l\u2019intelligence.<br \/>\n<a href=\"https:\/\/bible.publication-evangelique.com\/ephesiens#6.18\" target=\"_blank\">\u00c9ph\u00e9siens 6:18<\/a><\/strong> Faites en tout temps par l\u2019Esprit toutes sortes de pri\u00e8res et de supplications. Veillez \u00e0 cela avec une enti\u00e8re pers\u00e9v\u00e9rance, et priez pour tous les saints.<\/p>\n<p><strong>La pri\u00e8re par l\u2019Esprit lui-m\u00eame, sans comprendre ce que je dis.<br \/>\n<a href=\"https:\/\/bible.publication-evangelique.com\/1-corinthiens#14.14\" target=\"_blank\">1 Corinthiens 14:14<\/a><\/strong>, Car si je prie en langue, mon esprit est en pri\u00e8re, mais mon intelligence demeure st\u00e9rile.<\/p>\n<p><strong>Paul nous dit dans ce verset que lui pratiquait les 2 fa\u00e7ons de prier.<br \/>\n<a href=\"https:\/\/bible.publication-evangelique.com\/1-corinthiens#14.15\" target=\"_blank\">1 Corinthiens 14:15<\/a><\/strong> Que faire donc ? Je prierai par l\u2019esprit, mais je prierai aussi avec l\u2019intelligence ; je chanterai par l\u2019esprit, mais je chanterai aussi avec l\u2019intelligence.<\/p>\n<p><strong>Et aussi qu\u2019il pratiquait beaucoup ce don<br \/>\n<a href=\"https:\/\/bible.publication-evangelique.com\/1-corinthiens#14.18\" target=\"_blank\">1 Corinthiens 14:18<\/a><\/strong> Je rends gr\u00e2ces \u00e0 Dieu de ce que je parle en langue plus que vous tous.<\/p>\n<p>Le Saint-Esprit veut communiquer des minist\u00e8res d\u2019intercession, pour que son \u00e9glise s\u2019accroisse.<br \/>\nTous les dons spirituels peuvent se manifeste lorsque vous \u00eates en contact avec l\u2019Esprit-Saint.<\/p>\n<p>J\u2019ai vu des gens commencer \u00e0 manifester ce don, lorsqu\u2019il \u00e9tait en louange.<br \/>\nD\u2019autre c\u2019est par l\u2019imposition des mains d\u2019un pasteur ou \u00e9vang\u00e9liste\u2026<\/p>\n<p>Nous devons prier afin qu\u2019il se manifeste, parce que l\u2019\u00e9glise en a besoin.<\/p>\n<p><strong>Il y a une r\u00e8gle biblique, la pri\u00e8re en langues n\u2019est pas pour \u00eatre exerc\u00e9 tout haut dans l\u2019\u00e9glise \u00e0 moins qu\u2019il y ait un interpr\u00e8te.<br \/>\n<a href=\"https:\/\/bible.publication-evangelique.com\/1-corinthiens#14.27\" target=\"_blank\">1 Corinthiens 14:27-28<\/a><\/strong> En est-il qui parlent en langue, que deux ou trois au plus parlent, chacun \u00e0 son tour, et que quelqu\u2019un interpr\u00e8te ; 28 s\u2019il n\u2019y a point d\u2019interpr\u00e8te, qu\u2019on se taise dans l\u2019\u00e9glise, et qu\u2019on parle \u00e0 soi-m\u00eame et \u00e0 Dieu.<\/p>\n<p><strong>Le Saint-Esprit veut nous aider \u00e0 prier.<br \/>\nSi je prie guid\u00e9 par son Esprit, je sais que je serai exhauss\u00e9.<br \/>\n<a href=\"https:\/\/bible.publication-evangelique.com\/romains#8.26\" target=\"_blank\">Romains 8:26-27<\/a><\/strong> De m\u00eame aussi l\u2019Esprit nous aide dans notre faiblesse, car nous ne savons pas ce qu\u2019il nous convient de demander dans nos pri\u00e8res. Mais l\u2019Esprit lui-m\u00eame interc\u00e8de par des soupirs inexprimables ; 27 et celui qui sonde les c\u0153urs conna\u00eet quelle est la pens\u00e9e de l\u2019Esprit, parce que c\u2019est selon Dieu qu\u2019il interc\u00e8de en faveur des saints.<\/p>\n<p><strong>Le Saint-Esprit nous offre un puissant moyen pour notre \u00e9dification personnelle.<br \/>\n<a href=\"https:\/\/bible.publication-evangelique.com\/jude#1.20\" target=\"_blank\">Jude 1:20<\/a><\/strong> Pour vous, bien-aim\u00e9s, vous \u00e9difiant vous-m\u00eames sur votre tr\u00e8s sainte foi, et priant par le Saint-Esprit.<\/p>\n<p>&#8212;&#8212;&#8212;&#8212;&#8212;&#8212;<\/p>\n<p>Daniel Poulin<br \/>\n<a title=\" Publication \u00c9vang\u00e9lique \" href=\"https:\/\/publication-evangelique.com\" target=\" _blank \" rel=\"noopener\">https:\/\/publication-evangelique.com<\/a><\/p>\n<p><strong>De la s\u00e9rie : <\/strong> <a href= \" https:\/\/publication-evangelique.com\/?page_id=18914 \" > Intercesseurs pour Dieu.<\/a><\/p>\n<p><strong>Adresse de ce blogue :<\/strong> <a href= \" https:\/\/publication-evangelique.com\/?p=19666 \" > https:\/\/publication-evangelique.com\/?p=19666<\/a><\/p>\n","protected":false},"excerpt":{"rendered":"<p>Aujourd\u2019hui nous allons voir une diff\u00e9rente fa\u00e7on de prier par le Saint-Esprit. Le sujet que nous allons toucher porte souvent \u00e0 confusion. Et m\u00eame parfois des divisions. Pour ceux qui ont d\u00e9j\u00e0 des id\u00e9es pr\u00e9con\u00e7ues, je sugg\u00e8re que vous \u00e9coutiez et qu\u2019apr\u00e8s vous ferez le point.<\/p>\n <a class=\"more-link\" href=\"https:\/\/publication-evangelique.com\/?p=19666\"><span class=\"more-msg\">Lire la suite &rarr;<\/span><\/a>","protected":false},"author":1,"featured_media":19364,"comment_status":"closed","ping_status":"closed","sticky":false,"template":"","format":"standard","meta":{"footnotes":""},"categories":[25],"tags":[586,682],"class_list":["post-19666","post","type-post","status-publish","format-standard","has-post-thumbnail","hentry","category-priere-2","tag-priez","tag-saint-esprit-2"],"yoast_head":"<!-- This site is optimized with the Yoast SEO plugin v27.4 - https:\/\/yoast.com\/product\/yoast-seo-wordpress\/ -->\n<title>Priez par le Saint-Esprit. - Publication \u00c9vang\u00e9lique<\/title>\n<meta name=\"robots\" content=\"index, follow, max-snippet:-1, max-image-preview:large, max-video-preview:-1\" \/>\n<link rel=\"canonical\" href=\"https:\/\/publication-evangelique.com\/?p=19666\" \/>\n<meta property=\"og:locale\" content=\"fr_FR\" \/>\n<meta property=\"og:type\" content=\"article\" \/>\n<meta property=\"og:title\" content=\"Priez par le Saint-Esprit. - Publication \u00c9vang\u00e9lique\" \/>\n<meta property=\"og:description\" content=\"Aujourd\u2019hui nous allons voir une diff\u00e9rente fa\u00e7on de prier par le Saint-Esprit. Le sujet que nous allons toucher porte souvent \u00e0 confusion. Et m\u00eame parfois des divisions. Pour ceux qui ont d\u00e9j\u00e0 des id\u00e9es pr\u00e9con\u00e7ues, je sugg\u00e8re que vous \u00e9coutiez et qu\u2019apr\u00e8s vous ferez le point.\" \/>\n<meta property=\"og:url\" content=\"https:\/\/publication-evangelique.com\/?p=19666\" \/>\n<meta property=\"og:site_name\" content=\"Publication \u00c9vang\u00e9lique\" \/>\n<meta property=\"article:publisher\" content=\"https:\/\/www.facebook.com\/danielpoulin75\" \/>\n<meta property=\"article:author\" content=\"https:\/\/www.facebook.com\/danielpoulin75\" \/>\n<meta property=\"article:published_time\" content=\"2025-02-23T15:16:08+00:00\" \/>\n<meta property=\"og:image\" content=\"https:\/\/publication-evangelique.com\/wp-content\/uploads\/1444.jpg\" \/>\n\t<meta property=\"og:image:width\" content=\"1300\" \/>\n\t<meta property=\"og:image:height\" content=\"1261\" \/>\n\t<meta property=\"og:image:type\" content=\"image\/jpeg\" \/>\n<meta name=\"author\" content=\"Daniel Poulin\" \/>\n<meta name=\"twitter:label1\" content=\"\u00c9crit par\" \/>\n\t<meta name=\"twitter:data1\" content=\"Daniel Poulin\" \/>\n\t<meta name=\"twitter:label2\" content=\"Dur\u00e9e de lecture estim\u00e9e\" \/>\n\t<meta name=\"twitter:data2\" content=\"1 minute\" \/>\n<script type=\"application\/ld+json\" class=\"yoast-schema-graph\">{\"@context\":\"https:\\\/\\\/schema.org\",\"@graph\":[{\"@type\":\"Article\",\"@id\":\"https:\\\/\\\/publication-evangelique.com\\\/?p=19666#article\",\"isPartOf\":{\"@id\":\"https:\\\/\\\/publication-evangelique.com\\\/?p=19666\"},\"author\":{\"name\":\"Daniel Poulin\",\"@id\":\"https:\\\/\\\/publication-evangelique.com\\\/#\\\/schema\\\/person\\\/a7aa86223ca614c8c1a737d18c95460c\"},\"headline\":\"Priez par le Saint-Esprit.\",\"datePublished\":\"2025-02-23T15:16:08+00:00\",\"mainEntityOfPage\":{\"@id\":\"https:\\\/\\\/publication-evangelique.com\\\/?p=19666\"},\"wordCount\":1021,\"publisher\":{\"@id\":\"https:\\\/\\\/publication-evangelique.com\\\/#\\\/schema\\\/person\\\/a7aa86223ca614c8c1a737d18c95460c\"},\"image\":{\"@id\":\"https:\\\/\\\/publication-evangelique.com\\\/?p=19666#primaryimage\"},\"thumbnailUrl\":\"https:\\\/\\\/publication-evangelique.com\\\/wp-content\\\/uploads\\\/1444.jpg\",\"keywords\":[\"priez\",\"Saint-Esprit\"],\"articleSection\":[\"Pri\u00e8re\"],\"inLanguage\":\"fr-FR\"},{\"@type\":\"WebPage\",\"@id\":\"https:\\\/\\\/publication-evangelique.com\\\/?p=19666\",\"url\":\"https:\\\/\\\/publication-evangelique.com\\\/?p=19666\",\"name\":\"Priez par le Saint-Esprit. - Publication \u00c9vang\u00e9lique\",\"isPartOf\":{\"@id\":\"https:\\\/\\\/publication-evangelique.com\\\/#website\"},\"primaryImageOfPage\":{\"@id\":\"https:\\\/\\\/publication-evangelique.com\\\/?p=19666#primaryimage\"},\"image\":{\"@id\":\"https:\\\/\\\/publication-evangelique.com\\\/?p=19666#primaryimage\"},\"thumbnailUrl\":\"https:\\\/\\\/publication-evangelique.com\\\/wp-content\\\/uploads\\\/1444.jpg\",\"datePublished\":\"2025-02-23T15:16:08+00:00\",\"breadcrumb\":{\"@id\":\"https:\\\/\\\/publication-evangelique.com\\\/?p=19666#breadcrumb\"},\"inLanguage\":\"fr-FR\",\"potentialAction\":[{\"@type\":\"ReadAction\",\"target\":[\"https:\\\/\\\/publication-evangelique.com\\\/?p=19666\"]}]},{\"@type\":\"ImageObject\",\"inLanguage\":\"fr-FR\",\"@id\":\"https:\\\/\\\/publication-evangelique.com\\\/?p=19666#primaryimage\",\"url\":\"https:\\\/\\\/publication-evangelique.com\\\/wp-content\\\/uploads\\\/1444.jpg\",\"contentUrl\":\"https:\\\/\\\/publication-evangelique.com\\\/wp-content\\\/uploads\\\/1444.jpg\",\"width\":1300,\"height\":1261},{\"@type\":\"BreadcrumbList\",\"@id\":\"https:\\\/\\\/publication-evangelique.com\\\/?p=19666#breadcrumb\",\"itemListElement\":[{\"@type\":\"ListItem\",\"position\":1,\"name\":\"Accueil\",\"item\":\"https:\\\/\\\/publication-evangelique.com\\\/\"},{\"@type\":\"ListItem\",\"position\":2,\"name\":\"Priez par le Saint-Esprit.\"}]},{\"@type\":\"WebSite\",\"@id\":\"https:\\\/\\\/publication-evangelique.com\\\/#website\",\"url\":\"https:\\\/\\\/publication-evangelique.com\\\/\",\"name\":\"Daniel Poulin - publication-evangelique.com\",\"description\":\"Daniel Poulin\",\"publisher\":{\"@id\":\"https:\\\/\\\/publication-evangelique.com\\\/#\\\/schema\\\/person\\\/a7aa86223ca614c8c1a737d18c95460c\"},\"potentialAction\":[{\"@type\":\"SearchAction\",\"target\":{\"@type\":\"EntryPoint\",\"urlTemplate\":\"https:\\\/\\\/publication-evangelique.com\\\/?s={search_term_string}\"},\"query-input\":{\"@type\":\"PropertyValueSpecification\",\"valueRequired\":true,\"valueName\":\"search_term_string\"}}],\"inLanguage\":\"fr-FR\"},{\"@type\":[\"Person\",\"Organization\"],\"@id\":\"https:\\\/\\\/publication-evangelique.com\\\/#\\\/schema\\\/person\\\/a7aa86223ca614c8c1a737d18c95460c\",\"name\":\"Daniel Poulin\",\"image\":{\"@type\":\"ImageObject\",\"inLanguage\":\"fr-FR\",\"@id\":\"https:\\\/\\\/publication-evangelique.com\\\/wp-content\\\/uploads\\\/daniel5-1.jpg\",\"url\":\"https:\\\/\\\/publication-evangelique.com\\\/wp-content\\\/uploads\\\/daniel5-1.jpg\",\"contentUrl\":\"https:\\\/\\\/publication-evangelique.com\\\/wp-content\\\/uploads\\\/daniel5-1.jpg\",\"width\":833,\"height\":969,\"caption\":\"Daniel Poulin\"},\"logo\":{\"@id\":\"https:\\\/\\\/publication-evangelique.com\\\/wp-content\\\/uploads\\\/daniel5-1.jpg\"},\"description\":\"Bonjour, ici Daniel Poulin! Je suis un chr\u00e9tien n\u00e9 de nouveau depuis 1980, ayant parcouru un cheminement avec le Seigneur J\u00e9sus-Christ, j'ai construit ce site afin de partager mes connaissances de la parole de Dieu \\\" La Bible \\\" Je travaille aussi au d\u00e9veloppement de la station de radio chr\u00e9tienne fran\u00e7aise \u00e0 Montr\u00e9al, \\\" La Radio Gospel \\\" que vous pouvez voir ici http:\\\/\\\/laradiogospel.ca Je fr\u00e9quente aussi une \u00e9glise, dont je pr\u00eache et j\u2019enseigne la parole de Dieu. La communaut\u00e9 \u00c9vang\u00e9lique de l'Agneau \\\" , voici l'adresse, http:\\\/\\\/communauteevangelique.ca\\\/\",\"sameAs\":[\"https:\\\/\\\/publication-evangelique.com\",\"https:\\\/\\\/www.facebook.com\\\/danielpoulin75\",\"https:\\\/\\\/www.linkedin.com\\\/in\\\/daniel-poulin-64614745\\\/\",\"https:\\\/\\\/x.com\\\/https:\\\/\\\/twitter.com\\\/Daniel_Poulin\",\"https:\\\/\\\/www.youtube.com\\\/user\\\/danielpoulin75\\\/videos\"]}]}<\/script>\n<!-- \/ Yoast SEO plugin. -->","yoast_head_json":{"title":"Priez par le Saint-Esprit. - Publication \u00c9vang\u00e9lique","robots":{"index":"index","follow":"follow","max-snippet":"max-snippet:-1","max-image-preview":"max-image-preview:large","max-video-preview":"max-video-preview:-1"},"canonical":"https:\/\/publication-evangelique.com\/?p=19666","og_locale":"fr_FR","og_type":"article","og_title":"Priez par le Saint-Esprit. - Publication \u00c9vang\u00e9lique","og_description":"Aujourd\u2019hui nous allons voir une diff\u00e9rente fa\u00e7on de prier par le Saint-Esprit. Le sujet que nous allons toucher porte souvent \u00e0 confusion. Et m\u00eame parfois des divisions. Pour ceux qui ont d\u00e9j\u00e0 des id\u00e9es pr\u00e9con\u00e7ues, je sugg\u00e8re que vous \u00e9coutiez et qu\u2019apr\u00e8s vous ferez le point.","og_url":"https:\/\/publication-evangelique.com\/?p=19666","og_site_name":"Publication \u00c9vang\u00e9lique","article_publisher":"https:\/\/www.facebook.com\/danielpoulin75","article_author":"https:\/\/www.facebook.com\/danielpoulin75","article_published_time":"2025-02-23T15:16:08+00:00","og_image":[{"width":1300,"height":1261,"url":"https:\/\/publication-evangelique.com\/wp-content\/uploads\/1444.jpg","type":"image\/jpeg"}],"author":"Daniel Poulin","twitter_misc":{"\u00c9crit par":"Daniel Poulin","Dur\u00e9e de lecture estim\u00e9e":"1 minute"},"schema":{"@context":"https:\/\/schema.org","@graph":[{"@type":"Article","@id":"https:\/\/publication-evangelique.com\/?p=19666#article","isPartOf":{"@id":"https:\/\/publication-evangelique.com\/?p=19666"},"author":{"name":"Daniel Poulin","@id":"https:\/\/publication-evangelique.com\/#\/schema\/person\/a7aa86223ca614c8c1a737d18c95460c"},"headline":"Priez par le Saint-Esprit.","datePublished":"2025-02-23T15:16:08+00:00","mainEntityOfPage":{"@id":"https:\/\/publication-evangelique.com\/?p=19666"},"wordCount":1021,"publisher":{"@id":"https:\/\/publication-evangelique.com\/#\/schema\/person\/a7aa86223ca614c8c1a737d18c95460c"},"image":{"@id":"https:\/\/publication-evangelique.com\/?p=19666#primaryimage"},"thumbnailUrl":"https:\/\/publication-evangelique.com\/wp-content\/uploads\/1444.jpg","keywords":["priez","Saint-Esprit"],"articleSection":["Pri\u00e8re"],"inLanguage":"fr-FR"},{"@type":"WebPage","@id":"https:\/\/publication-evangelique.com\/?p=19666","url":"https:\/\/publication-evangelique.com\/?p=19666","name":"Priez par le Saint-Esprit. - Publication \u00c9vang\u00e9lique","isPartOf":{"@id":"https:\/\/publication-evangelique.com\/#website"},"primaryImageOfPage":{"@id":"https:\/\/publication-evangelique.com\/?p=19666#primaryimage"},"image":{"@id":"https:\/\/publication-evangelique.com\/?p=19666#primaryimage"},"thumbnailUrl":"https:\/\/publication-evangelique.com\/wp-content\/uploads\/1444.jpg","datePublished":"2025-02-23T15:16:08+00:00","breadcrumb":{"@id":"https:\/\/publication-evangelique.com\/?p=19666#breadcrumb"},"inLanguage":"fr-FR","potentialAction":[{"@type":"ReadAction","target":["https:\/\/publication-evangelique.com\/?p=19666"]}]},{"@type":"ImageObject","inLanguage":"fr-FR","@id":"https:\/\/publication-evangelique.com\/?p=19666#primaryimage","url":"https:\/\/publication-evangelique.com\/wp-content\/uploads\/1444.jpg","contentUrl":"https:\/\/publication-evangelique.com\/wp-content\/uploads\/1444.jpg","width":1300,"height":1261},{"@type":"BreadcrumbList","@id":"https:\/\/publication-evangelique.com\/?p=19666#breadcrumb","itemListElement":[{"@type":"ListItem","position":1,"name":"Accueil","item":"https:\/\/publication-evangelique.com\/"},{"@type":"ListItem","position":2,"name":"Priez par le Saint-Esprit."}]},{"@type":"WebSite","@id":"https:\/\/publication-evangelique.com\/#website","url":"https:\/\/publication-evangelique.com\/","name":"Daniel Poulin - publication-evangelique.com","description":"Daniel Poulin","publisher":{"@id":"https:\/\/publication-evangelique.com\/#\/schema\/person\/a7aa86223ca614c8c1a737d18c95460c"},"potentialAction":[{"@type":"SearchAction","target":{"@type":"EntryPoint","urlTemplate":"https:\/\/publication-evangelique.com\/?s={search_term_string}"},"query-input":{"@type":"PropertyValueSpecification","valueRequired":true,"valueName":"search_term_string"}}],"inLanguage":"fr-FR"},{"@type":["Person","Organization"],"@id":"https:\/\/publication-evangelique.com\/#\/schema\/person\/a7aa86223ca614c8c1a737d18c95460c","name":"Daniel Poulin","image":{"@type":"ImageObject","inLanguage":"fr-FR","@id":"https:\/\/publication-evangelique.com\/wp-content\/uploads\/daniel5-1.jpg","url":"https:\/\/publication-evangelique.com\/wp-content\/uploads\/daniel5-1.jpg","contentUrl":"https:\/\/publication-evangelique.com\/wp-content\/uploads\/daniel5-1.jpg","width":833,"height":969,"caption":"Daniel Poulin"},"logo":{"@id":"https:\/\/publication-evangelique.com\/wp-content\/uploads\/daniel5-1.jpg"},"description":"Bonjour, ici Daniel Poulin! Je suis un chr\u00e9tien n\u00e9 de nouveau depuis 1980, ayant parcouru un cheminement avec le Seigneur J\u00e9sus-Christ, j'ai construit ce site afin de partager mes connaissances de la parole de Dieu \" La Bible \" Je travaille aussi au d\u00e9veloppement de la station de radio chr\u00e9tienne fran\u00e7aise \u00e0 Montr\u00e9al, \" La Radio Gospel \" que vous pouvez voir ici http:\/\/laradiogospel.ca Je fr\u00e9quente aussi une \u00e9glise, dont je pr\u00eache et j\u2019enseigne la parole de Dieu. La communaut\u00e9 \u00c9vang\u00e9lique de l'Agneau \" , voici l'adresse, http:\/\/communauteevangelique.ca\/","sameAs":["https:\/\/publication-evangelique.com","https:\/\/www.facebook.com\/danielpoulin75","https:\/\/www.linkedin.com\/in\/daniel-poulin-64614745\/","https:\/\/x.com\/https:\/\/twitter.com\/Daniel_Poulin","https:\/\/www.youtube.com\/user\/danielpoulin75\/videos"]}]}},"_links":{"self":[{"href":"https:\/\/publication-evangelique.com\/index.php?rest_route=\/wp\/v2\/posts\/19666","targetHints":{"allow":["GET"]}}],"collection":[{"href":"https:\/\/publication-evangelique.com\/index.php?rest_route=\/wp\/v2\/posts"}],"about":[{"href":"https:\/\/publication-evangelique.com\/index.php?rest_route=\/wp\/v2\/types\/post"}],"author":[{"embeddable":true,"href":"https:\/\/publication-evangelique.com\/index.php?rest_route=\/wp\/v2\/users\/1"}],"replies":[{"embeddable":true,"href":"https:\/\/publication-evangelique.com\/index.php?rest_route=%2Fwp%2Fv2%2Fcomments&post=19666"}],"version-history":[{"count":2,"href":"https:\/\/publication-evangelique.com\/index.php?rest_route=\/wp\/v2\/posts\/19666\/revisions"}],"predecessor-version":[{"id":19668,"href":"https:\/\/publication-evangelique.com\/index.php?rest_route=\/wp\/v2\/posts\/19666\/revisions\/19668"}],"wp:featuredmedia":[{"embeddable":true,"href":"https:\/\/publication-evangelique.com\/index.php?rest_route=\/wp\/v2\/media\/19364"}],"wp:attachment":[{"href":"https:\/\/publication-evangelique.com\/index.php?rest_route=%2Fwp%2Fv2%2Fmedia&parent=19666"}],"wp:term":[{"taxonomy":"category","embeddable":true,"href":"https:\/\/publication-evangelique.com\/index.php?rest_route=%2Fwp%2Fv2%2Fcategories&post=19666"},{"taxonomy":"post_tag","embeddable":true,"href":"https:\/\/publication-evangelique.com\/index.php?rest_route=%2Fwp%2Fv2%2Ftags&post=19666"}],"curies":[{"name":"wp","href":"https:\/\/api.w.org\/{rel}","templated":true}]}}