{"id":19971,"date":"2025-11-02T05:54:58","date_gmt":"2025-11-02T10:54:58","guid":{"rendered":"https:\/\/publication-evangelique.com\/?p=19971"},"modified":"2025-11-02T05:54:58","modified_gmt":"2025-11-02T10:54:58","slug":"chercher-a-entrer-dans-ce-que-dieu-nous-a-demande-personnellement","status":"publish","type":"post","link":"https:\/\/publication-evangelique.com\/?p=19971","title":{"rendered":"Chercher \u00e0 entrer dans ce que Dieu nous a demand\u00e9 personnellement."},"content":{"rendered":"<h3>Le chr\u00e9tien et ses responsabilit\u00e9s. Nous allons regarder ensemble que le Seigneur s\u2019attend&#8230; <\/h3>\n<p><audio controls= \" controls \" preload= \" none \" style= \" width:480px; \" src= \" https:\/\/publication-evangelique.com\/media\/responsabilites\/24\/25_11_01.mp3 \" ><\/audio><br \/>\n<strong>T\u00e9l\u00e9charger &#8211;&gt; <\/strong><a href= \" https:\/\/publication-evangelique.com\/media\/responsabilites\/24\/25_11_01.mp3 \" >MP3<\/a>   <\/p>\n<p>&#8230; \u00e0 ce que chacun comprenne et entre dans l\u2019appel pour sa vie.<\/p>\n<p><strong>Depuis l\u2019\u00e9ternit\u00e9, Dieu avait un plan pour chacun de ses disciples.<br \/>\n<a href=\"https:\/\/bible.publication-evangelique.com\/jeremie#29.1\" target=\"_blank\">J\u00e9r\u00e9mie\u00a029:1<\/a><\/strong>1 Car je connais les projets que j\u2019ai form\u00e9s sur vous, dit l\u2019\u00c9ternel, projets de paix et non de malheur, afin de vous donner un avenir et de l\u2019esp\u00e9rance.<\/p>\n<p><strong>Dans sa prescience, il nous connaissait et il a pr\u00e9par\u00e9 des \u0153uvres d\u2019avance pour nous.<br \/>\n<a href=\"https:\/\/bible.publication-evangelique.com\/ephesiens#2.10\" target=\"_blank\">\u00c9ph\u00e9siens\u00a02:10<\/a><\/strong> Car nous sommes son ouvrage, ayant \u00e9t\u00e9 cr\u00e9\u00e9s en J\u00e9sus-Christ pour de bonnes \u0153uvres, que Dieu a pr\u00e9par\u00e9es d\u2019avance, afin que nous les pratiquions.<\/p>\n<p><strong>Chaque chr\u00e9tien devrait se sentir interpel\u00e9 par l\u2019appel personnel que Dieu a fait. <!--more--><br \/>\n<a href=\"https:\/\/bible.publication-evangelique.com\/1-corinthiens#2.9\" target=\"_blank\">1 Corinthiens\u00a02:9<\/a><\/strong> Mais, comme il est \u00e9crit, ce sont des choses que l\u2019\u0153il n\u2019a point vues, que l\u2019oreille n\u2019a point entendues, et qui ne sont point mont\u00e9es au c\u0153ur de l\u2019homme, des choses que Dieu a pr\u00e9par\u00e9es pour ceux qui l\u2019aiment.<\/p>\n<p><strong>Il nous a pr\u00e9par\u00e9 une feuille de route qui nous montre le travail \u00e0 accomplir.<br \/>\n<a href=\"https:\/\/bible.publication-evangelique.com\/apocalypse#1.1\" target=\"_blank\">Apocalypse 1:1<\/a><\/strong> R\u00e9v\u00e9lation de J\u00e9sus-Christ, que Dieu lui a donn\u00e9e pour montrer \u00e0 ses serviteurs les choses qui doivent arriver bient\u00f4t, et qu\u2019il a fait conna\u00eetre, par l\u2019envoi de son ange, \u00e0 son serviteur Jean.<\/p>\n<p><strong>Strong \u2014 serviteur = <\/strong>LSG \u2014\u00a0serviteur\u00a099, esclave\u00a025, servitude\u00a01?; 125<br \/>\n1) un esclave, homme de condition servile<\/p>\n<p><strong>Le Seigneur nous a enseign\u00e9 sur ce qu\u2019il nous a distribu\u00e9 et ses attentes qu\u2019on les fasse valoir.<br \/>\n<a href=\"https:\/\/bible.publication-evangelique.com\/matthieu#25.14\" target=\"_blank\">Matthieu\u00a025:14-18<\/a><\/strong> Il en sera comme d\u2019un homme qui, partant pour un voyage, appela ses serviteurs, et leur remit ses biens. 15 Il donna cinq talents \u00e0 l\u2019un, deux \u00e0 l\u2019autre, et un au troisi\u00e8me, \u00e0 chacun selon sa capacit\u00e9, et il partit. Aussit\u00f4t 16 celui qui avait re\u00e7u les cinq talents s\u2019en alla, les fit valoir, et il gagna cinq autres talents. 17 De m\u00eame, celui qui avait re\u00e7u les deux talents en gagna deux autres. 18 Celui qui n\u2019en avait re\u00e7u qu\u2019un alla faire un creux dans la terre, et cacha l\u2019argent de son ma\u00eetre.<\/p>\n<p><strong>Un jour nous arriverons devant lui et Il r\u00e9pondra \u00e0 ceux qui ont \u00e9t\u00e9 fid\u00e8les\u00a0:<br \/>\n<a href=\"https:\/\/bible.publication-evangelique.com\/matthieu#25.21\" target=\"_blank\">Matthieu\u00a025:21<\/a><\/strong> Son ma\u00eetre lui dit\u00a0: \u00ab C&rsquo;est bien, bon et fid\u00e8le serviteur?; tu as \u00e9t\u00e9 fid\u00e8le en peu de chose, je te confierai beaucoup?; entre dans la joie de ton ma\u00eetre.<\/p>\n<p><strong>Il y en a d\u2019autres qui auront abandonn\u00e9 leur poste attribu\u00e9 par le Seigneur et seront bl\u00e2m\u00e9s de ne pas avoir mis d\u2019effort pour faire avancer le royaume de Dieu.<br \/>\n<a href=\"https:\/\/bible.publication-evangelique.com\/matthieu#25.26\" target=\"_blank\">Matthieu\u00a025:26<\/a><\/strong> Son ma\u00eetre lui r\u00e9pondit\u00a0: \u00ab Serviteur m\u00e9chant et paresseux, tu savais que je moissonne o\u00f9 je n\u2019ai pas sem\u00e9, et que j\u2019amasse o\u00f9 je n\u2019ai pas vann\u00e9\u2026<\/p>\n<p><strong>Il y aura des gens qui, apr\u00e8s avoir connu le Seigneur, ont rejet\u00e9 leur appel et ils seront aussi rejet\u00e9s par le Seigneur.<br \/>\n<a href=\"https:\/\/bible.publication-evangelique.com\/matthieu#25.30\" target=\"_blank\">Matthieu\u00a025:30<\/a><\/strong> Et le serviteur inutile, jetez-le dans les t\u00e9n\u00e8bres du dehors, o\u00f9 il y aura des pleurs et des grincements de dents.<\/p>\n<p><strong>Dieu conna\u00eet et voit tout le monde, et Il nous avertit qu\u2019il y aura un moment o\u00f9 il nous fera rendre des comptes.<br \/>\n<a href=\"https:\/\/bible.publication-evangelique.com\/hebreux#4.13\" target=\"_blank\">H\u00e9breux\u00a04:13<\/a><\/strong> Nulle cr\u00e9ature n\u2019est cach\u00e9e devant lui, mais tout est \u00e0 nu et \u00e0 d\u00e9couvert aux yeux de celui \u00e0 qui nous devons rendre compte.<\/p>\n<p><strong>Chacun aura \u00e0 rendre compte pour lui-m\u00eame.<br \/>\n<a href=\"https:\/\/bible.publication-evangelique.com\/romains#14.12\" target=\"_blank\">Romains\u00a014:12<\/a><\/strong> Ainsi chacun de nous rendra compte \u00e0 Dieu pour lui-m\u00eame.<\/p>\n<p><strong>Il nous a dit cela pour que chacun fasse un effort pour entrer dans ce qu\u2019il nous a demand\u00e9.<br \/>\n<a href=\"https:\/\/bible.publication-evangelique.com\/romains#12.7\" target=\"_blank\">Romains 12:7-8<\/a><\/strong>\u00a0: que celui qui est appel\u00e9 au minist\u00e8re s\u2019attache \u00e0 son minist\u00e8re?; que celui qui enseigne s\u2019attache \u00e0 son enseignement, 8 et celui qui exhorte \u00e0 l\u2019exhortation. Que celui qui donne le fasse avec lib\u00e9ralit\u00e9?; que celui qui pr\u00e9side le fasse avec z\u00e8le?; que celui qui pratique la mis\u00e9ricorde le fasse avec joie.<\/p>\n<p><strong>Tous, en se convertissant, sont conduits et \u00e9quip\u00e9s par le Saint-Esprit pour servir dans l\u2019\u00c9glise.<br \/>\n<a href=\"https:\/\/bible.publication-evangelique.com\/marc#11.35\" target=\"_blank\">Marc\u00a013:35-36<\/a><\/strong> Il en sera comme d\u2019un homme qui, partant pour un voyage, laisse sa maison, remet l\u2019autorit\u00e9 \u00e0 ses serviteurs, indique \u00e0 chacun sa t\u00e2che, et ordonne au portier de veiller. 35 Veillez donc, car vous ne savez quand viendra le ma\u00eetre de la maison, ou le soir, ou au milieu de la nuit, ou au chant du coq, ou le matin?; 36 craignez qu\u2019il ne vous trouve endormis, \u00e0 son arriv\u00e9e soudaine. 37 Ce que je vous dis, je le dis \u00e0 tous\u00a0: veillez.<\/p>\n<p><strong>Il y a des chr\u00e9tiens qui se croient au-dessus des autres et ils ne veulent pas servir.<br \/>\n<a href=\"https:\/\/bible.publication-evangelique.com\/galates#6.3\" target=\"_blank\">Galates\u00a06:3<\/a><\/strong> Si quelqu\u2019un pense \u00eatre quelque chose, quoiqu\u2019il ne soit rien, il s\u2019abuse lui-m\u00eame.<\/p>\n<p><strong>L\u2019ap\u00f4tre Paul, lui, avait compris l\u2019appel et il a dit qu\u2019il s\u2019est rendu l\u2019esclave de tous afin de faire avancer le royaume.<br \/>\n<a href=\"https:\/\/bible.publication-evangelique.com\/1-corinthiens#9.19\" target=\"_blank\">1 Corinthiens\u00a09:19<\/a><\/strong> Car, bien que je sois libre \u00e0 l\u2019\u00e9gard de tous, je me suis rendu le serviteur de tous, afin de gagner le plus grand nombre.<\/p>\n<p><strong>Il avait suivi le m\u00eame exemple que le Seigneur. Le Seigneur s\u2019est humili\u00e9 en prenant une forme d\u2019esclave pour ob\u00e9ir \u00e0 son P\u00e8re.<br \/>\n<a href=\"https:\/\/bible.publication-evangelique.com\/philippiens#2.7\" target=\"_blank\">Philippiens 2:7-8<\/a><\/strong> mais s\u2019est d\u00e9pouill\u00e9 lui-m\u00eame, en prenant une forme de serviteur, en devenant semblable aux hommes?; 8 et ayant paru comme un simple homme, il s\u2019est humili\u00e9 lui-m\u00eame, se rendant ob\u00e9issant jusqu\u2019\u00e0 la mort, m\u00eame jusqu\u2019\u00e0 la mort de la croix.<\/p>\n<p><strong>L\u2019ap\u00f4tre Paul nous a dit que nous sommes libres, mais \u00e0 cause de notre amour pour le Seigneur, nous devrions nous rendre les serviteurs des autres.<br \/>\n<a href=\"https:\/\/bible.publication-evangelique.com\/galates#5.13\" target=\"_blank\">Galates 5:13<\/a><\/strong> Fr\u00e8res, vous avez \u00e9t\u00e9 appel\u00e9s \u00e0 la libert\u00e9, seulement ne faites pas de cette libert\u00e9 un pr\u00e9texte de vivre selon la chair?; mais rendez-vous, par la charit\u00e9, serviteurs les uns des autres.<\/p>\n<p><strong>Pierre nous a dit la m\u00eame chose, nous avons tous re\u00e7u des dons, et il nous exhorte \u00e0 mettre au service des autres nos dons.<br \/>\n<a href=\"https:\/\/bible.publication-evangelique.com\/1-pierre#4.10\" target=\"_blank\">1 Pierre 4:10-11<\/a>10<\/strong> Comme de bons dispensateurs des diverses gr\u00e2ces de Dieu, que chacun de vous mette au service des autres le don qu\u2019il a re\u00e7u, 11 : si quelqu\u2019un parle, que ce soit comme annon\u00e7ant les oracles de Dieu?; si quelqu\u2019un remplit un minist\u00e8re, qu\u2019il le remplisse selon la force que Dieu communique, afin qu\u2019en toutes choses Dieu soit glorifi\u00e9 par J\u00e9sus-Christ, \u00e0 qui appartiennent la gloire et la puissance, aux si\u00e8cles des si\u00e8cles. Amen?!<\/p>\n<p><strong>Lorsque le Seigneur reviendra, il rendra \u00e0 chacun selon ses \u0153uvres.<br \/>\n<a href=\"https:\/\/bible.publication-evangelique.com\/matthieu#16.27\" target=\"_blank\">Matthieu\u00a016:27<\/a><\/strong> Car le Fils de l\u2019homme doit venir dans la gloire de son P\u00e8re, avec ses anges?; et alors il rendra \u00e0 chacun selon ses \u0153uvres.<\/p>\n<p>&#8212;&#8212;&#8212;&#8212;&#8212;&#8212;<\/p>\n<p>Daniel Poulin<br \/>\n<a title=\" Publication \u00c9vang\u00e9lique \" href=\"https:\/\/publication-evangelique.com\" target=\" _blank \" rel=\"noopener\">https:\/\/publication-evangelique.com<\/a><\/p>\n<p><strong>De la s\u00e9rie : <\/strong> <a href= \" https:\/\/publication-evangelique.com\/?page_id=19688\" > Le chr\u00e9tien et ses responsabilit\u00e9s.<\/a><\/p>\n<p><strong>Adresse de ce blogue :<\/strong> <a href= \" https:\/\/publication-evangelique.com\/?p=19971\" > https:\/\/publication-evangelique.com\/?p=19971<\/a><\/p>\n","protected":false},"excerpt":{"rendered":"<p>Le chr\u00e9tien et ses responsabilit\u00e9s. Nous allons regarder ensemble que le Seigneur s\u2019attend \u00e0 ce que chacun comprenne et entre dans l\u2019appel pour sa vie. Depuis l\u2019\u00e9ternit\u00e9, Dieu avait un plan pour chacun de ses disciples.<\/p>\n <a class=\"more-link\" href=\"https:\/\/publication-evangelique.com\/?p=19971\"><span class=\"more-msg\">Lire la suite &rarr;<\/span><\/a>","protected":false},"author":1,"featured_media":13121,"comment_status":"closed","ping_status":"closed","sticky":false,"template":"","format":"standard","meta":{"footnotes":""},"categories":[1016],"tags":[41,1018,576],"class_list":["post-19971","post","type-post","status-publish","format-standard","has-post-thumbnail","hentry","category-responsabilites","tag-appel","tag-chercher","tag-entrer"],"yoast_head":"<!-- This site is optimized with the Yoast SEO plugin v27.4 - https:\/\/yoast.com\/product\/yoast-seo-wordpress\/ -->\n<title>Chercher \u00e0 entrer dans ce que Dieu nous a demand\u00e9 personnellement. - Publication \u00c9vang\u00e9lique<\/title>\n<meta name=\"robots\" content=\"index, follow, max-snippet:-1, max-image-preview:large, max-video-preview:-1\" \/>\n<link rel=\"canonical\" href=\"https:\/\/publication-evangelique.com\/?p=19971\" \/>\n<meta property=\"og:locale\" content=\"fr_FR\" \/>\n<meta property=\"og:type\" content=\"article\" \/>\n<meta property=\"og:title\" content=\"Chercher \u00e0 entrer dans ce que Dieu nous a demand\u00e9 personnellement. - Publication \u00c9vang\u00e9lique\" \/>\n<meta property=\"og:description\" content=\"Le chr\u00e9tien et ses responsabilit\u00e9s. Nous allons regarder ensemble que le Seigneur s\u2019attend \u00e0 ce que chacun comprenne et entre dans l\u2019appel pour sa vie. Depuis l\u2019\u00e9ternit\u00e9, Dieu avait un plan pour chacun de ses disciples.\" \/>\n<meta property=\"og:url\" content=\"https:\/\/publication-evangelique.com\/?p=19971\" \/>\n<meta property=\"og:site_name\" content=\"Publication \u00c9vang\u00e9lique\" \/>\n<meta property=\"article:publisher\" content=\"https:\/\/www.facebook.com\/danielpoulin75\" \/>\n<meta property=\"article:author\" content=\"https:\/\/www.facebook.com\/danielpoulin75\" \/>\n<meta property=\"article:published_time\" content=\"2025-11-02T10:54:58+00:00\" \/>\n<meta property=\"og:image\" content=\"https:\/\/publication-evangelique.com\/wp-content\/uploads\/1325.jpg\" \/>\n\t<meta property=\"og:image:width\" content=\"1280\" \/>\n\t<meta property=\"og:image:height\" content=\"960\" \/>\n\t<meta property=\"og:image:type\" content=\"image\/jpeg\" \/>\n<meta name=\"author\" content=\"Daniel Poulin\" \/>\n<meta name=\"twitter:label1\" content=\"\u00c9crit par\" \/>\n\t<meta name=\"twitter:data1\" content=\"Daniel Poulin\" \/>\n\t<meta name=\"twitter:label2\" content=\"Dur\u00e9e de lecture estim\u00e9e\" \/>\n\t<meta name=\"twitter:data2\" content=\"1 minute\" \/>\n<script type=\"application\/ld+json\" class=\"yoast-schema-graph\">{\"@context\":\"https:\\\/\\\/schema.org\",\"@graph\":[{\"@type\":\"Article\",\"@id\":\"https:\\\/\\\/publication-evangelique.com\\\/?p=19971#article\",\"isPartOf\":{\"@id\":\"https:\\\/\\\/publication-evangelique.com\\\/?p=19971\"},\"author\":{\"name\":\"Daniel Poulin\",\"@id\":\"https:\\\/\\\/publication-evangelique.com\\\/#\\\/schema\\\/person\\\/a7aa86223ca614c8c1a737d18c95460c\"},\"headline\":\"Chercher \u00e0 entrer dans ce que Dieu nous a demand\u00e9 personnellement.\",\"datePublished\":\"2025-11-02T10:54:58+00:00\",\"mainEntityOfPage\":{\"@id\":\"https:\\\/\\\/publication-evangelique.com\\\/?p=19971\"},\"wordCount\":1213,\"publisher\":{\"@id\":\"https:\\\/\\\/publication-evangelique.com\\\/#\\\/schema\\\/person\\\/a7aa86223ca614c8c1a737d18c95460c\"},\"image\":{\"@id\":\"https:\\\/\\\/publication-evangelique.com\\\/?p=19971#primaryimage\"},\"thumbnailUrl\":\"https:\\\/\\\/publication-evangelique.com\\\/wp-content\\\/uploads\\\/1325.jpg\",\"keywords\":[\"appel\",\"chercher\",\"entrer\"],\"articleSection\":[\"responsabilit\u00e9s\"],\"inLanguage\":\"fr-FR\"},{\"@type\":\"WebPage\",\"@id\":\"https:\\\/\\\/publication-evangelique.com\\\/?p=19971\",\"url\":\"https:\\\/\\\/publication-evangelique.com\\\/?p=19971\",\"name\":\"Chercher \u00e0 entrer dans ce que Dieu nous a demand\u00e9 personnellement. - Publication \u00c9vang\u00e9lique\",\"isPartOf\":{\"@id\":\"https:\\\/\\\/publication-evangelique.com\\\/#website\"},\"primaryImageOfPage\":{\"@id\":\"https:\\\/\\\/publication-evangelique.com\\\/?p=19971#primaryimage\"},\"image\":{\"@id\":\"https:\\\/\\\/publication-evangelique.com\\\/?p=19971#primaryimage\"},\"thumbnailUrl\":\"https:\\\/\\\/publication-evangelique.com\\\/wp-content\\\/uploads\\\/1325.jpg\",\"datePublished\":\"2025-11-02T10:54:58+00:00\",\"breadcrumb\":{\"@id\":\"https:\\\/\\\/publication-evangelique.com\\\/?p=19971#breadcrumb\"},\"inLanguage\":\"fr-FR\",\"potentialAction\":[{\"@type\":\"ReadAction\",\"target\":[\"https:\\\/\\\/publication-evangelique.com\\\/?p=19971\"]}]},{\"@type\":\"ImageObject\",\"inLanguage\":\"fr-FR\",\"@id\":\"https:\\\/\\\/publication-evangelique.com\\\/?p=19971#primaryimage\",\"url\":\"https:\\\/\\\/publication-evangelique.com\\\/wp-content\\\/uploads\\\/1325.jpg\",\"contentUrl\":\"https:\\\/\\\/publication-evangelique.com\\\/wp-content\\\/uploads\\\/1325.jpg\",\"width\":1280,\"height\":960},{\"@type\":\"BreadcrumbList\",\"@id\":\"https:\\\/\\\/publication-evangelique.com\\\/?p=19971#breadcrumb\",\"itemListElement\":[{\"@type\":\"ListItem\",\"position\":1,\"name\":\"Accueil\",\"item\":\"https:\\\/\\\/publication-evangelique.com\\\/\"},{\"@type\":\"ListItem\",\"position\":2,\"name\":\"Chercher \u00e0 entrer dans ce que Dieu nous a demand\u00e9 personnellement.\"}]},{\"@type\":\"WebSite\",\"@id\":\"https:\\\/\\\/publication-evangelique.com\\\/#website\",\"url\":\"https:\\\/\\\/publication-evangelique.com\\\/\",\"name\":\"Daniel Poulin - publication-evangelique.com\",\"description\":\"Daniel Poulin\",\"publisher\":{\"@id\":\"https:\\\/\\\/publication-evangelique.com\\\/#\\\/schema\\\/person\\\/a7aa86223ca614c8c1a737d18c95460c\"},\"potentialAction\":[{\"@type\":\"SearchAction\",\"target\":{\"@type\":\"EntryPoint\",\"urlTemplate\":\"https:\\\/\\\/publication-evangelique.com\\\/?s={search_term_string}\"},\"query-input\":{\"@type\":\"PropertyValueSpecification\",\"valueRequired\":true,\"valueName\":\"search_term_string\"}}],\"inLanguage\":\"fr-FR\"},{\"@type\":[\"Person\",\"Organization\"],\"@id\":\"https:\\\/\\\/publication-evangelique.com\\\/#\\\/schema\\\/person\\\/a7aa86223ca614c8c1a737d18c95460c\",\"name\":\"Daniel Poulin\",\"image\":{\"@type\":\"ImageObject\",\"inLanguage\":\"fr-FR\",\"@id\":\"https:\\\/\\\/publication-evangelique.com\\\/wp-content\\\/uploads\\\/daniel5-1.jpg\",\"url\":\"https:\\\/\\\/publication-evangelique.com\\\/wp-content\\\/uploads\\\/daniel5-1.jpg\",\"contentUrl\":\"https:\\\/\\\/publication-evangelique.com\\\/wp-content\\\/uploads\\\/daniel5-1.jpg\",\"width\":833,\"height\":969,\"caption\":\"Daniel Poulin\"},\"logo\":{\"@id\":\"https:\\\/\\\/publication-evangelique.com\\\/wp-content\\\/uploads\\\/daniel5-1.jpg\"},\"description\":\"Bonjour, ici Daniel Poulin! Je suis un chr\u00e9tien n\u00e9 de nouveau depuis 1980, ayant parcouru un cheminement avec le Seigneur J\u00e9sus-Christ, j'ai construit ce site afin de partager mes connaissances de la parole de Dieu \\\" La Bible \\\" Je travaille aussi au d\u00e9veloppement de la station de radio chr\u00e9tienne fran\u00e7aise \u00e0 Montr\u00e9al, \\\" La Radio Gospel \\\" que vous pouvez voir ici http:\\\/\\\/laradiogospel.ca Je fr\u00e9quente aussi une \u00e9glise, dont je pr\u00eache et j\u2019enseigne la parole de Dieu. La communaut\u00e9 \u00c9vang\u00e9lique de l'Agneau \\\" , voici l'adresse, http:\\\/\\\/communauteevangelique.ca\\\/\",\"sameAs\":[\"https:\\\/\\\/publication-evangelique.com\",\"https:\\\/\\\/www.facebook.com\\\/danielpoulin75\",\"https:\\\/\\\/www.linkedin.com\\\/in\\\/daniel-poulin-64614745\\\/\",\"https:\\\/\\\/x.com\\\/https:\\\/\\\/twitter.com\\\/Daniel_Poulin\",\"https:\\\/\\\/www.youtube.com\\\/user\\\/danielpoulin75\\\/videos\"]}]}<\/script>\n<!-- \/ Yoast SEO plugin. -->","yoast_head_json":{"title":"Chercher \u00e0 entrer dans ce que Dieu nous a demand\u00e9 personnellement. - Publication \u00c9vang\u00e9lique","robots":{"index":"index","follow":"follow","max-snippet":"max-snippet:-1","max-image-preview":"max-image-preview:large","max-video-preview":"max-video-preview:-1"},"canonical":"https:\/\/publication-evangelique.com\/?p=19971","og_locale":"fr_FR","og_type":"article","og_title":"Chercher \u00e0 entrer dans ce que Dieu nous a demand\u00e9 personnellement. - Publication \u00c9vang\u00e9lique","og_description":"Le chr\u00e9tien et ses responsabilit\u00e9s. Nous allons regarder ensemble que le Seigneur s\u2019attend \u00e0 ce que chacun comprenne et entre dans l\u2019appel pour sa vie. Depuis l\u2019\u00e9ternit\u00e9, Dieu avait un plan pour chacun de ses disciples.","og_url":"https:\/\/publication-evangelique.com\/?p=19971","og_site_name":"Publication \u00c9vang\u00e9lique","article_publisher":"https:\/\/www.facebook.com\/danielpoulin75","article_author":"https:\/\/www.facebook.com\/danielpoulin75","article_published_time":"2025-11-02T10:54:58+00:00","og_image":[{"width":1280,"height":960,"url":"https:\/\/publication-evangelique.com\/wp-content\/uploads\/1325.jpg","type":"image\/jpeg"}],"author":"Daniel Poulin","twitter_misc":{"\u00c9crit par":"Daniel Poulin","Dur\u00e9e de lecture estim\u00e9e":"1 minute"},"schema":{"@context":"https:\/\/schema.org","@graph":[{"@type":"Article","@id":"https:\/\/publication-evangelique.com\/?p=19971#article","isPartOf":{"@id":"https:\/\/publication-evangelique.com\/?p=19971"},"author":{"name":"Daniel Poulin","@id":"https:\/\/publication-evangelique.com\/#\/schema\/person\/a7aa86223ca614c8c1a737d18c95460c"},"headline":"Chercher \u00e0 entrer dans ce que Dieu nous a demand\u00e9 personnellement.","datePublished":"2025-11-02T10:54:58+00:00","mainEntityOfPage":{"@id":"https:\/\/publication-evangelique.com\/?p=19971"},"wordCount":1213,"publisher":{"@id":"https:\/\/publication-evangelique.com\/#\/schema\/person\/a7aa86223ca614c8c1a737d18c95460c"},"image":{"@id":"https:\/\/publication-evangelique.com\/?p=19971#primaryimage"},"thumbnailUrl":"https:\/\/publication-evangelique.com\/wp-content\/uploads\/1325.jpg","keywords":["appel","chercher","entrer"],"articleSection":["responsabilit\u00e9s"],"inLanguage":"fr-FR"},{"@type":"WebPage","@id":"https:\/\/publication-evangelique.com\/?p=19971","url":"https:\/\/publication-evangelique.com\/?p=19971","name":"Chercher \u00e0 entrer dans ce que Dieu nous a demand\u00e9 personnellement. - Publication \u00c9vang\u00e9lique","isPartOf":{"@id":"https:\/\/publication-evangelique.com\/#website"},"primaryImageOfPage":{"@id":"https:\/\/publication-evangelique.com\/?p=19971#primaryimage"},"image":{"@id":"https:\/\/publication-evangelique.com\/?p=19971#primaryimage"},"thumbnailUrl":"https:\/\/publication-evangelique.com\/wp-content\/uploads\/1325.jpg","datePublished":"2025-11-02T10:54:58+00:00","breadcrumb":{"@id":"https:\/\/publication-evangelique.com\/?p=19971#breadcrumb"},"inLanguage":"fr-FR","potentialAction":[{"@type":"ReadAction","target":["https:\/\/publication-evangelique.com\/?p=19971"]}]},{"@type":"ImageObject","inLanguage":"fr-FR","@id":"https:\/\/publication-evangelique.com\/?p=19971#primaryimage","url":"https:\/\/publication-evangelique.com\/wp-content\/uploads\/1325.jpg","contentUrl":"https:\/\/publication-evangelique.com\/wp-content\/uploads\/1325.jpg","width":1280,"height":960},{"@type":"BreadcrumbList","@id":"https:\/\/publication-evangelique.com\/?p=19971#breadcrumb","itemListElement":[{"@type":"ListItem","position":1,"name":"Accueil","item":"https:\/\/publication-evangelique.com\/"},{"@type":"ListItem","position":2,"name":"Chercher \u00e0 entrer dans ce que Dieu nous a demand\u00e9 personnellement."}]},{"@type":"WebSite","@id":"https:\/\/publication-evangelique.com\/#website","url":"https:\/\/publication-evangelique.com\/","name":"Daniel Poulin - publication-evangelique.com","description":"Daniel Poulin","publisher":{"@id":"https:\/\/publication-evangelique.com\/#\/schema\/person\/a7aa86223ca614c8c1a737d18c95460c"},"potentialAction":[{"@type":"SearchAction","target":{"@type":"EntryPoint","urlTemplate":"https:\/\/publication-evangelique.com\/?s={search_term_string}"},"query-input":{"@type":"PropertyValueSpecification","valueRequired":true,"valueName":"search_term_string"}}],"inLanguage":"fr-FR"},{"@type":["Person","Organization"],"@id":"https:\/\/publication-evangelique.com\/#\/schema\/person\/a7aa86223ca614c8c1a737d18c95460c","name":"Daniel Poulin","image":{"@type":"ImageObject","inLanguage":"fr-FR","@id":"https:\/\/publication-evangelique.com\/wp-content\/uploads\/daniel5-1.jpg","url":"https:\/\/publication-evangelique.com\/wp-content\/uploads\/daniel5-1.jpg","contentUrl":"https:\/\/publication-evangelique.com\/wp-content\/uploads\/daniel5-1.jpg","width":833,"height":969,"caption":"Daniel Poulin"},"logo":{"@id":"https:\/\/publication-evangelique.com\/wp-content\/uploads\/daniel5-1.jpg"},"description":"Bonjour, ici Daniel Poulin! Je suis un chr\u00e9tien n\u00e9 de nouveau depuis 1980, ayant parcouru un cheminement avec le Seigneur J\u00e9sus-Christ, j'ai construit ce site afin de partager mes connaissances de la parole de Dieu \" La Bible \" Je travaille aussi au d\u00e9veloppement de la station de radio chr\u00e9tienne fran\u00e7aise \u00e0 Montr\u00e9al, \" La Radio Gospel \" que vous pouvez voir ici http:\/\/laradiogospel.ca Je fr\u00e9quente aussi une \u00e9glise, dont je pr\u00eache et j\u2019enseigne la parole de Dieu. La communaut\u00e9 \u00c9vang\u00e9lique de l'Agneau \" , voici l'adresse, http:\/\/communauteevangelique.ca\/","sameAs":["https:\/\/publication-evangelique.com","https:\/\/www.facebook.com\/danielpoulin75","https:\/\/www.linkedin.com\/in\/daniel-poulin-64614745\/","https:\/\/x.com\/https:\/\/twitter.com\/Daniel_Poulin","https:\/\/www.youtube.com\/user\/danielpoulin75\/videos"]}]}},"_links":{"self":[{"href":"https:\/\/publication-evangelique.com\/index.php?rest_route=\/wp\/v2\/posts\/19971","targetHints":{"allow":["GET"]}}],"collection":[{"href":"https:\/\/publication-evangelique.com\/index.php?rest_route=\/wp\/v2\/posts"}],"about":[{"href":"https:\/\/publication-evangelique.com\/index.php?rest_route=\/wp\/v2\/types\/post"}],"author":[{"embeddable":true,"href":"https:\/\/publication-evangelique.com\/index.php?rest_route=\/wp\/v2\/users\/1"}],"replies":[{"embeddable":true,"href":"https:\/\/publication-evangelique.com\/index.php?rest_route=%2Fwp%2Fv2%2Fcomments&post=19971"}],"version-history":[{"count":2,"href":"https:\/\/publication-evangelique.com\/index.php?rest_route=\/wp\/v2\/posts\/19971\/revisions"}],"predecessor-version":[{"id":19973,"href":"https:\/\/publication-evangelique.com\/index.php?rest_route=\/wp\/v2\/posts\/19971\/revisions\/19973"}],"wp:featuredmedia":[{"embeddable":true,"href":"https:\/\/publication-evangelique.com\/index.php?rest_route=\/wp\/v2\/media\/13121"}],"wp:attachment":[{"href":"https:\/\/publication-evangelique.com\/index.php?rest_route=%2Fwp%2Fv2%2Fmedia&parent=19971"}],"wp:term":[{"taxonomy":"category","embeddable":true,"href":"https:\/\/publication-evangelique.com\/index.php?rest_route=%2Fwp%2Fv2%2Fcategories&post=19971"},{"taxonomy":"post_tag","embeddable":true,"href":"https:\/\/publication-evangelique.com\/index.php?rest_route=%2Fwp%2Fv2%2Ftags&post=19971"}],"curies":[{"name":"wp","href":"https:\/\/api.w.org\/{rel}","templated":true}]}}