{"id":20056,"date":"2026-01-25T07:33:34","date_gmt":"2026-01-25T12:33:34","guid":{"rendered":"https:\/\/publication-evangelique.com\/?p=20056"},"modified":"2026-01-25T07:33:34","modified_gmt":"2026-01-25T12:33:34","slug":"lautorite-de-leglise-dans-le-monde-spirituel","status":"publish","type":"post","link":"https:\/\/publication-evangelique.com\/?p=20056","title":{"rendered":"L\u2019autorit\u00e9 de l\u2019\u00c9glise dans le monde spirituel."},"content":{"rendered":"<h3>L\u2019\u00e9glise a re\u00e7u le mandat de combattre contre les t\u00e9n\u00e8bres comme J\u00e9sus l\u2019a fait.<\/h3>\n<p><audio controls= \" controls \" preload= \" none \" style= \" width:480px; \" src= \" https:\/\/publication-evangelique.com\/media\/l_eglise_du_seigneur\/24\/26_01_24.mp3 \" ><\/audio><br \/>\n<strong>T\u00e9l\u00e9charger &#8211;&gt; <\/strong><a href= \" https:\/\/publication-evangelique.com\/media\/l_eglise_du_seigneur\/24\/26_01_24.mp3 \" >MP3<\/a>   <\/p>\n<p><strong><br \/>\n<a href=\"https:\/\/bible.publication-evangelique.com\/actes#10.38\" target=\"_blank\">Actes 10:38<\/a><\/strong> : Vous savez comment Dieu a oint du Saint-Esprit et de force J\u00e9sus de Nazareth, qui allait de lieu en lieu faisant du bien et gu\u00e9rissant tous ceux qui \u00e9taient sous l\u2019empire du diable, car Dieu \u00e9tait avec lui.<\/p>\n<p><strong>Le Seigneur, en sauvant l\u2019ap\u00f4tre Paul, lui a r\u00e9v\u00e9l\u00e9 une v\u00e9rit\u00e9 qui explique la puissance des enseignements de la parole de Dieu.<br \/>\n<a href=\"https:\/\/bible.publication-evangelique.com\/actes#26.16\" target=\"_blank\">Actes 26:16-18<\/a><\/strong> Mais l\u00e8ve-toi, et tiens-toi sur tes pieds\u00a0; car je te suis apparu pour t\u2019\u00e9tablir ministre et t\u00e9moin des choses que tu as vues et de celles pour lesquelles je t\u2019appara\u00eetrai. <!--more--> 18 afin que tu leur ouvres les yeux, pour qu\u2019ils passent des t\u00e9n\u00e8bres \u00e0 la lumi\u00e8re et de la puissance de Satan \u00e0 Dieu, pour qu\u2019ils re\u00e7oivent, par la foi en moi, le pardon des p\u00e9ch\u00e9s et l\u2019h\u00e9ritage avec les sanctifi\u00e9s.<\/p>\n<p><strong>Strong \u2013 passent <\/strong>= 1a) se tourner vers 2a) se tourner sur soi-m\u00eame 2b) se d\u00e9tourner 2c) retourner,<\/p>\n<p><strong>Strong \u2013 puissance <\/strong>= 3) pouvoir d\u2019autorit\u00e9 (influence) et de droit (privil\u00e8ge) 4a1) Autorit\u00e9 sur le genre humain 4b1) pouvoir des d\u00e9cisions judiciaires 4c) juridiction 4c1) Celui qui poss\u00e8de l\u2019autorit\u00e9<\/p>\n<p><strong>Les membres de l\u2019\u00c9glise doivent r\u00e9aliser qu\u2019\u00e9tant rachet\u00e9s, ils ne font plus partie de ce monde.<br \/>\n<a href=\"https:\/\/bible.publication-evangelique.com\/jean#17.14\" target=\"_blank\">Jean 17:14-16<\/a><\/strong> Je leur ai donn\u00e9 ta parole\u00a0; et le monde les a ha\u00efs, parce qu\u2019ils ne sont pas du monde, comme moi je ne suis pas du monde. 15 Je ne te prie pas de les \u00f4ter du monde, mais de les pr\u00e9server du mal. 16 Ils ne sont pas du monde, comme moi je ne suis pas du monde.<\/p>\n<p><strong>Les membres de l\u2019\u00c9glise ont maintenant la possibilit\u00e9 de marcher et de demeurer dans la lumi\u00e8re de Dieu, en communion avec Dieu. La victoire se trouve dans ce sur quoi nous marchons.<br \/>\n<a href=\"http:\/\/1-jean#1.7\" target=\"_blank\">1 Jean 1:7<\/a><\/strong> Mais si nous marchons dans la lumi\u00e8re, comme il est lui-m\u00eame dans la lumi\u00e8re, nous sommes mutuellement en communion, et le sang de J\u00e9sus son Fils nous purifie de tout p\u00e9ch\u00e9.<\/p>\n<p><strong>Le plan du Seigneur a \u00e9t\u00e9 expliqu\u00e9 dans les \u00c9critures, afin que les membres de son \u00c9glise ne demeurent pas dans les t\u00e9n\u00e8bres.<br \/>\n<a href=\"https:\/\/bible.publication-evangelique.com\/jean#12.46\" target=\"_blank\">Jean 12:46<\/a><\/strong> Je suis venu comme une lumi\u00e8re dans le monde, afin que quiconque croit en moi ne demeure pas dans les t\u00e9n\u00e8bres.<\/p>\n<p><strong>Mais malheureusement, il est possible que les chr\u00e9tiens soient encore ignorants des v\u00e9rit\u00e9s bibliques et\/ou qu&rsquo;ils aient \u00e9t\u00e9 mal affermis, ils pataugent encore dans les t\u00e9n\u00e8bres malgr\u00e9 leur rachat.<br \/>\n<a href=\"https:\/\/bible.publication-evangelique.com\/1-jean#2.9\" target=\"_blank\">1 Jean 2:9<\/a><\/strong> Celui qui dit qu\u2019il est dans la lumi\u00e8re, et qui hait son fr\u00e8re, est encore dans les t\u00e9n\u00e8bres.<\/p>\n<p><strong>La parole nous dit que les membres de l\u2019\u00c9glise sont garantis d\u2019\u00eatre sauv\u00e9s par le Seigneur, par ce fait, les portes du s\u00e9jour des morts ne peuvent avoir le dessus sur son \u00c9glise.<br \/>\n<a href=\"https:\/\/bible.publication-evangelique.com\/matthieu#16.18\" target=\"_blank\">Matthieu 16:18<\/a><\/strong> Et moi, je te dis que tu es Pierre, et que sur cette pierre je b\u00e2tirai mon \u00c9glise, et que les portes du s\u00e9jour des morts ne pr\u00e9vaudront point contre elle.<\/p>\n<p><strong>Le s\u00e9jour des morts repr\u00e9sente la mort physique et \u00e9ternelle, la s\u00e9paration de Dieu.<br \/>\n<a href=\"https:\/\/bible.publication-evangelique.com\/apocalypse#6.8\" target=\"_blank\">Apocalypse 6:8<\/a><\/strong> Je regardai, et voici, parut un cheval d\u2019une couleur p\u00e2le. Celui qui le montait se nommait la Mort, et le s\u00e9jour des morts l\u2019accompagnait. Le pouvoir leur fut donn\u00e9 sur le quart de la terre, pour faire p\u00e9rir les hommes par l\u2019\u00e9p\u00e9e, par la famine, par la mortalit\u00e9, et par les b\u00eates sauvages de la terre.<br \/>\nLe Seigneur nous a donn\u00e9 la promesse et les moyens afin que la mort et le s\u00e9jour des morts n\u2019aient pas le dessus sur ses disciples.<\/p>\n<p><strong>Il faut saisir les promesses et marcher dedans.<br \/>\n<a href=\"https:\/\/bible.publication-evangelique.com\/jean#12.36\" target=\"_blank\">Jean 12:36<\/a><\/strong> Pendant que vous avez la lumi\u00e8re, croyez en la lumi\u00e8re, afin que vous soyez des enfants de lumi\u00e8re. J\u00e9sus dit ces choses, puis il s\u2019en alla, et se cacha loin d\u2019eux.<\/p>\n<p><strong>Dieu a distribu\u00e9 des dons dans son \u00c9glise afin que l\u2019\u00c9glise marche dans l\u2019autorit\u00e9 du nom de Yeshoua.<br \/>\n<a href=\"https:\/\/bible.publication-evangelique.com\/matthieu#10.1\" target=\"_blank\">Matthieu\u00a010:1<\/a><\/strong> Puis, ayant appel\u00e9 ses douze disciples, il leur donna le pouvoir de chasser les esprits impurs, et de gu\u00e9rir toute maladie et toute infirmit\u00e9.<\/p>\n<p><strong>En ajoutant surtout qu\u2019il y a eu plusieurs conversions et des vies sauv\u00e9es et transform\u00e9es.<br \/>\n<a href=\"https:\/\/bible.publication-evangelique.com\/marc#16.15\" target=\"_blank\">Marc 16:15-16<\/a><\/strong> Puis il leur dit\u00a0: \u00ab Allez par tout le monde, et pr\u00eachez la bonne nouvelle \u00e0 toute la cr\u00e9ation. 16 Celui qui croira et qui sera baptis\u00e9 sera sauv\u00e9, mais celui qui ne croira pas sera condamn\u00e9.<\/p>\n<p>L\u2019\u00c9glise a re\u00e7u l\u2019ordre d\u2019utiliser les dons re\u00e7us pour \u00e9tendre l\u2019\u0153uvre de Dieu.<\/p>\n<p><strong>L&rsquo;\u00c9glise est une classe de cr\u00e9atures dont les deux pieds sont sur terre mais qui est assise spirituellement dans les lieux c\u00e9lestes, dans le nom au-dessus de tout nom.<br \/>\n<a href=\"https:\/\/bible.publication-evangelique.com\/ephesiens#2.5\" target=\"_blank\">\u00c9ph\u00e9siens 2:5-6<\/a><\/strong> : nous qui \u00e9tions morts par nos offenses, nous a rendus \u00e0 la vie avec Christ (c\u2019est par gr\u00e2ce que vous \u00eates sauv\u00e9s)\u00a0; 6 : il nous a ressuscit\u00e9s ensemble, et nous a fait asseoir ensemble dans les lieux c\u00e9lestes, en J\u00e9sus-Christ,<\/p>\n<p><strong>Dieu a donn\u00e9 \u00e0 son \u00c9glise l\u2019autorit\u00e9 sur toute la puissance de l\u2019ennemi.<br \/>\n<a href=\"https:\/\/bible.publication-evangelique.com\/luc#10.19\" target=\"_blank\">Luc\u00a010:19-20<\/a><\/strong> Voici, je vous ai donn\u00e9 le pouvoir de marcher sur les serpents et les scorpions, et sur toute la puissance de l\u2019ennemi?; et rien ne pourra vous nuire. 20 Cependant, ne vous r\u00e9jouissez pas de ce que les esprits vous sont soumis?; mais r\u00e9jouissez-vous de ce que vos noms sont \u00e9crits dans les cieux.<\/p>\n<p><strong>Ce qui permet \u00e0 tous les chr\u00e9tiens de r\u00e9sister au diable.<br \/>\n<a href=\"https:\/\/bible.publication-evangelique.com\/jacques#4.7\" target=\"_blank\">Jacques 4:7<\/a><\/strong> Soumettez-vous donc \u00e0 Dieu\u00a0; r\u00e9sistez au diable, et il fuira loin de vous.<\/p>\n<p><strong>Les enseignements de la parole de Dieu nous sont donn\u00e9s pour que l\u2019on utilise cette autorit\u00e9.<br \/>\n<a href=\"https:\/\/bible.publication-evangelique.com\/1-pierre#5.9\" target=\"_blank\">1 Pierre 5:9<\/a> <\/strong>R\u00e9sistez-lui avec une foi ferme, sachant que les m\u00eames souffrances sont impos\u00e9es \u00e0 vos fr\u00e8res dans le monde.<\/p>\n<p><strong>Le Seigneur a mis \u00e0 notre disposition des armes et l\u2019autorit\u00e9 pour combattre les d\u00e9mons.<br \/>\n<a href=\"https:\/\/bible.publication-evangelique.com\/ephesiens#6.11\" target=\"_blank\">\u00c9ph\u00e9siens 6:11-12<\/a><\/strong> Rev\u00eatez-vous de toutes les armes de Dieu, afin de pouvoir tenir ferme contre les ruses du diable. 12 Car nous n\u2019avons pas \u00e0 lutter contre la chair et le sang, mais contre les dominations, contre les autorit\u00e9s, contre les princes de ce monde de t\u00e9n\u00e8bres, contre les esprits m\u00e9chants dans les lieux c\u00e9lestes.<\/p>\n<p><strong>Les portes du s\u00e9jour des morts n\u2019auront pas le dessus contre son \u00c9glise.<br \/>\nMais il nous est dit de prendre les armes de Dieu.<br \/>\n<a href=\"https:\/\/bible.publication-evangelique.com\/ephesiens#6.13\" target=\"_blank\">\u00c9ph\u00e9siens 6:13<\/a><\/strong> C\u2019est pourquoi, prenez toutes les armes de Dieu, afin de pouvoir r\u00e9sister dans le mauvais jour, et tenir ferme apr\u00e8s avoir tout surmont\u00e9.<\/p>\n<p>&#8212;&#8212;&#8212;&#8212;&#8212;&#8212;<\/p>\n<p>Daniel Poulin<br \/>\n<a title=\" Publication \u00c9vang\u00e9lique \" href=\"https:\/\/publication-evangelique.com\" target=\" _blank \" rel=\"noopener\">https:\/\/publication-evangelique.com<\/a><\/p>\n<p><strong>De la s\u00e9rie : <\/strong> <a href= \" https:\/\/publication-evangelique.com\/?page_id=19982\" > L\u2019\u00c9glise du Seigneur J\u00e9sus-Christ<\/a><\/p>\n<p><strong>Adresse de ce blogue :<\/strong> <a href= \" https:\/\/publication-evangelique.com\/?p=20056\" > https:\/\/publication-evangelique.com\/?p=20056<\/a><\/p>\n","protected":false},"excerpt":{"rendered":"<p>L\u2019\u00e9glise a re\u00e7u le mandat de combattre contre les t\u00e9n\u00e8bres comme J\u00e9sus l\u2019a fait. Le Seigneur, en sauvant l\u2019ap\u00f4tre Paul, lui a r\u00e9v\u00e9l\u00e9 une v\u00e9rit\u00e9 qui explique la puissance des enseignements de la parole de Dieu. Les membres de l\u2019\u00c9glise doivent r\u00e9aliser qu\u2019\u00e9tant rachet\u00e9s, ils ne font plus partie de ce monde.<\/p>\n <a class=\"more-link\" href=\"https:\/\/publication-evangelique.com\/?p=20056\"><span class=\"more-msg\">Lire la suite &rarr;<\/span><\/a>","protected":false},"author":1,"featured_media":13103,"comment_status":"closed","ping_status":"closed","sticky":false,"template":"","format":"standard","meta":{"footnotes":""},"categories":[1026],"tags":[50,125,1032],"class_list":["post-20056","post","type-post","status-publish","format-standard","has-post-thumbnail","hentry","category-eglise","tag-autorite","tag-eglise","tag-monde-spirituel"],"yoast_head":"<!-- This site is optimized with the Yoast SEO plugin v27.4 - https:\/\/yoast.com\/product\/yoast-seo-wordpress\/ -->\n<title>L\u2019autorit\u00e9 de l\u2019\u00c9glise dans le monde spirituel. - Publication \u00c9vang\u00e9lique<\/title>\n<meta name=\"description\" content=\"L\u2019\u00e9glise a re\u00e7u le mandat de combattre contre les t\u00e9n\u00e8bres comme J\u00e9sus l\u2019a fait. Le Seigneur, en sauvant l\u2019ap\u00f4tre Paul, lui a r\u00e9v\u00e9l\u00e9 une v\u00e9rit\u00e9 qui explique la puissance des enseignements de la parole de Dieu. Les membres de l\u2019\u00c9glise doivent r\u00e9aliser qu\u2019\u00e9tant rachet\u00e9s, ils ne font plus partie de ce monde.\" \/>\n<meta name=\"robots\" content=\"index, follow, max-snippet:-1, max-image-preview:large, max-video-preview:-1\" \/>\n<link rel=\"canonical\" href=\"https:\/\/publication-evangelique.com\/?p=20056\" \/>\n<meta property=\"og:locale\" content=\"fr_FR\" \/>\n<meta property=\"og:type\" content=\"article\" \/>\n<meta property=\"og:title\" content=\"L\u2019autorit\u00e9 de l\u2019\u00c9glise dans le monde spirituel. - Publication \u00c9vang\u00e9lique\" \/>\n<meta property=\"og:description\" content=\"L\u2019\u00e9glise a re\u00e7u le mandat de combattre contre les t\u00e9n\u00e8bres comme J\u00e9sus l\u2019a fait. Le Seigneur, en sauvant l\u2019ap\u00f4tre Paul, lui a r\u00e9v\u00e9l\u00e9 une v\u00e9rit\u00e9 qui explique la puissance des enseignements de la parole de Dieu. Les membres de l\u2019\u00c9glise doivent r\u00e9aliser qu\u2019\u00e9tant rachet\u00e9s, ils ne font plus partie de ce monde.\" \/>\n<meta property=\"og:url\" content=\"https:\/\/publication-evangelique.com\/?p=20056\" \/>\n<meta property=\"og:site_name\" content=\"Publication \u00c9vang\u00e9lique\" \/>\n<meta property=\"article:publisher\" content=\"https:\/\/www.facebook.com\/danielpoulin75\" \/>\n<meta property=\"article:author\" content=\"https:\/\/www.facebook.com\/danielpoulin75\" \/>\n<meta property=\"article:published_time\" content=\"2026-01-25T12:33:34+00:00\" \/>\n<meta property=\"og:image\" content=\"https:\/\/publication-evangelique.com\/wp-content\/uploads\/1306.jpg\" \/>\n\t<meta property=\"og:image:width\" content=\"1280\" \/>\n\t<meta property=\"og:image:height\" content=\"851\" \/>\n\t<meta property=\"og:image:type\" content=\"image\/jpeg\" \/>\n<meta name=\"author\" content=\"Daniel Poulin\" \/>\n<meta name=\"twitter:label1\" content=\"\u00c9crit par\" \/>\n\t<meta name=\"twitter:data1\" content=\"Daniel Poulin\" \/>\n\t<meta name=\"twitter:label2\" content=\"Dur\u00e9e de lecture estim\u00e9e\" \/>\n\t<meta name=\"twitter:data2\" content=\"1 minute\" \/>\n<script type=\"application\/ld+json\" class=\"yoast-schema-graph\">{\"@context\":\"https:\\\/\\\/schema.org\",\"@graph\":[{\"@type\":\"Article\",\"@id\":\"https:\\\/\\\/publication-evangelique.com\\\/?p=20056#article\",\"isPartOf\":{\"@id\":\"https:\\\/\\\/publication-evangelique.com\\\/?p=20056\"},\"author\":{\"name\":\"Daniel Poulin\",\"@id\":\"https:\\\/\\\/publication-evangelique.com\\\/#\\\/schema\\\/person\\\/a7aa86223ca614c8c1a737d18c95460c\"},\"headline\":\"L\u2019autorit\u00e9 de l\u2019\u00c9glise dans le monde spirituel.\",\"datePublished\":\"2026-01-25T12:33:34+00:00\",\"mainEntityOfPage\":{\"@id\":\"https:\\\/\\\/publication-evangelique.com\\\/?p=20056\"},\"wordCount\":1224,\"publisher\":{\"@id\":\"https:\\\/\\\/publication-evangelique.com\\\/#\\\/schema\\\/person\\\/a7aa86223ca614c8c1a737d18c95460c\"},\"image\":{\"@id\":\"https:\\\/\\\/publication-evangelique.com\\\/?p=20056#primaryimage\"},\"thumbnailUrl\":\"https:\\\/\\\/publication-evangelique.com\\\/wp-content\\\/uploads\\\/1306.jpg\",\"keywords\":[\"autorit\u00e9\",\"\u00e9glise\",\"monde spirituel\"],\"articleSection\":[\"eglise\"],\"inLanguage\":\"fr-FR\"},{\"@type\":\"WebPage\",\"@id\":\"https:\\\/\\\/publication-evangelique.com\\\/?p=20056\",\"url\":\"https:\\\/\\\/publication-evangelique.com\\\/?p=20056\",\"name\":\"L\u2019autorit\u00e9 de l\u2019\u00c9glise dans le monde spirituel. - Publication \u00c9vang\u00e9lique\",\"isPartOf\":{\"@id\":\"https:\\\/\\\/publication-evangelique.com\\\/#website\"},\"primaryImageOfPage\":{\"@id\":\"https:\\\/\\\/publication-evangelique.com\\\/?p=20056#primaryimage\"},\"image\":{\"@id\":\"https:\\\/\\\/publication-evangelique.com\\\/?p=20056#primaryimage\"},\"thumbnailUrl\":\"https:\\\/\\\/publication-evangelique.com\\\/wp-content\\\/uploads\\\/1306.jpg\",\"datePublished\":\"2026-01-25T12:33:34+00:00\",\"description\":\"L\u2019\u00e9glise a re\u00e7u le mandat de combattre contre les t\u00e9n\u00e8bres comme J\u00e9sus l\u2019a fait. Le Seigneur, en sauvant l\u2019ap\u00f4tre Paul, lui a r\u00e9v\u00e9l\u00e9 une v\u00e9rit\u00e9 qui explique la puissance des enseignements de la parole de Dieu. Les membres de l\u2019\u00c9glise doivent r\u00e9aliser qu\u2019\u00e9tant rachet\u00e9s, ils ne font plus partie de ce monde.\",\"breadcrumb\":{\"@id\":\"https:\\\/\\\/publication-evangelique.com\\\/?p=20056#breadcrumb\"},\"inLanguage\":\"fr-FR\",\"potentialAction\":[{\"@type\":\"ReadAction\",\"target\":[\"https:\\\/\\\/publication-evangelique.com\\\/?p=20056\"]}]},{\"@type\":\"ImageObject\",\"inLanguage\":\"fr-FR\",\"@id\":\"https:\\\/\\\/publication-evangelique.com\\\/?p=20056#primaryimage\",\"url\":\"https:\\\/\\\/publication-evangelique.com\\\/wp-content\\\/uploads\\\/1306.jpg\",\"contentUrl\":\"https:\\\/\\\/publication-evangelique.com\\\/wp-content\\\/uploads\\\/1306.jpg\",\"width\":1280,\"height\":851},{\"@type\":\"BreadcrumbList\",\"@id\":\"https:\\\/\\\/publication-evangelique.com\\\/?p=20056#breadcrumb\",\"itemListElement\":[{\"@type\":\"ListItem\",\"position\":1,\"name\":\"Accueil\",\"item\":\"https:\\\/\\\/publication-evangelique.com\\\/\"},{\"@type\":\"ListItem\",\"position\":2,\"name\":\"L\u2019autorit\u00e9 de l\u2019\u00c9glise dans le monde spirituel.\"}]},{\"@type\":\"WebSite\",\"@id\":\"https:\\\/\\\/publication-evangelique.com\\\/#website\",\"url\":\"https:\\\/\\\/publication-evangelique.com\\\/\",\"name\":\"Daniel Poulin - publication-evangelique.com\",\"description\":\"Daniel Poulin\",\"publisher\":{\"@id\":\"https:\\\/\\\/publication-evangelique.com\\\/#\\\/schema\\\/person\\\/a7aa86223ca614c8c1a737d18c95460c\"},\"potentialAction\":[{\"@type\":\"SearchAction\",\"target\":{\"@type\":\"EntryPoint\",\"urlTemplate\":\"https:\\\/\\\/publication-evangelique.com\\\/?s={search_term_string}\"},\"query-input\":{\"@type\":\"PropertyValueSpecification\",\"valueRequired\":true,\"valueName\":\"search_term_string\"}}],\"inLanguage\":\"fr-FR\"},{\"@type\":[\"Person\",\"Organization\"],\"@id\":\"https:\\\/\\\/publication-evangelique.com\\\/#\\\/schema\\\/person\\\/a7aa86223ca614c8c1a737d18c95460c\",\"name\":\"Daniel Poulin\",\"image\":{\"@type\":\"ImageObject\",\"inLanguage\":\"fr-FR\",\"@id\":\"https:\\\/\\\/publication-evangelique.com\\\/wp-content\\\/uploads\\\/daniel5-1.jpg\",\"url\":\"https:\\\/\\\/publication-evangelique.com\\\/wp-content\\\/uploads\\\/daniel5-1.jpg\",\"contentUrl\":\"https:\\\/\\\/publication-evangelique.com\\\/wp-content\\\/uploads\\\/daniel5-1.jpg\",\"width\":833,\"height\":969,\"caption\":\"Daniel Poulin\"},\"logo\":{\"@id\":\"https:\\\/\\\/publication-evangelique.com\\\/wp-content\\\/uploads\\\/daniel5-1.jpg\"},\"description\":\"Bonjour, ici Daniel Poulin! Je suis un chr\u00e9tien n\u00e9 de nouveau depuis 1980, ayant parcouru un cheminement avec le Seigneur J\u00e9sus-Christ, j'ai construit ce site afin de partager mes connaissances de la parole de Dieu \\\" La Bible \\\" Je travaille aussi au d\u00e9veloppement de la station de radio chr\u00e9tienne fran\u00e7aise \u00e0 Montr\u00e9al, \\\" La Radio Gospel \\\" que vous pouvez voir ici http:\\\/\\\/laradiogospel.ca Je fr\u00e9quente aussi une \u00e9glise, dont je pr\u00eache et j\u2019enseigne la parole de Dieu. La communaut\u00e9 \u00c9vang\u00e9lique de l'Agneau \\\" , voici l'adresse, http:\\\/\\\/communauteevangelique.ca\\\/\",\"sameAs\":[\"https:\\\/\\\/publication-evangelique.com\",\"https:\\\/\\\/www.facebook.com\\\/danielpoulin75\",\"https:\\\/\\\/www.linkedin.com\\\/in\\\/daniel-poulin-64614745\\\/\",\"https:\\\/\\\/x.com\\\/https:\\\/\\\/twitter.com\\\/Daniel_Poulin\",\"https:\\\/\\\/www.youtube.com\\\/user\\\/danielpoulin75\\\/videos\"]}]}<\/script>\n<!-- \/ Yoast SEO plugin. -->","yoast_head_json":{"title":"L\u2019autorit\u00e9 de l\u2019\u00c9glise dans le monde spirituel. - Publication \u00c9vang\u00e9lique","description":"L\u2019\u00e9glise a re\u00e7u le mandat de combattre contre les t\u00e9n\u00e8bres comme J\u00e9sus l\u2019a fait. Le Seigneur, en sauvant l\u2019ap\u00f4tre Paul, lui a r\u00e9v\u00e9l\u00e9 une v\u00e9rit\u00e9 qui explique la puissance des enseignements de la parole de Dieu. Les membres de l\u2019\u00c9glise doivent r\u00e9aliser qu\u2019\u00e9tant rachet\u00e9s, ils ne font plus partie de ce monde.","robots":{"index":"index","follow":"follow","max-snippet":"max-snippet:-1","max-image-preview":"max-image-preview:large","max-video-preview":"max-video-preview:-1"},"canonical":"https:\/\/publication-evangelique.com\/?p=20056","og_locale":"fr_FR","og_type":"article","og_title":"L\u2019autorit\u00e9 de l\u2019\u00c9glise dans le monde spirituel. - Publication \u00c9vang\u00e9lique","og_description":"L\u2019\u00e9glise a re\u00e7u le mandat de combattre contre les t\u00e9n\u00e8bres comme J\u00e9sus l\u2019a fait. Le Seigneur, en sauvant l\u2019ap\u00f4tre Paul, lui a r\u00e9v\u00e9l\u00e9 une v\u00e9rit\u00e9 qui explique la puissance des enseignements de la parole de Dieu. Les membres de l\u2019\u00c9glise doivent r\u00e9aliser qu\u2019\u00e9tant rachet\u00e9s, ils ne font plus partie de ce monde.","og_url":"https:\/\/publication-evangelique.com\/?p=20056","og_site_name":"Publication \u00c9vang\u00e9lique","article_publisher":"https:\/\/www.facebook.com\/danielpoulin75","article_author":"https:\/\/www.facebook.com\/danielpoulin75","article_published_time":"2026-01-25T12:33:34+00:00","og_image":[{"width":1280,"height":851,"url":"https:\/\/publication-evangelique.com\/wp-content\/uploads\/1306.jpg","type":"image\/jpeg"}],"author":"Daniel Poulin","twitter_misc":{"\u00c9crit par":"Daniel Poulin","Dur\u00e9e de lecture estim\u00e9e":"1 minute"},"schema":{"@context":"https:\/\/schema.org","@graph":[{"@type":"Article","@id":"https:\/\/publication-evangelique.com\/?p=20056#article","isPartOf":{"@id":"https:\/\/publication-evangelique.com\/?p=20056"},"author":{"name":"Daniel Poulin","@id":"https:\/\/publication-evangelique.com\/#\/schema\/person\/a7aa86223ca614c8c1a737d18c95460c"},"headline":"L\u2019autorit\u00e9 de l\u2019\u00c9glise dans le monde spirituel.","datePublished":"2026-01-25T12:33:34+00:00","mainEntityOfPage":{"@id":"https:\/\/publication-evangelique.com\/?p=20056"},"wordCount":1224,"publisher":{"@id":"https:\/\/publication-evangelique.com\/#\/schema\/person\/a7aa86223ca614c8c1a737d18c95460c"},"image":{"@id":"https:\/\/publication-evangelique.com\/?p=20056#primaryimage"},"thumbnailUrl":"https:\/\/publication-evangelique.com\/wp-content\/uploads\/1306.jpg","keywords":["autorit\u00e9","\u00e9glise","monde spirituel"],"articleSection":["eglise"],"inLanguage":"fr-FR"},{"@type":"WebPage","@id":"https:\/\/publication-evangelique.com\/?p=20056","url":"https:\/\/publication-evangelique.com\/?p=20056","name":"L\u2019autorit\u00e9 de l\u2019\u00c9glise dans le monde spirituel. - Publication \u00c9vang\u00e9lique","isPartOf":{"@id":"https:\/\/publication-evangelique.com\/#website"},"primaryImageOfPage":{"@id":"https:\/\/publication-evangelique.com\/?p=20056#primaryimage"},"image":{"@id":"https:\/\/publication-evangelique.com\/?p=20056#primaryimage"},"thumbnailUrl":"https:\/\/publication-evangelique.com\/wp-content\/uploads\/1306.jpg","datePublished":"2026-01-25T12:33:34+00:00","description":"L\u2019\u00e9glise a re\u00e7u le mandat de combattre contre les t\u00e9n\u00e8bres comme J\u00e9sus l\u2019a fait. Le Seigneur, en sauvant l\u2019ap\u00f4tre Paul, lui a r\u00e9v\u00e9l\u00e9 une v\u00e9rit\u00e9 qui explique la puissance des enseignements de la parole de Dieu. Les membres de l\u2019\u00c9glise doivent r\u00e9aliser qu\u2019\u00e9tant rachet\u00e9s, ils ne font plus partie de ce monde.","breadcrumb":{"@id":"https:\/\/publication-evangelique.com\/?p=20056#breadcrumb"},"inLanguage":"fr-FR","potentialAction":[{"@type":"ReadAction","target":["https:\/\/publication-evangelique.com\/?p=20056"]}]},{"@type":"ImageObject","inLanguage":"fr-FR","@id":"https:\/\/publication-evangelique.com\/?p=20056#primaryimage","url":"https:\/\/publication-evangelique.com\/wp-content\/uploads\/1306.jpg","contentUrl":"https:\/\/publication-evangelique.com\/wp-content\/uploads\/1306.jpg","width":1280,"height":851},{"@type":"BreadcrumbList","@id":"https:\/\/publication-evangelique.com\/?p=20056#breadcrumb","itemListElement":[{"@type":"ListItem","position":1,"name":"Accueil","item":"https:\/\/publication-evangelique.com\/"},{"@type":"ListItem","position":2,"name":"L\u2019autorit\u00e9 de l\u2019\u00c9glise dans le monde spirituel."}]},{"@type":"WebSite","@id":"https:\/\/publication-evangelique.com\/#website","url":"https:\/\/publication-evangelique.com\/","name":"Daniel Poulin - publication-evangelique.com","description":"Daniel Poulin","publisher":{"@id":"https:\/\/publication-evangelique.com\/#\/schema\/person\/a7aa86223ca614c8c1a737d18c95460c"},"potentialAction":[{"@type":"SearchAction","target":{"@type":"EntryPoint","urlTemplate":"https:\/\/publication-evangelique.com\/?s={search_term_string}"},"query-input":{"@type":"PropertyValueSpecification","valueRequired":true,"valueName":"search_term_string"}}],"inLanguage":"fr-FR"},{"@type":["Person","Organization"],"@id":"https:\/\/publication-evangelique.com\/#\/schema\/person\/a7aa86223ca614c8c1a737d18c95460c","name":"Daniel Poulin","image":{"@type":"ImageObject","inLanguage":"fr-FR","@id":"https:\/\/publication-evangelique.com\/wp-content\/uploads\/daniel5-1.jpg","url":"https:\/\/publication-evangelique.com\/wp-content\/uploads\/daniel5-1.jpg","contentUrl":"https:\/\/publication-evangelique.com\/wp-content\/uploads\/daniel5-1.jpg","width":833,"height":969,"caption":"Daniel Poulin"},"logo":{"@id":"https:\/\/publication-evangelique.com\/wp-content\/uploads\/daniel5-1.jpg"},"description":"Bonjour, ici Daniel Poulin! Je suis un chr\u00e9tien n\u00e9 de nouveau depuis 1980, ayant parcouru un cheminement avec le Seigneur J\u00e9sus-Christ, j'ai construit ce site afin de partager mes connaissances de la parole de Dieu \" La Bible \" Je travaille aussi au d\u00e9veloppement de la station de radio chr\u00e9tienne fran\u00e7aise \u00e0 Montr\u00e9al, \" La Radio Gospel \" que vous pouvez voir ici http:\/\/laradiogospel.ca Je fr\u00e9quente aussi une \u00e9glise, dont je pr\u00eache et j\u2019enseigne la parole de Dieu. La communaut\u00e9 \u00c9vang\u00e9lique de l'Agneau \" , voici l'adresse, http:\/\/communauteevangelique.ca\/","sameAs":["https:\/\/publication-evangelique.com","https:\/\/www.facebook.com\/danielpoulin75","https:\/\/www.linkedin.com\/in\/daniel-poulin-64614745\/","https:\/\/x.com\/https:\/\/twitter.com\/Daniel_Poulin","https:\/\/www.youtube.com\/user\/danielpoulin75\/videos"]}]}},"_links":{"self":[{"href":"https:\/\/publication-evangelique.com\/index.php?rest_route=\/wp\/v2\/posts\/20056","targetHints":{"allow":["GET"]}}],"collection":[{"href":"https:\/\/publication-evangelique.com\/index.php?rest_route=\/wp\/v2\/posts"}],"about":[{"href":"https:\/\/publication-evangelique.com\/index.php?rest_route=\/wp\/v2\/types\/post"}],"author":[{"embeddable":true,"href":"https:\/\/publication-evangelique.com\/index.php?rest_route=\/wp\/v2\/users\/1"}],"replies":[{"embeddable":true,"href":"https:\/\/publication-evangelique.com\/index.php?rest_route=%2Fwp%2Fv2%2Fcomments&post=20056"}],"version-history":[{"count":3,"href":"https:\/\/publication-evangelique.com\/index.php?rest_route=\/wp\/v2\/posts\/20056\/revisions"}],"predecessor-version":[{"id":20059,"href":"https:\/\/publication-evangelique.com\/index.php?rest_route=\/wp\/v2\/posts\/20056\/revisions\/20059"}],"wp:featuredmedia":[{"embeddable":true,"href":"https:\/\/publication-evangelique.com\/index.php?rest_route=\/wp\/v2\/media\/13103"}],"wp:attachment":[{"href":"https:\/\/publication-evangelique.com\/index.php?rest_route=%2Fwp%2Fv2%2Fmedia&parent=20056"}],"wp:term":[{"taxonomy":"category","embeddable":true,"href":"https:\/\/publication-evangelique.com\/index.php?rest_route=%2Fwp%2Fv2%2Fcategories&post=20056"},{"taxonomy":"post_tag","embeddable":true,"href":"https:\/\/publication-evangelique.com\/index.php?rest_route=%2Fwp%2Fv2%2Ftags&post=20056"}],"curies":[{"name":"wp","href":"https:\/\/api.w.org\/{rel}","templated":true}]}}