{"id":20149,"date":"2026-04-26T07:23:35","date_gmt":"2026-04-26T12:23:35","guid":{"rendered":"https:\/\/publication-evangelique.com\/?p=20149"},"modified":"2026-04-26T07:23:35","modified_gmt":"2026-04-26T12:23:35","slug":"leglise-est-un-centre-dintercession","status":"publish","type":"post","link":"https:\/\/publication-evangelique.com\/?p=20149","title":{"rendered":"L\u2019\u00c9glise est un centre d\u2019intercession."},"content":{"rendered":"<h3>La pri\u00e8re est le moyen d&rsquo;obtenir les gr\u00e2ces de Dieu.<\/h3>\n<p><audio controls= \" controls \" preload= \" none \" style= \" width:480px; \" src= \" https:\/\/publication-evangelique.com\/media\/l_eglise_du_seigneur\/24\/26_04_25.mp3 \" ><\/audio><br \/>\n<strong>T\u00e9l\u00e9charger &#8211;&gt; <\/strong><a href= \" https:\/\/publication-evangelique.com\/media\/l_eglise_du_seigneur\/24\/26_04_25.mp3 \" >MP3<\/a>   <\/p>\n<p><strong>Depuis le d\u00e9but de la cr\u00e9ation, Dieu cherchait \u00e0 communiquer avec ses cr\u00e9atures.<br \/>\n<a href=\"https:\/\/bible.publication-evangelique.com\/genese#3.8\" target=\"_blank\">Gen\u00e8se 3:8<\/a><\/strong> Alors ils entendirent la voix de l\u2019\u00c9ternel Dieu, qui parcourait le jardin vers le soir, et l\u2019homme et sa femme se cach\u00e8rent loin de la face de l\u2019\u00c9ternel Dieu, au milieu des arbres du jardin.<\/p>\n<p><strong>Suite \u00e0 l&rsquo;\u00e9loignement des hommes, Seth, le fils d&rsquo;Adam, commen\u00e7a \u00e0 invoquer Dieu.<br \/>\n<a href=\"https:\/\/bible.publication-evangelique.com\/genese#4.26\" target=\"_blank\">Gen\u00e8se 4:26<\/a><\/strong> : Seth eut aussi un fils, et il l\u2019appela du nom d\u2019Enosch. C\u2019est alors que l\u2019on commen\u00e7a \u00e0 invoquer le nom de l\u2019\u00c9ternel. <!--more--><\/p>\n<p><strong>Strong \u2013 invoquer =<\/strong> 1) appeler, r\u00e9citer, lire, s\u2019\u00e9crier, proclamer ; 1a1) appeler, crier, \u00e9mettre un son bruyant ; 1a2) appeler \u00e0, crier (pour de l\u2019aide), en appeler \u00e0 Dieu ; 1a5) convoquer, inviter, appeler et ordonner, d\u00e9signer, appeler et doter ; 1a6) appeler, nommer, donner un nom \u00e0, appeler par le nom.<\/p>\n<p><strong>Nous voyons dans la parole de Dieu que tous ceux qui croient et qui cherchent l&rsquo;\u00c9ternel s&rsquo;arr\u00eatent et prennent le temps pour parler \u00e0 Dieu.<br \/>\n<a href=\"https:\/\/bible.publication-evangelique.com\/genese#12.8\" target=\"_blank\">Gen\u00e8se 12:8<\/a><\/strong> Il se transporta de l\u00e0 vers la montagne, \u00e0 l\u2019orient de B\u00e9thel, et il dressa ses tentes, ayant B\u00e9thel \u00e0 l\u2019occident et A\u00ef \u00e0 l\u2019orient. Il b\u00e2tit encore l\u00e0 un autel \u00e0 l\u2019\u00c9ternel, et il invoqua le nom de l\u2019\u00c9ternel.<\/p>\n<p><strong>Pour parler de l&rsquo;importance de la pri\u00e8re, J\u00e9sus a enseign\u00e9 \u00e0 ses disciples qu&rsquo;il faut toujours prier sans s&rsquo;arr\u00eater.<br \/>\n<a href=\"https:\/\/bible.publication-evangelique.com\/luc#18.1\" target=\"_blank\">Luc 18:1<\/a><\/strong> J\u00e9sus leur adressa une parabole, pour montrer qu\u2019il faut toujours prier, et ne point se rel\u00e2cher.<\/p>\n<p><strong>La pri\u00e8re est un des piliers de la force de l&rsquo;\u00c9glise.<br \/>\n<a href=\"https:\/\/bible.publication-evangelique.com\/matthieu#2.42\" target=\"_blank\">Actes 2:42<\/a><\/strong> Ils pers\u00e9v\u00e9raient dans l\u2019enseignement des ap\u00f4tres, dans la communion fraternelle, dans la fraction du pain, et dans les pri\u00e8res.<\/p>\n<p><strong>C&rsquo;est pour cela qu&rsquo;il y avait une croissance dans l&rsquo;\u00c9glise.<br \/>\nActes 2:43<\/strong> La crainte s\u2019emparait de chacun, et il se faisait beaucoup de prodiges et de miracles par les ap\u00f4tres.<\/p>\n<p><strong>La pri\u00e8re, c&rsquo;est de demander de l&rsquo;aide \u00e0 Dieu. Nous sommes invit\u00e9s par Dieu \u00e0 nous approcher de lui pour \u00eatre secourus.<br \/>\nH\u00e9breux 4:16<\/strong> Approchons-nous donc avec assurance du tr\u00f4ne de la gr\u00e2ce, afin d\u2019obtenir mis\u00e9ricorde et de trouver gr\u00e2ce, pour \u00eatre secourus dans nos besoins.<\/p>\n<p><strong>La pri\u00e8re est le moyen pour garder une bonne relation avec Dieu.<br \/>\n<a href=\"https:\/\/bible.publication-evangelique.com\/matthieu#6.6\" target=\"_blank\">Matthieu 6:6<\/a><\/strong> Mais quand tu pries, entre dans ta chambre, ferme ta porte, et prie ton P\u00e8re qui est l\u00e0 dans le lieu secret\u00a0; et ton P\u00e8re, qui voit dans le secret, te le rendra.<\/p>\n<p><strong>La pri\u00e8re est le moyen pour obtenir quelque chose de Dieu. Nous pouvons nous appuyer sur les promesses du Seigneur.<br \/>\n<a href=\"https:\/\/bible.publication-evangelique.com\/matthieu#7.7\" target=\"_blank\">Matthieu 7:7-8<\/a><\/strong> Demandez, et l\u2019on vous donnera\u00a0; cherchez, et vous trouverez\u00a0; frappez, et l\u2019on vous ouvrira. 8 Car quiconque demande re\u00e7oit, celui qui cherche trouve, et l\u2019on ouvre \u00e0 celui qui frappe.<\/p>\n<p><strong>\u00c0 l&rsquo;\u00e9glise, nous sommes des croyants unis dans la communion du Saint-Esprit afin de s\u2019unir ensemble pour la m\u00eame cause.<br \/>\n<a href=\"https:\/\/bible.publication-evangelique.com\/matthieu#18.19\" target=\"_blank\">Matthieu 18:19-20<\/a><\/strong> Je vous dis encore que, si deux d\u2019entre vous s\u2019accordent sur la terre pour demander une chose quelconque, elle leur sera accord\u00e9e par mon P\u00e8re qui est dans les cieux. 20, Car l\u00e0 o\u00f9 deux ou trois sont assembl\u00e9s en mon nom, je suis au milieu d\u2019eux.<\/p>\n<p><strong>La pri\u00e8re est un moyen de faire avancer le royaume de Dieu.<br \/>\n<a href=\"https:\/\/bible.publication-evangelique.com\/matthieu#9.38\" target=\"_blank\">Matthieu 9:38<\/a><\/strong> Priez donc le ma\u00eetre de la moisson d\u2019envoyer des ouvriers dans sa moisson.<\/p>\n<p><strong>NOUS SOMMES INVIT\u00c9S PAR DIEU \u00c0 PRIER POUR TOUS LES BESOINS.<br \/>\nPrier pour les besoins spirituels.<br \/>\n<a href=\"https:\/\/bible.publication-evangelique.com\/matthieu#26.41\" target=\"_blank\">Matthieu 26:41<\/a><\/strong> Veillez et priez, afin que vous ne tombiez pas dans la tentation\u00a0; l\u2019esprit est bien dispos\u00e9, mais la chair est faible.<\/p>\n<p><strong>Prier pour les besoins physiques<br \/>\n<a href=\"https:\/\/bible.publication-evangelique.com\/jacques#5.16\" target=\"_blank\">Jacques 5:16<\/a><\/strong> Confessez donc vos p\u00e9ch\u00e9s les uns aux autres, et priez les uns pour les autres, afin que vous soyez gu\u00e9ris. La pri\u00e8re fervente du juste a une grande efficace.<\/p>\n<p><strong>Prier pour les probl\u00e8mes sociaux.<br \/>\n<a href=\"https:\/\/bible.publication-evangelique.com\/luc#6.28\" target=\"_blank\">Luc 6:28<\/a><\/strong> : b\u00e9nissez ceux qui vous maudissent, priez pour ceux qui vous maltraitent.<\/p>\n<p><strong>Prier pour le salut des \u00e2mes, familles, amis, voisins, concitoyens.<br \/>\n<a href=\"https:\/\/bible.publication-evangelique.com\/colossiens#4.3\" target=\"_blank\">Colossiens 4:3<\/a><\/strong> Priez en m\u00eame temps pour nous, afin que Dieu nous ouvre une porte pour la parole, en sorte que je puisse annoncer le myst\u00e8re de Christ, pour lequel je suis dans les cha\u00eenes,<\/p>\n<p><strong>Priez pour votre secours dans les tribilations de cette vie.<br \/>\n<a href=\"https:\/\/bible.publication-evangelique.com\/matthieu#24.20\" target=\"_blank\">Matthieu 24:20<\/a><\/strong> Priez pour que votre fuite n\u2019arrive pas en hiver, ni un jour de sabbat.<\/p>\n<p><strong>Prier pour la paix dans notre pays.<br \/>\n<a href=\"https:\/\/bible.publication-evangelique.com\/1-timothee#2.1\" target=\"_blank\">1 Timoth\u00e9e 2:1-2<\/a><\/strong> J\u2019exhorte donc, avant toutes choses, \u00e0 faire des pri\u00e8res, des supplications, des requ\u00eates, des actions de gr\u00e2ces, pour tous les hommes, 2 pour les rois et pour tous ceux qui sont \u00e9lev\u00e9s en dignit\u00e9, afin que nous menions une vie paisible et tranquille, en toute pi\u00e9t\u00e9 et honn\u00eatet\u00e9.<\/p>\n<p><strong>Prier pour h\u00e2ter le jour du retour du Seigneur<br \/>\n<a href=\"https:\/\/bible.publication-evangelique.com\/2-pierre#3.12\" target=\"_blank\">2 Pierre 3:12<\/a><\/strong> tandis que vous attendez et h\u00e2tez l\u2019av\u00e8nement du jour de Dieu, \u00e0 cause duquel les cieux enflamm\u00e9s se dissoudront et les \u00e9l\u00e9ments embras\u00e9s se fondront\u00a0!<\/p>\n<p>Prier pour les besoins des diff\u00e9rents minist\u00e8res de l\u2019\u00c9glise.<br \/>\nLe combat spirituel contre les autres esprits qui s\u2019infiltrent et qui cherchent \u00e0 nous d\u00e9truire.<\/p>\n<p><strong>Que Dieu \u00e9l\u00e8ve des \u00ab\u00a0\u00c9paphras\u00a0\u00bb afin qu&rsquo;ils combattent dans les pri\u00e8res et l&rsquo;intercession.<br \/>\n<a href=\"https:\/\/bible.publication-evangelique.com\/colossiens#4.12\" target=\"_blank\">Colossiens 4:12<\/a><\/strong> \u00c9paphras, qui est des v\u00f4tres, vous salue : serviteur de J\u00e9sus-Christ, il ne cesse de combattre pour vous dans ses pri\u00e8res, afin que, parfaits et pleinement persuad\u00e9s, vous persistiez dans une enti\u00e8re soumission \u00e0 la volont\u00e9 de Dieu.<\/p>\n<p><strong>Laissons-nous guider par le Saint-Esprit pour interc\u00e9der pour tous les besoins des membres de l&rsquo;\u00c9glise du Seigneur.<br \/>\n<a href=\"https:\/\/bible.publication-evangelique.com\/ephesiens#6.18\" target=\"_blank\">\u00c9ph\u00e9siens 6:18<\/a><\/strong> Faites en tout temps par l\u2019Esprit toutes sortes de pri\u00e8res et de supplications. Veillez \u00e0 cela avec une enti\u00e8re pers\u00e9v\u00e9rance, et priez pour tous les saints.<\/p>\n<p>&#8212;&#8212;&#8212;&#8212;&#8212;&#8212;<\/p>\n<p>Daniel Poulin<br \/>\n<a title=\" Publication \u00c9vang\u00e9lique \" href=\"https:\/\/publication-evangelique.com\" target=\" _blank \" rel=\"noopener\">https:\/\/publication-evangelique.com<\/a><\/p>\n<p><strong>De la s\u00e9rie : <\/strong> <a href= \" https:\/\/publication-evangelique.com\/?page_id=19982\" > L\u2019\u00c9glise du Seigneur J\u00e9sus-Christ<\/a><\/p>\n<p><strong>Adresse de ce blogue :<\/strong> <a href= \" https:\/\/publication-evangelique.com\/?p=20149\" > https:\/\/publication-evangelique.com\/?p=20149<\/a><\/p>\n","protected":false},"excerpt":{"rendered":"<p>La pri\u00e8re est le moyen d&rsquo;obtenir les gr\u00e2ces de Dieu. Depuis le d\u00e9but de la cr\u00e9ation, Dieu cherchait \u00e0 communiquer avec ses cr\u00e9atures. Nous voyons dans la parole de Dieu que tous ceux qui croient et qui cherchent l&rsquo;\u00c9ternel s&rsquo;arr\u00eatent et prennent le temps pour parler \u00e0 Dieu.<\/p>\n <a class=\"more-link\" href=\"https:\/\/publication-evangelique.com\/?p=20149\"><span class=\"more-msg\">Lire la suite &rarr;<\/span><\/a>","protected":false},"author":1,"featured_media":12926,"comment_status":"closed","ping_status":"closed","sticky":false,"template":"","format":"standard","meta":{"footnotes":""},"categories":[15],"tags":[125,182],"class_list":["post-20149","post","type-post","status-publish","format-standard","has-post-thumbnail","hentry","category-leglise","tag-eglise","tag-intercession"],"yoast_head":"<!-- This site is optimized with the Yoast SEO plugin v27.4 - https:\/\/yoast.com\/product\/yoast-seo-wordpress\/ -->\n<title>L\u2019\u00c9glise est un centre d\u2019intercession. - Publication \u00c9vang\u00e9lique<\/title>\n<meta name=\"robots\" content=\"index, follow, max-snippet:-1, max-image-preview:large, max-video-preview:-1\" \/>\n<link rel=\"canonical\" href=\"https:\/\/publication-evangelique.com\/?p=20149\" \/>\n<meta property=\"og:locale\" content=\"fr_FR\" \/>\n<meta property=\"og:type\" content=\"article\" \/>\n<meta property=\"og:title\" content=\"L\u2019\u00c9glise est un centre d\u2019intercession. - Publication \u00c9vang\u00e9lique\" \/>\n<meta property=\"og:description\" content=\"La pri\u00e8re est le moyen d&#039;obtenir les gr\u00e2ces de Dieu. Depuis le d\u00e9but de la cr\u00e9ation, Dieu cherchait \u00e0 communiquer avec ses cr\u00e9atures. Nous voyons dans la parole de Dieu que tous ceux qui croient et qui cherchent l&#039;\u00c9ternel s&#039;arr\u00eatent et prennent le temps pour parler \u00e0 Dieu.\" \/>\n<meta property=\"og:url\" content=\"https:\/\/publication-evangelique.com\/?p=20149\" \/>\n<meta property=\"og:site_name\" content=\"Publication \u00c9vang\u00e9lique\" \/>\n<meta property=\"article:publisher\" content=\"https:\/\/www.facebook.com\/danielpoulin75\" \/>\n<meta property=\"article:author\" content=\"https:\/\/www.facebook.com\/danielpoulin75\" \/>\n<meta property=\"article:published_time\" content=\"2026-04-26T12:23:35+00:00\" \/>\n<meta property=\"og:image\" content=\"https:\/\/publication-evangelique.com\/wp-content\/uploads\/1129.jpg\" \/>\n\t<meta property=\"og:image:width\" content=\"1280\" \/>\n\t<meta property=\"og:image:height\" content=\"691\" \/>\n\t<meta property=\"og:image:type\" content=\"image\/jpeg\" \/>\n<meta name=\"author\" content=\"Daniel Poulin\" \/>\n<meta name=\"twitter:label1\" content=\"\u00c9crit par\" \/>\n\t<meta name=\"twitter:data1\" content=\"Daniel Poulin\" \/>\n\t<meta name=\"twitter:label2\" content=\"Dur\u00e9e de lecture estim\u00e9e\" \/>\n\t<meta name=\"twitter:data2\" content=\"1 minute\" \/>\n<script type=\"application\/ld+json\" class=\"yoast-schema-graph\">{\"@context\":\"https:\\\/\\\/schema.org\",\"@graph\":[{\"@type\":\"Article\",\"@id\":\"https:\\\/\\\/publication-evangelique.com\\\/?p=20149#article\",\"isPartOf\":{\"@id\":\"https:\\\/\\\/publication-evangelique.com\\\/?p=20149\"},\"author\":{\"name\":\"Daniel Poulin\",\"@id\":\"https:\\\/\\\/publication-evangelique.com\\\/#\\\/schema\\\/person\\\/a7aa86223ca614c8c1a737d18c95460c\"},\"headline\":\"L\u2019\u00c9glise est un centre d\u2019intercession.\",\"datePublished\":\"2026-04-26T12:23:35+00:00\",\"mainEntityOfPage\":{\"@id\":\"https:\\\/\\\/publication-evangelique.com\\\/?p=20149\"},\"wordCount\":1059,\"publisher\":{\"@id\":\"https:\\\/\\\/publication-evangelique.com\\\/#\\\/schema\\\/person\\\/a7aa86223ca614c8c1a737d18c95460c\"},\"image\":{\"@id\":\"https:\\\/\\\/publication-evangelique.com\\\/?p=20149#primaryimage\"},\"thumbnailUrl\":\"https:\\\/\\\/publication-evangelique.com\\\/wp-content\\\/uploads\\\/1129.jpg\",\"keywords\":[\"\u00e9glise\",\"Intercession\"],\"articleSection\":[\"L'\u00c9glise\"],\"inLanguage\":\"fr-FR\"},{\"@type\":\"WebPage\",\"@id\":\"https:\\\/\\\/publication-evangelique.com\\\/?p=20149\",\"url\":\"https:\\\/\\\/publication-evangelique.com\\\/?p=20149\",\"name\":\"L\u2019\u00c9glise est un centre d\u2019intercession. - Publication \u00c9vang\u00e9lique\",\"isPartOf\":{\"@id\":\"https:\\\/\\\/publication-evangelique.com\\\/#website\"},\"primaryImageOfPage\":{\"@id\":\"https:\\\/\\\/publication-evangelique.com\\\/?p=20149#primaryimage\"},\"image\":{\"@id\":\"https:\\\/\\\/publication-evangelique.com\\\/?p=20149#primaryimage\"},\"thumbnailUrl\":\"https:\\\/\\\/publication-evangelique.com\\\/wp-content\\\/uploads\\\/1129.jpg\",\"datePublished\":\"2026-04-26T12:23:35+00:00\",\"breadcrumb\":{\"@id\":\"https:\\\/\\\/publication-evangelique.com\\\/?p=20149#breadcrumb\"},\"inLanguage\":\"fr-FR\",\"potentialAction\":[{\"@type\":\"ReadAction\",\"target\":[\"https:\\\/\\\/publication-evangelique.com\\\/?p=20149\"]}]},{\"@type\":\"ImageObject\",\"inLanguage\":\"fr-FR\",\"@id\":\"https:\\\/\\\/publication-evangelique.com\\\/?p=20149#primaryimage\",\"url\":\"https:\\\/\\\/publication-evangelique.com\\\/wp-content\\\/uploads\\\/1129.jpg\",\"contentUrl\":\"https:\\\/\\\/publication-evangelique.com\\\/wp-content\\\/uploads\\\/1129.jpg\",\"width\":1280,\"height\":691},{\"@type\":\"BreadcrumbList\",\"@id\":\"https:\\\/\\\/publication-evangelique.com\\\/?p=20149#breadcrumb\",\"itemListElement\":[{\"@type\":\"ListItem\",\"position\":1,\"name\":\"Accueil\",\"item\":\"https:\\\/\\\/publication-evangelique.com\\\/\"},{\"@type\":\"ListItem\",\"position\":2,\"name\":\"L\u2019\u00c9glise est un centre d\u2019intercession.\"}]},{\"@type\":\"WebSite\",\"@id\":\"https:\\\/\\\/publication-evangelique.com\\\/#website\",\"url\":\"https:\\\/\\\/publication-evangelique.com\\\/\",\"name\":\"Daniel Poulin - publication-evangelique.com\",\"description\":\"Daniel Poulin\",\"publisher\":{\"@id\":\"https:\\\/\\\/publication-evangelique.com\\\/#\\\/schema\\\/person\\\/a7aa86223ca614c8c1a737d18c95460c\"},\"potentialAction\":[{\"@type\":\"SearchAction\",\"target\":{\"@type\":\"EntryPoint\",\"urlTemplate\":\"https:\\\/\\\/publication-evangelique.com\\\/?s={search_term_string}\"},\"query-input\":{\"@type\":\"PropertyValueSpecification\",\"valueRequired\":true,\"valueName\":\"search_term_string\"}}],\"inLanguage\":\"fr-FR\"},{\"@type\":[\"Person\",\"Organization\"],\"@id\":\"https:\\\/\\\/publication-evangelique.com\\\/#\\\/schema\\\/person\\\/a7aa86223ca614c8c1a737d18c95460c\",\"name\":\"Daniel Poulin\",\"image\":{\"@type\":\"ImageObject\",\"inLanguage\":\"fr-FR\",\"@id\":\"https:\\\/\\\/publication-evangelique.com\\\/wp-content\\\/uploads\\\/daniel5-1.jpg\",\"url\":\"https:\\\/\\\/publication-evangelique.com\\\/wp-content\\\/uploads\\\/daniel5-1.jpg\",\"contentUrl\":\"https:\\\/\\\/publication-evangelique.com\\\/wp-content\\\/uploads\\\/daniel5-1.jpg\",\"width\":833,\"height\":969,\"caption\":\"Daniel Poulin\"},\"logo\":{\"@id\":\"https:\\\/\\\/publication-evangelique.com\\\/wp-content\\\/uploads\\\/daniel5-1.jpg\"},\"description\":\"Bonjour, ici Daniel Poulin! Je suis un chr\u00e9tien n\u00e9 de nouveau depuis 1980, ayant parcouru un cheminement avec le Seigneur J\u00e9sus-Christ, j'ai construit ce site afin de partager mes connaissances de la parole de Dieu \\\" La Bible \\\" Je travaille aussi au d\u00e9veloppement de la station de radio chr\u00e9tienne fran\u00e7aise \u00e0 Montr\u00e9al, \\\" La Radio Gospel \\\" que vous pouvez voir ici http:\\\/\\\/laradiogospel.ca Je fr\u00e9quente aussi une \u00e9glise, dont je pr\u00eache et j\u2019enseigne la parole de Dieu. La communaut\u00e9 \u00c9vang\u00e9lique de l'Agneau \\\" , voici l'adresse, http:\\\/\\\/communauteevangelique.ca\\\/\",\"sameAs\":[\"https:\\\/\\\/publication-evangelique.com\",\"https:\\\/\\\/www.facebook.com\\\/danielpoulin75\",\"https:\\\/\\\/www.linkedin.com\\\/in\\\/daniel-poulin-64614745\\\/\",\"https:\\\/\\\/x.com\\\/https:\\\/\\\/twitter.com\\\/Daniel_Poulin\",\"https:\\\/\\\/www.youtube.com\\\/user\\\/danielpoulin75\\\/videos\"]}]}<\/script>\n<!-- \/ Yoast SEO plugin. -->","yoast_head_json":{"title":"L\u2019\u00c9glise est un centre d\u2019intercession. - Publication \u00c9vang\u00e9lique","robots":{"index":"index","follow":"follow","max-snippet":"max-snippet:-1","max-image-preview":"max-image-preview:large","max-video-preview":"max-video-preview:-1"},"canonical":"https:\/\/publication-evangelique.com\/?p=20149","og_locale":"fr_FR","og_type":"article","og_title":"L\u2019\u00c9glise est un centre d\u2019intercession. - Publication \u00c9vang\u00e9lique","og_description":"La pri\u00e8re est le moyen d'obtenir les gr\u00e2ces de Dieu. Depuis le d\u00e9but de la cr\u00e9ation, Dieu cherchait \u00e0 communiquer avec ses cr\u00e9atures. Nous voyons dans la parole de Dieu que tous ceux qui croient et qui cherchent l'\u00c9ternel s'arr\u00eatent et prennent le temps pour parler \u00e0 Dieu.","og_url":"https:\/\/publication-evangelique.com\/?p=20149","og_site_name":"Publication \u00c9vang\u00e9lique","article_publisher":"https:\/\/www.facebook.com\/danielpoulin75","article_author":"https:\/\/www.facebook.com\/danielpoulin75","article_published_time":"2026-04-26T12:23:35+00:00","og_image":[{"width":1280,"height":691,"url":"https:\/\/publication-evangelique.com\/wp-content\/uploads\/1129.jpg","type":"image\/jpeg"}],"author":"Daniel Poulin","twitter_misc":{"\u00c9crit par":"Daniel Poulin","Dur\u00e9e de lecture estim\u00e9e":"1 minute"},"schema":{"@context":"https:\/\/schema.org","@graph":[{"@type":"Article","@id":"https:\/\/publication-evangelique.com\/?p=20149#article","isPartOf":{"@id":"https:\/\/publication-evangelique.com\/?p=20149"},"author":{"name":"Daniel Poulin","@id":"https:\/\/publication-evangelique.com\/#\/schema\/person\/a7aa86223ca614c8c1a737d18c95460c"},"headline":"L\u2019\u00c9glise est un centre d\u2019intercession.","datePublished":"2026-04-26T12:23:35+00:00","mainEntityOfPage":{"@id":"https:\/\/publication-evangelique.com\/?p=20149"},"wordCount":1059,"publisher":{"@id":"https:\/\/publication-evangelique.com\/#\/schema\/person\/a7aa86223ca614c8c1a737d18c95460c"},"image":{"@id":"https:\/\/publication-evangelique.com\/?p=20149#primaryimage"},"thumbnailUrl":"https:\/\/publication-evangelique.com\/wp-content\/uploads\/1129.jpg","keywords":["\u00e9glise","Intercession"],"articleSection":["L'\u00c9glise"],"inLanguage":"fr-FR"},{"@type":"WebPage","@id":"https:\/\/publication-evangelique.com\/?p=20149","url":"https:\/\/publication-evangelique.com\/?p=20149","name":"L\u2019\u00c9glise est un centre d\u2019intercession. - Publication \u00c9vang\u00e9lique","isPartOf":{"@id":"https:\/\/publication-evangelique.com\/#website"},"primaryImageOfPage":{"@id":"https:\/\/publication-evangelique.com\/?p=20149#primaryimage"},"image":{"@id":"https:\/\/publication-evangelique.com\/?p=20149#primaryimage"},"thumbnailUrl":"https:\/\/publication-evangelique.com\/wp-content\/uploads\/1129.jpg","datePublished":"2026-04-26T12:23:35+00:00","breadcrumb":{"@id":"https:\/\/publication-evangelique.com\/?p=20149#breadcrumb"},"inLanguage":"fr-FR","potentialAction":[{"@type":"ReadAction","target":["https:\/\/publication-evangelique.com\/?p=20149"]}]},{"@type":"ImageObject","inLanguage":"fr-FR","@id":"https:\/\/publication-evangelique.com\/?p=20149#primaryimage","url":"https:\/\/publication-evangelique.com\/wp-content\/uploads\/1129.jpg","contentUrl":"https:\/\/publication-evangelique.com\/wp-content\/uploads\/1129.jpg","width":1280,"height":691},{"@type":"BreadcrumbList","@id":"https:\/\/publication-evangelique.com\/?p=20149#breadcrumb","itemListElement":[{"@type":"ListItem","position":1,"name":"Accueil","item":"https:\/\/publication-evangelique.com\/"},{"@type":"ListItem","position":2,"name":"L\u2019\u00c9glise est un centre d\u2019intercession."}]},{"@type":"WebSite","@id":"https:\/\/publication-evangelique.com\/#website","url":"https:\/\/publication-evangelique.com\/","name":"Daniel Poulin - publication-evangelique.com","description":"Daniel Poulin","publisher":{"@id":"https:\/\/publication-evangelique.com\/#\/schema\/person\/a7aa86223ca614c8c1a737d18c95460c"},"potentialAction":[{"@type":"SearchAction","target":{"@type":"EntryPoint","urlTemplate":"https:\/\/publication-evangelique.com\/?s={search_term_string}"},"query-input":{"@type":"PropertyValueSpecification","valueRequired":true,"valueName":"search_term_string"}}],"inLanguage":"fr-FR"},{"@type":["Person","Organization"],"@id":"https:\/\/publication-evangelique.com\/#\/schema\/person\/a7aa86223ca614c8c1a737d18c95460c","name":"Daniel Poulin","image":{"@type":"ImageObject","inLanguage":"fr-FR","@id":"https:\/\/publication-evangelique.com\/wp-content\/uploads\/daniel5-1.jpg","url":"https:\/\/publication-evangelique.com\/wp-content\/uploads\/daniel5-1.jpg","contentUrl":"https:\/\/publication-evangelique.com\/wp-content\/uploads\/daniel5-1.jpg","width":833,"height":969,"caption":"Daniel Poulin"},"logo":{"@id":"https:\/\/publication-evangelique.com\/wp-content\/uploads\/daniel5-1.jpg"},"description":"Bonjour, ici Daniel Poulin! Je suis un chr\u00e9tien n\u00e9 de nouveau depuis 1980, ayant parcouru un cheminement avec le Seigneur J\u00e9sus-Christ, j'ai construit ce site afin de partager mes connaissances de la parole de Dieu \" La Bible \" Je travaille aussi au d\u00e9veloppement de la station de radio chr\u00e9tienne fran\u00e7aise \u00e0 Montr\u00e9al, \" La Radio Gospel \" que vous pouvez voir ici http:\/\/laradiogospel.ca Je fr\u00e9quente aussi une \u00e9glise, dont je pr\u00eache et j\u2019enseigne la parole de Dieu. La communaut\u00e9 \u00c9vang\u00e9lique de l'Agneau \" , voici l'adresse, http:\/\/communauteevangelique.ca\/","sameAs":["https:\/\/publication-evangelique.com","https:\/\/www.facebook.com\/danielpoulin75","https:\/\/www.linkedin.com\/in\/daniel-poulin-64614745\/","https:\/\/x.com\/https:\/\/twitter.com\/Daniel_Poulin","https:\/\/www.youtube.com\/user\/danielpoulin75\/videos"]}]}},"_links":{"self":[{"href":"https:\/\/publication-evangelique.com\/index.php?rest_route=\/wp\/v2\/posts\/20149","targetHints":{"allow":["GET"]}}],"collection":[{"href":"https:\/\/publication-evangelique.com\/index.php?rest_route=\/wp\/v2\/posts"}],"about":[{"href":"https:\/\/publication-evangelique.com\/index.php?rest_route=\/wp\/v2\/types\/post"}],"author":[{"embeddable":true,"href":"https:\/\/publication-evangelique.com\/index.php?rest_route=\/wp\/v2\/users\/1"}],"replies":[{"embeddable":true,"href":"https:\/\/publication-evangelique.com\/index.php?rest_route=%2Fwp%2Fv2%2Fcomments&post=20149"}],"version-history":[{"count":2,"href":"https:\/\/publication-evangelique.com\/index.php?rest_route=\/wp\/v2\/posts\/20149\/revisions"}],"predecessor-version":[{"id":20152,"href":"https:\/\/publication-evangelique.com\/index.php?rest_route=\/wp\/v2\/posts\/20149\/revisions\/20152"}],"wp:featuredmedia":[{"embeddable":true,"href":"https:\/\/publication-evangelique.com\/index.php?rest_route=\/wp\/v2\/media\/12926"}],"wp:attachment":[{"href":"https:\/\/publication-evangelique.com\/index.php?rest_route=%2Fwp%2Fv2%2Fmedia&parent=20149"}],"wp:term":[{"taxonomy":"category","embeddable":true,"href":"https:\/\/publication-evangelique.com\/index.php?rest_route=%2Fwp%2Fv2%2Fcategories&post=20149"},{"taxonomy":"post_tag","embeddable":true,"href":"https:\/\/publication-evangelique.com\/index.php?rest_route=%2Fwp%2Fv2%2Ftags&post=20149"}],"curies":[{"name":"wp","href":"https:\/\/api.w.org\/{rel}","templated":true}]}}