{"id":8942,"date":"2013-10-03T05:24:04","date_gmt":"2013-10-03T10:24:04","guid":{"rendered":"http:\/\/publication-evangelique.com\/?p=8942"},"modified":"2017-08-07T18:48:15","modified_gmt":"2017-08-07T23:48:15","slug":"manifestation-du-saint-esprit-nouveau-testament","status":"publish","type":"post","link":"https:\/\/publication-evangelique.com\/?p=8942","title":{"rendered":"La manifestation du Saint-Esprit dans le Nouveau Testament"},"content":{"rendered":"<h3>Les miracles ont \u00e9t\u00e9 manifest\u00e9s par l\u2019autorit\u00e9 de J\u00e9sus et l\u2019onction du Saint-Esprit<\/h3>\n<p> <audio controls= \" controls \" preload= \" none \" style= \" width:480px; \" src= \" https:\/\/publication-evangelique.com\/media\/dons_spirituels\/24\/13_10_02.mp3 \" ><\/audio><br \/>\n<strong>T\u00e9l\u00e9charger &#8211;&gt; <\/strong><a href= \" https:\/\/publication-evangelique.com\/media\/dons_spirituels\/24\/13_10_02.mp3 \" >MP3<\/a><br \/>\n&nbsp;<\/p>\n<p><strong>J\u00e9sus marchait dans la pleine puissance du Saint-Esprit<br \/>\n<a href= \" https:\/\/bible.publication-evangelique.com\/actes#10.38 \" target= \" _blank \" >Actes 10:38<\/a><\/strong> vous savez comment Dieu a oint du Saint-Esprit et de force J\u00e9sus de Nazareth, qui allait de lieu en lieu faisant du bien et gu\u00e9rissant tous ceux qui \u00e9taient sous l\u2019empire du diable, car Dieu \u00e9tait avec lui.<\/p>\n<p><strong>J\u00e9sus a envoy\u00e9 ses disciples rev\u00eatus de son autorit\u00e9 et de sa puissance<br \/>\n<a href= \" https:\/\/bible.publication-evangelique.com\/matthieu#10.1 \" target= \" _blank \" >Mathieu 10:1<\/a><\/strong> Puis, ayant appel\u00e9 ses douze disciples, il leur donna le pouvoir de chasser les esprits impurs, et de gu\u00e9rir toute maladie et toute infirmit\u00e9.<!--more--><\/p>\n<p><strong><a href= \" https:\/\/bible.publication-evangelique.com\/matthieu#12.27 \" target= \" _blank \" >Mathieu 12:27<\/a><\/strong> et si moi, je chasse les d\u00e9mons par B\u00e9elz\u00e9bul, vos fils, par qui les chassent-ils? C\u2019est pourquoi ils seront eux-m\u00eames vos juges.<\/p>\n<p><strong>Ensuite il envoya les 70 disciples avec son autorit\u00e9 et sa puissance<br \/>\n<a href= \" https:\/\/bible.publication-evangelique.com\/luc#10.17 \" target= \" _blank \" >Luc 10:17<\/a><\/strong> les soixante-dix revinrent avec joie, disant\u00a0: Seigneur, les d\u00e9mons m\u00eames nous sont soumis en ton nom. 18 J\u00e9sus leur dit\u00a0: je voyais Satan tomber du ciel comme un \u00e9clair. 19 Voici, je vous ai donn\u00e9 le pouvoir de marcher sur les serpents et les scorpions, et sur toute la puissance de l\u2019ennemi; et rien ne pourra vous nuire. 20 Cependant, ne vous r\u00e9jouissez pas de ce que les esprits vous sont soumis; mais r\u00e9jouissez-vous de ce que vos noms sont \u00e9crits dans les cieux.<\/p>\n<p><strong>L\u2019\u0153uvre accomplie par J\u00e9sus a permis la r\u00e9ception de l\u2019Esprit de Dieu et de nous permettre de voir la manifestation de sa puissance<br \/>\n<a href= \" https:\/\/bible.publication-evangelique.com\/hebreux#2.4 \" target= \" _blank \" >H\u00e9breux 2:4<\/a><\/strong> Dieu appuyant leur t\u00e9moignage par des signes, des prodiges, et divers miracles, et par les dons du Saint-Esprit distribu\u00e9s selon sa volont\u00e9.<\/p>\n<p><strong>L\u2019ap\u00f4tre Paul aussi marcha dans la puissance de Dieu<br \/>\n<a href= \" https:\/\/bible.publication-evangelique.com\/2-corinthiens#12.12 \" target= \" _blank \" >2 Corinthiens 12:12<\/a><\/strong> les preuves de mon apostolat ont \u00e9clat\u00e9 au milieu de vous par une patience \u00e0 toute \u00e9preuve, par des signes, des prodiges et des miracles.<\/p>\n<p><H3>Pour qui sont les manifestations des dons spirituels?<\/H3><\/p>\n<p><strong>Pour qui J\u00e9sus a-t-il fait la promesse du Saint-Esprit<br \/>\n<a href= \" https:\/\/bible.publication-evangelique.com\/jean#14.16 \" target= \" _blank \" >Jean 14:16-17<\/a><\/strong> et moi, je prierai le P\u00e8re, et il vous donnera un autre consolateur, afin qu\u2019il demeure \u00e9ternellement avec vous, 17 l\u2019Esprit de v\u00e9rit\u00e9, que le monde ne peut recevoir, parce qu\u2019il ne le voit point et ne le conna\u00eet point; mais vous, vous le connaissez, car il demeure avec vous, et il sera en vous.<\/p>\n<p><strong><a href= \" https:\/\/bible.publication-evangelique.com\/jean#16.7 \" target= \" _blank \" >Jean 16:7-8<\/a><\/strong> cependant je vous dis la v\u00e9rit\u00e9\u00a0: il vous est avantageux que je m\u2019en aille, car si je ne m\u2019en vais pas, le consolateur ne viendra pas vers vous; mais, si je m\u2019en vais, je vous l\u2019enverrai. 8 Et quand il sera venu, il convaincra le monde en ce qui concerne le p\u00e9ch\u00e9, la justice, et le jugement\u00a0:<\/p>\n<p><strong>Le Saint-Esprit a \u00e9t\u00e9 promis et qu\u2019il agirait avec puissance<br \/>\n<a href= \" https:\/\/bible.publication-evangelique.com\/actes#1.8 \" target= \" _blank \" >Actes 1:8<\/a><\/strong> mais vous recevrez une puissance, le Saint-Esprit survenant sur vous, et vous serez mes t\u00e9moins \u00e0 J\u00e9rusalem, dans toute la Jud\u00e9e, dans la Samarie, et jusqu\u2019aux extr\u00e9mit\u00e9s de la terre.<\/p>\n<p><strong>Une autre promesse de Dieu, les dons spirituels se manifesteront par son Esprit<br \/>\n<a href= \" https:\/\/bible.publication-evangelique.com\/actes#2.17 \" target= \" _blank \" >Actes 2:17-21<\/a><\/strong> dans les derniers jours, dit Dieu, je r\u00e9pandrai de mon Esprit sur toute chair; vos fils et vos filles proph\u00e9tiseront, vos jeunes gens auront des visions, et vos vieillards auront des songes. 18 Oui, sur mes serviteurs et sur mes servantes, dans ces jours-l\u00e0, je r\u00e9pandrai de mon Esprit; et ils proph\u00e9tiseront. 19 Je ferai para\u00eetre des prodiges en haut dans le ciel et des miracles en bas sur la terre, du sang, du feu, et une vapeur de fum\u00e9e; 20 Le soleil se changera en t\u00e9n\u00e8bres, et la lune en sang, avant l\u2019arriv\u00e9e du jour du Seigneur, de ce jour grand et glorieux. 21 Alors quiconque invoquera le nom du Seigneur sera sauv\u00e9.<\/p>\n<p><strong>Les dons spirituels sont pour ceux qui ont la foi<br \/>\n<a href= \" https:\/\/bible.publication-evangelique.com\/marc#16.17 \" target= \" _blank \" >Marc 16:17-18<\/a><\/strong> voici les miracles qui accompagneront ceux qui auront cru\u00a0: en mon nom, ils chasseront les d\u00e9mons; ils parleront de nouvelles langues; 18 ils saisiront des serpents; s\u2019ils boivent quelque breuvage mortel, il ne leur fera point de mal; ils imposeront les mains aux malades, et les malades, seront gu\u00e9ris.<\/p>\n<p>&#8212;&#8212;&#8212;&#8212;&#8212;&#8212;<\/p>\n<p>Daniel Poulin<br \/>\n<a title= \" Publication \u00c9vang\u00e9lique \" href= \" https:\/\/publication-evangelique.com \" target= \" _blank \" >https:\/\/publication-evangelique.com<\/a><\/p>\n<p><strong>Adresse de ce blogue :<\/strong> <a href= \" https:\/\/publication-evangelique.com\/?p=8942 \" > https:\/\/publication-evangelique.com\/?p=8942<\/a><\/p>\n<p><strong>De la s\u00e9rie : <\/strong> <a href= \" https:\/\/publication-evangelique.com\/?page_id=8887 \" > Les dons spirituels<\/a><\/p>\n","protected":false},"excerpt":{"rendered":"<p>Les miracles ont \u00e9t\u00e9 manifest\u00e9s par l\u2019autorit\u00e9 de J\u00e9sus et l\u2019onction du Saint-Esprit. J\u00e9sus marchait dans la pleine puissance du Saint-Esprit<\/p>\n <a class=\"more-link\" href=\"https:\/\/publication-evangelique.com\/?p=8942\"><span class=\"more-msg\">Lire la suite &rarr;<\/span><\/a>","protected":false},"author":1,"featured_media":13065,"comment_status":"open","ping_status":"open","sticky":false,"template":"","format":"standard","meta":{"footnotes":""},"categories":[578],"tags":[579,682,583],"class_list":["post-8942","post","type-post","status-publish","format-standard","has-post-thumbnail","hentry","category-dons-spirituels-2","tag-dons","tag-saint-esprit-2","tag-spirituels"],"yoast_head":"<!-- This site is optimized with the Yoast SEO plugin v27.4 - https:\/\/yoast.com\/product\/yoast-seo-wordpress\/ -->\n<title>La manifestation du Saint-Esprit dans le Nouveau Testament - Publication \u00c9vang\u00e9lique<\/title>\n<meta name=\"description\" content=\"Les miracles ont \u00e9t\u00e9 manifest\u00e9s par l\u2019autorit\u00e9 de J\u00e9sus et l\u2019onction du Saint-Esprit. J\u00e9sus marchait dans la pleine puissance du Saint-Esprit\" \/>\n<meta name=\"robots\" content=\"index, follow, max-snippet:-1, max-image-preview:large, max-video-preview:-1\" \/>\n<link rel=\"canonical\" href=\"https:\/\/publication-evangelique.com\/?p=8942\" \/>\n<meta property=\"og:locale\" content=\"fr_FR\" \/>\n<meta property=\"og:type\" content=\"article\" \/>\n<meta property=\"og:title\" content=\"La manifestation du Saint-Esprit dans le Nouveau Testament - Publication \u00c9vang\u00e9lique\" \/>\n<meta property=\"og:description\" content=\"Les miracles ont \u00e9t\u00e9 manifest\u00e9s par l\u2019autorit\u00e9 de J\u00e9sus et l\u2019onction du Saint-Esprit. J\u00e9sus marchait dans la pleine puissance du Saint-Esprit\" \/>\n<meta property=\"og:url\" content=\"https:\/\/publication-evangelique.com\/?p=8942\" \/>\n<meta property=\"og:site_name\" content=\"Publication \u00c9vang\u00e9lique\" \/>\n<meta property=\"article:publisher\" content=\"https:\/\/www.facebook.com\/danielpoulin75\" \/>\n<meta property=\"article:author\" content=\"https:\/\/www.facebook.com\/danielpoulin75\" \/>\n<meta property=\"article:published_time\" content=\"2013-10-03T10:24:04+00:00\" \/>\n<meta property=\"article:modified_time\" content=\"2017-08-07T23:48:15+00:00\" \/>\n<meta property=\"og:image\" content=\"https:\/\/publication-evangelique.com\/wp-content\/uploads\/1268.jpg\" \/>\n\t<meta property=\"og:image:width\" content=\"1280\" \/>\n\t<meta property=\"og:image:height\" content=\"960\" \/>\n\t<meta property=\"og:image:type\" content=\"image\/jpeg\" \/>\n<meta name=\"author\" content=\"Daniel Poulin\" \/>\n<meta name=\"twitter:label1\" content=\"\u00c9crit par\" \/>\n\t<meta name=\"twitter:data1\" content=\"Daniel Poulin\" \/>\n\t<meta name=\"twitter:label2\" content=\"Dur\u00e9e de lecture estim\u00e9e\" \/>\n\t<meta name=\"twitter:data2\" content=\"4 minutes\" \/>\n<script type=\"application\/ld+json\" class=\"yoast-schema-graph\">{\"@context\":\"https:\\\/\\\/schema.org\",\"@graph\":[{\"@type\":\"Article\",\"@id\":\"https:\\\/\\\/publication-evangelique.com\\\/?p=8942#article\",\"isPartOf\":{\"@id\":\"https:\\\/\\\/publication-evangelique.com\\\/?p=8942\"},\"author\":{\"name\":\"Daniel Poulin\",\"@id\":\"https:\\\/\\\/publication-evangelique.com\\\/#\\\/schema\\\/person\\\/a7aa86223ca614c8c1a737d18c95460c\"},\"headline\":\"La manifestation du Saint-Esprit dans le Nouveau Testament\",\"datePublished\":\"2013-10-03T10:24:04+00:00\",\"dateModified\":\"2017-08-07T23:48:15+00:00\",\"mainEntityOfPage\":{\"@id\":\"https:\\\/\\\/publication-evangelique.com\\\/?p=8942\"},\"wordCount\":750,\"commentCount\":0,\"publisher\":{\"@id\":\"https:\\\/\\\/publication-evangelique.com\\\/#\\\/schema\\\/person\\\/a7aa86223ca614c8c1a737d18c95460c\"},\"image\":{\"@id\":\"https:\\\/\\\/publication-evangelique.com\\\/?p=8942#primaryimage\"},\"thumbnailUrl\":\"https:\\\/\\\/publication-evangelique.com\\\/wp-content\\\/uploads\\\/1268.jpg\",\"keywords\":[\"dons\",\"Saint-Esprit\",\"spirituels\"],\"articleSection\":[\"dons spirituels\"],\"inLanguage\":\"fr-FR\"},{\"@type\":\"WebPage\",\"@id\":\"https:\\\/\\\/publication-evangelique.com\\\/?p=8942\",\"url\":\"https:\\\/\\\/publication-evangelique.com\\\/?p=8942\",\"name\":\"La manifestation du Saint-Esprit dans le Nouveau Testament - Publication \u00c9vang\u00e9lique\",\"isPartOf\":{\"@id\":\"https:\\\/\\\/publication-evangelique.com\\\/#website\"},\"primaryImageOfPage\":{\"@id\":\"https:\\\/\\\/publication-evangelique.com\\\/?p=8942#primaryimage\"},\"image\":{\"@id\":\"https:\\\/\\\/publication-evangelique.com\\\/?p=8942#primaryimage\"},\"thumbnailUrl\":\"https:\\\/\\\/publication-evangelique.com\\\/wp-content\\\/uploads\\\/1268.jpg\",\"datePublished\":\"2013-10-03T10:24:04+00:00\",\"dateModified\":\"2017-08-07T23:48:15+00:00\",\"description\":\"Les miracles ont \u00e9t\u00e9 manifest\u00e9s par l\u2019autorit\u00e9 de J\u00e9sus et l\u2019onction du Saint-Esprit. J\u00e9sus marchait dans la pleine puissance du Saint-Esprit\",\"breadcrumb\":{\"@id\":\"https:\\\/\\\/publication-evangelique.com\\\/?p=8942#breadcrumb\"},\"inLanguage\":\"fr-FR\",\"potentialAction\":[{\"@type\":\"ReadAction\",\"target\":[\"https:\\\/\\\/publication-evangelique.com\\\/?p=8942\"]}]},{\"@type\":\"ImageObject\",\"inLanguage\":\"fr-FR\",\"@id\":\"https:\\\/\\\/publication-evangelique.com\\\/?p=8942#primaryimage\",\"url\":\"https:\\\/\\\/publication-evangelique.com\\\/wp-content\\\/uploads\\\/1268.jpg\",\"contentUrl\":\"https:\\\/\\\/publication-evangelique.com\\\/wp-content\\\/uploads\\\/1268.jpg\",\"width\":1280,\"height\":960},{\"@type\":\"BreadcrumbList\",\"@id\":\"https:\\\/\\\/publication-evangelique.com\\\/?p=8942#breadcrumb\",\"itemListElement\":[{\"@type\":\"ListItem\",\"position\":1,\"name\":\"Accueil\",\"item\":\"https:\\\/\\\/publication-evangelique.com\\\/\"},{\"@type\":\"ListItem\",\"position\":2,\"name\":\"La manifestation du Saint-Esprit dans le Nouveau Testament\"}]},{\"@type\":\"WebSite\",\"@id\":\"https:\\\/\\\/publication-evangelique.com\\\/#website\",\"url\":\"https:\\\/\\\/publication-evangelique.com\\\/\",\"name\":\"Daniel Poulin - publication-evangelique.com\",\"description\":\"Daniel Poulin\",\"publisher\":{\"@id\":\"https:\\\/\\\/publication-evangelique.com\\\/#\\\/schema\\\/person\\\/a7aa86223ca614c8c1a737d18c95460c\"},\"potentialAction\":[{\"@type\":\"SearchAction\",\"target\":{\"@type\":\"EntryPoint\",\"urlTemplate\":\"https:\\\/\\\/publication-evangelique.com\\\/?s={search_term_string}\"},\"query-input\":{\"@type\":\"PropertyValueSpecification\",\"valueRequired\":true,\"valueName\":\"search_term_string\"}}],\"inLanguage\":\"fr-FR\"},{\"@type\":[\"Person\",\"Organization\"],\"@id\":\"https:\\\/\\\/publication-evangelique.com\\\/#\\\/schema\\\/person\\\/a7aa86223ca614c8c1a737d18c95460c\",\"name\":\"Daniel Poulin\",\"image\":{\"@type\":\"ImageObject\",\"inLanguage\":\"fr-FR\",\"@id\":\"https:\\\/\\\/publication-evangelique.com\\\/wp-content\\\/uploads\\\/daniel5-1.jpg\",\"url\":\"https:\\\/\\\/publication-evangelique.com\\\/wp-content\\\/uploads\\\/daniel5-1.jpg\",\"contentUrl\":\"https:\\\/\\\/publication-evangelique.com\\\/wp-content\\\/uploads\\\/daniel5-1.jpg\",\"width\":833,\"height\":969,\"caption\":\"Daniel Poulin\"},\"logo\":{\"@id\":\"https:\\\/\\\/publication-evangelique.com\\\/wp-content\\\/uploads\\\/daniel5-1.jpg\"},\"description\":\"Bonjour, ici Daniel Poulin! Je suis un chr\u00e9tien n\u00e9 de nouveau depuis 1980, ayant parcouru un cheminement avec le Seigneur J\u00e9sus-Christ, j'ai construit ce site afin de partager mes connaissances de la parole de Dieu \\\" La Bible \\\" Je travaille aussi au d\u00e9veloppement de la station de radio chr\u00e9tienne fran\u00e7aise \u00e0 Montr\u00e9al, \\\" La Radio Gospel \\\" que vous pouvez voir ici http:\\\/\\\/laradiogospel.ca Je fr\u00e9quente aussi une \u00e9glise, dont je pr\u00eache et j\u2019enseigne la parole de Dieu. La communaut\u00e9 \u00c9vang\u00e9lique de l'Agneau \\\" , voici l'adresse, http:\\\/\\\/communauteevangelique.ca\\\/\",\"sameAs\":[\"https:\\\/\\\/publication-evangelique.com\",\"https:\\\/\\\/www.facebook.com\\\/danielpoulin75\",\"https:\\\/\\\/www.linkedin.com\\\/in\\\/daniel-poulin-64614745\\\/\",\"https:\\\/\\\/x.com\\\/https:\\\/\\\/twitter.com\\\/Daniel_Poulin\",\"https:\\\/\\\/www.youtube.com\\\/user\\\/danielpoulin75\\\/videos\"]}]}<\/script>\n<!-- \/ Yoast SEO plugin. -->","yoast_head_json":{"title":"La manifestation du Saint-Esprit dans le Nouveau Testament - Publication \u00c9vang\u00e9lique","description":"Les miracles ont \u00e9t\u00e9 manifest\u00e9s par l\u2019autorit\u00e9 de J\u00e9sus et l\u2019onction du Saint-Esprit. J\u00e9sus marchait dans la pleine puissance du Saint-Esprit","robots":{"index":"index","follow":"follow","max-snippet":"max-snippet:-1","max-image-preview":"max-image-preview:large","max-video-preview":"max-video-preview:-1"},"canonical":"https:\/\/publication-evangelique.com\/?p=8942","og_locale":"fr_FR","og_type":"article","og_title":"La manifestation du Saint-Esprit dans le Nouveau Testament - Publication \u00c9vang\u00e9lique","og_description":"Les miracles ont \u00e9t\u00e9 manifest\u00e9s par l\u2019autorit\u00e9 de J\u00e9sus et l\u2019onction du Saint-Esprit. J\u00e9sus marchait dans la pleine puissance du Saint-Esprit","og_url":"https:\/\/publication-evangelique.com\/?p=8942","og_site_name":"Publication \u00c9vang\u00e9lique","article_publisher":"https:\/\/www.facebook.com\/danielpoulin75","article_author":"https:\/\/www.facebook.com\/danielpoulin75","article_published_time":"2013-10-03T10:24:04+00:00","article_modified_time":"2017-08-07T23:48:15+00:00","og_image":[{"width":1280,"height":960,"url":"https:\/\/publication-evangelique.com\/wp-content\/uploads\/1268.jpg","type":"image\/jpeg"}],"author":"Daniel Poulin","twitter_misc":{"\u00c9crit par":"Daniel Poulin","Dur\u00e9e de lecture estim\u00e9e":"4 minutes"},"schema":{"@context":"https:\/\/schema.org","@graph":[{"@type":"Article","@id":"https:\/\/publication-evangelique.com\/?p=8942#article","isPartOf":{"@id":"https:\/\/publication-evangelique.com\/?p=8942"},"author":{"name":"Daniel Poulin","@id":"https:\/\/publication-evangelique.com\/#\/schema\/person\/a7aa86223ca614c8c1a737d18c95460c"},"headline":"La manifestation du Saint-Esprit dans le Nouveau Testament","datePublished":"2013-10-03T10:24:04+00:00","dateModified":"2017-08-07T23:48:15+00:00","mainEntityOfPage":{"@id":"https:\/\/publication-evangelique.com\/?p=8942"},"wordCount":750,"commentCount":0,"publisher":{"@id":"https:\/\/publication-evangelique.com\/#\/schema\/person\/a7aa86223ca614c8c1a737d18c95460c"},"image":{"@id":"https:\/\/publication-evangelique.com\/?p=8942#primaryimage"},"thumbnailUrl":"https:\/\/publication-evangelique.com\/wp-content\/uploads\/1268.jpg","keywords":["dons","Saint-Esprit","spirituels"],"articleSection":["dons spirituels"],"inLanguage":"fr-FR"},{"@type":"WebPage","@id":"https:\/\/publication-evangelique.com\/?p=8942","url":"https:\/\/publication-evangelique.com\/?p=8942","name":"La manifestation du Saint-Esprit dans le Nouveau Testament - Publication \u00c9vang\u00e9lique","isPartOf":{"@id":"https:\/\/publication-evangelique.com\/#website"},"primaryImageOfPage":{"@id":"https:\/\/publication-evangelique.com\/?p=8942#primaryimage"},"image":{"@id":"https:\/\/publication-evangelique.com\/?p=8942#primaryimage"},"thumbnailUrl":"https:\/\/publication-evangelique.com\/wp-content\/uploads\/1268.jpg","datePublished":"2013-10-03T10:24:04+00:00","dateModified":"2017-08-07T23:48:15+00:00","description":"Les miracles ont \u00e9t\u00e9 manifest\u00e9s par l\u2019autorit\u00e9 de J\u00e9sus et l\u2019onction du Saint-Esprit. J\u00e9sus marchait dans la pleine puissance du Saint-Esprit","breadcrumb":{"@id":"https:\/\/publication-evangelique.com\/?p=8942#breadcrumb"},"inLanguage":"fr-FR","potentialAction":[{"@type":"ReadAction","target":["https:\/\/publication-evangelique.com\/?p=8942"]}]},{"@type":"ImageObject","inLanguage":"fr-FR","@id":"https:\/\/publication-evangelique.com\/?p=8942#primaryimage","url":"https:\/\/publication-evangelique.com\/wp-content\/uploads\/1268.jpg","contentUrl":"https:\/\/publication-evangelique.com\/wp-content\/uploads\/1268.jpg","width":1280,"height":960},{"@type":"BreadcrumbList","@id":"https:\/\/publication-evangelique.com\/?p=8942#breadcrumb","itemListElement":[{"@type":"ListItem","position":1,"name":"Accueil","item":"https:\/\/publication-evangelique.com\/"},{"@type":"ListItem","position":2,"name":"La manifestation du Saint-Esprit dans le Nouveau Testament"}]},{"@type":"WebSite","@id":"https:\/\/publication-evangelique.com\/#website","url":"https:\/\/publication-evangelique.com\/","name":"Daniel Poulin - publication-evangelique.com","description":"Daniel Poulin","publisher":{"@id":"https:\/\/publication-evangelique.com\/#\/schema\/person\/a7aa86223ca614c8c1a737d18c95460c"},"potentialAction":[{"@type":"SearchAction","target":{"@type":"EntryPoint","urlTemplate":"https:\/\/publication-evangelique.com\/?s={search_term_string}"},"query-input":{"@type":"PropertyValueSpecification","valueRequired":true,"valueName":"search_term_string"}}],"inLanguage":"fr-FR"},{"@type":["Person","Organization"],"@id":"https:\/\/publication-evangelique.com\/#\/schema\/person\/a7aa86223ca614c8c1a737d18c95460c","name":"Daniel Poulin","image":{"@type":"ImageObject","inLanguage":"fr-FR","@id":"https:\/\/publication-evangelique.com\/wp-content\/uploads\/daniel5-1.jpg","url":"https:\/\/publication-evangelique.com\/wp-content\/uploads\/daniel5-1.jpg","contentUrl":"https:\/\/publication-evangelique.com\/wp-content\/uploads\/daniel5-1.jpg","width":833,"height":969,"caption":"Daniel Poulin"},"logo":{"@id":"https:\/\/publication-evangelique.com\/wp-content\/uploads\/daniel5-1.jpg"},"description":"Bonjour, ici Daniel Poulin! Je suis un chr\u00e9tien n\u00e9 de nouveau depuis 1980, ayant parcouru un cheminement avec le Seigneur J\u00e9sus-Christ, j'ai construit ce site afin de partager mes connaissances de la parole de Dieu \" La Bible \" Je travaille aussi au d\u00e9veloppement de la station de radio chr\u00e9tienne fran\u00e7aise \u00e0 Montr\u00e9al, \" La Radio Gospel \" que vous pouvez voir ici http:\/\/laradiogospel.ca Je fr\u00e9quente aussi une \u00e9glise, dont je pr\u00eache et j\u2019enseigne la parole de Dieu. La communaut\u00e9 \u00c9vang\u00e9lique de l'Agneau \" , voici l'adresse, http:\/\/communauteevangelique.ca\/","sameAs":["https:\/\/publication-evangelique.com","https:\/\/www.facebook.com\/danielpoulin75","https:\/\/www.linkedin.com\/in\/daniel-poulin-64614745\/","https:\/\/x.com\/https:\/\/twitter.com\/Daniel_Poulin","https:\/\/www.youtube.com\/user\/danielpoulin75\/videos"]}]}},"_links":{"self":[{"href":"https:\/\/publication-evangelique.com\/index.php?rest_route=\/wp\/v2\/posts\/8942","targetHints":{"allow":["GET"]}}],"collection":[{"href":"https:\/\/publication-evangelique.com\/index.php?rest_route=\/wp\/v2\/posts"}],"about":[{"href":"https:\/\/publication-evangelique.com\/index.php?rest_route=\/wp\/v2\/types\/post"}],"author":[{"embeddable":true,"href":"https:\/\/publication-evangelique.com\/index.php?rest_route=\/wp\/v2\/users\/1"}],"replies":[{"embeddable":true,"href":"https:\/\/publication-evangelique.com\/index.php?rest_route=%2Fwp%2Fv2%2Fcomments&post=8942"}],"version-history":[{"count":0,"href":"https:\/\/publication-evangelique.com\/index.php?rest_route=\/wp\/v2\/posts\/8942\/revisions"}],"wp:featuredmedia":[{"embeddable":true,"href":"https:\/\/publication-evangelique.com\/index.php?rest_route=\/wp\/v2\/media\/13065"}],"wp:attachment":[{"href":"https:\/\/publication-evangelique.com\/index.php?rest_route=%2Fwp%2Fv2%2Fmedia&parent=8942"}],"wp:term":[{"taxonomy":"category","embeddable":true,"href":"https:\/\/publication-evangelique.com\/index.php?rest_route=%2Fwp%2Fv2%2Fcategories&post=8942"},{"taxonomy":"post_tag","embeddable":true,"href":"https:\/\/publication-evangelique.com\/index.php?rest_route=%2Fwp%2Fv2%2Ftags&post=8942"}],"curies":[{"name":"wp","href":"https:\/\/api.w.org\/{rel}","templated":true}]}}